{"id":1064195,"date":"2026-06-02T11:33:16","date_gmt":"2026-06-02T11:33:16","guid":{"rendered":"https:\/\/www.europesays.com\/de\/1064195\/"},"modified":"2026-06-02T11:33:16","modified_gmt":"2026-06-02T11:33:16","slug":"mg-stellt-die-weichen-fuer-den-naechsten-grossen-schritt-in-europa","status":"publish","type":"post","link":"https:\/\/www.europesays.com\/de\/1064195\/","title":{"rendered":"MG stellt die Weichen f\u00fcr den n\u00e4chsten gro\u00dfen Schritt in Europa"},"content":{"rendered":"<p>Mit dem neuen Werk reagiert MG auf die <strong>fortschreitende Transformation<\/strong> der europ\u00e4ischen Automobilindustrie in Richtung emissionsfreier Mobilit\u00e4t. Das Unternehmen setzt dabei auf lokale Produktion, Investitionen in Forschung und Entwicklung sowie <a href=\"https:\/\/firmenwagen.co.at\/thema\/e-mobilitaet\/\" rel=\"nofollow noopener\" target=\"_blank\"><strong>Elektro- und Hybridtechnologien<\/strong><\/a>.<\/p>\n<p>\u201eDurch Investitionen in lokale Kompetenzen, eine st\u00e4rkere europ\u00e4ische Pr\u00e4senz und ein wettbewerbsf\u00e4higeres automobiles \u00d6kosystem beschleunigen wir Europas Weg in eine intelligentere und nachhaltigere Mobilit\u00e4tszukunft\u201c, sagt <strong>William Wang<\/strong>, Managing Director von MG Europe.<\/p>\n<p>Mit dem geplanten Werk in Spanien baut MG seine industrielle Pr\u00e4senz in Europa weiter aus und schafft zus\u00e4tzliche Kapazit\u00e4ten f\u00fcr die Versorgung der europ\u00e4ischen M\u00e4rkte.<\/p>\n","protected":false},"excerpt":{"rendered":"Mit dem neuen Werk reagiert MG auf die fortschreitende Transformation der europ\u00e4ischen Automobilindustrie in Richtung emissionsfreier Mobilit\u00e4t. Das&hellip;\n","protected":false},"author":2,"featured_media":1064196,"comment_status":"","ping_status":"","sticky":false,"template":"","format":"standard","meta":{"footnotes":"","_share_on_mastodon":"0"},"categories":[3933],"tags":[331,332,41238,548,663,158,3934,3935,9838,43910,43913,43911,13,43912,14,15,1892,12,5019],"class_list":["post-1064195","post","type-post","status-publish","format-standard","has-post-thumbnail","category-eu","tag-aktuelle-nachrichten","tag-aktuelle-news","tag-autotest","tag-eu","tag-europa","tag-europaeische-union","tag-europe","tag-european-union","tag-finanzierung","tag-firmenwagen","tag-flottenmanagement","tag-fuhrpark","tag-headlines","tag-leasing","tag-nachrichten","tag-news","tag-pkw","tag-schlagzeilen","tag-versicherung"],"share_on_mastodon":{"url":"https:\/\/pubeurope.com\/@de\/116680301644446940","error":""},"_links":{"self":[{"href":"https:\/\/www.europesays.com\/de\/wp-json\/wp\/v2\/posts\/1064195","targetHints":{"allow":["GET"]}}],"collection":[{"href":"https:\/\/www.europesays.com\/de\/wp-json\/wp\/v2\/posts"}],"about":[{"href":"https:\/\/www.europesays.com\/de\/wp-json\/wp\/v2\/types\/post"}],"author":[{"embeddable":true,"href":"https:\/\/www.europesays.com\/de\/wp-json\/wp\/v2\/users\/2"}],"replies":[{"embeddable":true,"href":"https:\/\/www.europesays.com\/de\/wp-json\/wp\/v2\/comments?post=1064195"}],"version-history":[{"count":0,"href":"https:\/\/www.europesays.com\/de\/wp-json\/wp\/v2\/posts\/1064195\/revisions"}],"wp:featuredmedia":[{"embeddable":true,"href":"https:\/\/www.europesays.com\/de\/wp-json\/wp\/v2\/media\/1064196"}],"wp:attachment":[{"href":"https:\/\/www.europesays.com\/de\/wp-json\/wp\/v2\/media?parent=1064195"}],"wp:term":[{"taxonomy":"category","embeddable":true,"href":"https:\/\/www.europesays.com\/de\/wp-json\/wp\/v2\/categories?post=1064195"},{"taxonomy":"post_tag","embeddable":true,"href":"https:\/\/www.europesays.com\/de\/wp-json\/wp\/v2\/tags?post=1064195"}],"curies":[{"name":"wp","href":"https:\/\/api.w.org\/{rel}","templated":true}]}}