{"id":1064280,"date":"2026-06-02T12:21:15","date_gmt":"2026-06-02T12:21:15","guid":{"rendered":"https:\/\/www.europesays.com\/de\/1064280\/"},"modified":"2026-06-02T12:21:15","modified_gmt":"2026-06-02T12:21:15","slug":"tennis-french-open-paris-r-jodar-gegen-a-zverev-liveticker-viertelfinale-2026","status":"publish","type":"post","link":"https:\/\/www.europesays.com\/de\/1064280\/","title":{"rendered":"Tennis French Open Paris: R. Jodar gegen A. Zverev &#8211; Liveticker &#8211; Viertelfinale &#8211; 2026"},"content":{"rendered":"<li class=\"liveticker\" data-competition_id=\"907\" data-match_id=\"11753578\">\n<p>13:57<\/p>\n<p>Vorteile bei Zverev<\/p>\n<p>In einem Duell der Generationen, wobei Alexander Zverev erst vor rund eineinhalb Monaten 29 Jahre alt geworden ist, hat der Deutsche die Vorteile auf seiner Seite. Im Gegensatz zu Rafael Jodar hat die Nummer drei der Welt deutlich weniger Spielzeit bislang gesammelt. Einzig gegen Quentin Halys musste Zverev einen Satz abgeben. Dazu kommt die gro\u00dfe Erfahrung aus 40 bisherigen Grand-Slam-Teilnahmen, die vor allem in der zweiten Woche \u00fcberaus hilfreich sein d\u00fcrfte. Allerdings ist der Iberer nicht zu untersch\u00e4tzen. Vor allem mental scheint der 19-J\u00e4hrige sehr stark zu sein. So konnte er erst gegen\u00a0Alex Michelsen einen 1:2-R\u00fcckstand noch drehen und die n\u00e4chsten beiden S\u00e4tze jeweils mit 6:3 gewinnen, ehe der Youngster auch gegen seinen Landsmann\u00a0Pablo Carre\u00f1o Busta klar zur\u00fccklag. Nachdem die ersten beiden Durchg\u00e4nge jeweils mit 6:4 an\u00a0Carre\u00f1o Busta gingen, drehte Jodar auf und schmiss den 34-J\u00e4hrigen nach einem 6:1, 6:2 und 6:2 aus dem Turnier. Somit d\u00fcrfte auch Zverev vor dem Jungspund gewarnt sein.<\/p>\n<\/li>\n<li class=\"liveticker\" data-competition_id=\"907\" data-match_id=\"11753578\">\n<p>13:49<\/p>\n<p>Breakout-Jahr f\u00fcr Jodar<\/p>\n<p>Bis zum Beginn dieses Jahres war Rafael Jodar nahezu ausschlie\u00dflich auf der Challenger-Tour unterwegs. Nach seinem Sieg Mitte Dezember bei den Next-Gen-Finals folgte ein nahezu kometenhafter Aufstieg des 19-J\u00e4hrigen. Als Qualifikant zog der Iberer bis in Runde zwei der Australian Open ein, ehe er dort mit 0:3 gegen\u00a0Jakub Men\u0161ik verlor. Anschlie\u00dfend konnte er sich zwar f\u00fcr weitere ATP-Turniere qualifizieren, doch die tiefen Runs blieben aus. Erst mit dem Auftakt in die Sandplatzsaison explodierte Jodar. Sein erstes ATP-Turnier auf Sand gewann er gleich sehr souver\u00e4n in Marrakesch. Im Anschluss ging es in Barcelona bis ins Halbfinale, ehe in Madrid ein Viertelfinal-Aus gegen Jannik Sinner folgte. Auch in Rom gab es eine Niederlage unter den besten Acht. Dennoch ist es ein \u00fcberragendes Abschneiden des\u00a0Madrilenen, der sich durch seine starken Auftritte bis auf Rang 29 der ATP-Liste vorgearbeitet hat.<\/p>\n<\/li>\n<li class=\"liveticker\" data-competition_id=\"907\" data-match_id=\"11753578\">\n<p>13:40<\/p>\n<p>Kr\u00f6nung im 41. Anlauf?<\/p>\n<p>F\u00fcr Alexander Zverev standen die Chancen auf einen Grand-Slam-Titel nie so gut wie beim Turnier von Roland Garros im Jahr 2026. Die beiden \u00dcberflieger der letzten Jahre, Jannik Sinner und Carlos Alcaraz, stehen aus unterschiedlichen Gr\u00fcnden nicht im Viertelfinale. Somit k\u00f6nnen die beiden Rivalen den geb\u00fcrtigen Hamburger nicht mehr stoppen. In seinen 40 Anl\u00e4ufen, eine der begehrten vier Troph\u00e4en gen Himmel zu recken, gab es unter anderem drei Finalteilnahmen. Dazu unz\u00e4hlige Halbfinals, darunter alleine vier aufeinanderfolgende Semifinals in Paris zwischen den Jahren 2021 und 2024. Ein m\u00f6glicher Erfolg w\u00fcrde den Ort seiner wom\u00f6glich bittersten Stunden, die schwere Fu\u00dfverletzung, die sich Zverev 2022 gegen Rafael Nadal zuzog, zu einem Ort der Freude verwandeln. Damit dies jedoch gelingt, muss erst einmal Rafael Jodar bezwungen werden.<\/p>\n<\/li>\n<li class=\"liveticker\" data-competition_id=\"907\" data-match_id=\"11753578\">\n<p>13:26<\/p>\n<p>Favoritensterben in Paris<\/p>\n<p>Eine der spektakul\u00e4rsten Ausgaben der French Open befindet sich bereits in der zweiten Turnierwoche. Nach dem R\u00fcckzieher von Carlos Alcaraz schien der n\u00e4chste Grand-Slam-Titel f\u00fcr Jannik Sinner bereits besiegelt. Doch v\u00f6llig unerwartet flog der S\u00fcdtiroler im Duell mit\u00a0Juan Manuel Cer\u00fandolo, trotz einer 2:0-Satzf\u00fchrung und einem 5:1 im dritten Durchgang, raus. Allerdings ist nicht nur die Nummer eins der Welt im bisherigen Verlauf herausgeflogen. Neben dem Italiener erwischte es auch bereits Novak Djokovic, Ben Shelton, Daniil Medvedev, Taylor Fritz, Alex de Minaur und Alexander Bublik, sodass nur noch drei der zehn bestgesetzten Spieler dabei sind. Mit Felix Auger-Aliassime und Flavio Cobolli treffen die Nummer vier und die Nummer zehn der Setzliste im Viertelfinale am morgigen Mittwoch aufeinander. Alexander Zverev, die Nummer drei der ATP-Rankings, trifft unterdessen auf\u00a0Rafael Jodar.<\/p>\n<\/li>\n<li class=\"liveticker\" data-competition_id=\"907\" data-match_id=\"11753578\">\n<p>13:15<\/p>\n<p>Herzlich willkommen<\/p>\n<p>Hallo und herzlich willkommen zum ersten Viertelfinale der French Open 2026! Im Anschluss an die Partie zwischen\u00a0Elina Svitolina und\u00a0Marta Kostyuk starten Rafael Jodar und Alexander Zverev in ihr Match.<\/p>\n<\/li>\n","protected":false},"excerpt":{"rendered":"13:57 Vorteile bei Zverev In einem Duell der Generationen, wobei Alexander Zverev erst vor rund eineinhalb Monaten 29&hellip;\n","protected":false},"author":2,"featured_media":930205,"comment_status":"","ping_status":"","sticky":false,"template":"","format":"standard","meta":{"footnotes":"","_share_on_mastodon":"0"},"categories":[136],"tags":[242,10329,29,54501,30,188,43320,226924,265,4206,11915],"class_list":["post-1064280","post","type-post","status-publish","format-standard","has-post-thumbnail","category-sport","tag-242","tag-alexander-zverev","tag-deutschland","tag-french-open-paris","tag-germany","tag-liveticker","tag-mu00e4nner","tag-rafael-jodar","tag-sport","tag-tennis","tag-viertelfinale"],"share_on_mastodon":{"url":"https:\/\/pubeurope.com\/@de\/116680490153046766","error":""},"_links":{"self":[{"href":"https:\/\/www.europesays.com\/de\/wp-json\/wp\/v2\/posts\/1064280","targetHints":{"allow":["GET"]}}],"collection":[{"href":"https:\/\/www.europesays.com\/de\/wp-json\/wp\/v2\/posts"}],"about":[{"href":"https:\/\/www.europesays.com\/de\/wp-json\/wp\/v2\/types\/post"}],"author":[{"embeddable":true,"href":"https:\/\/www.europesays.com\/de\/wp-json\/wp\/v2\/users\/2"}],"replies":[{"embeddable":true,"href":"https:\/\/www.europesays.com\/de\/wp-json\/wp\/v2\/comments?post=1064280"}],"version-history":[{"count":0,"href":"https:\/\/www.europesays.com\/de\/wp-json\/wp\/v2\/posts\/1064280\/revisions"}],"wp:featuredmedia":[{"embeddable":true,"href":"https:\/\/www.europesays.com\/de\/wp-json\/wp\/v2\/media\/930205"}],"wp:attachment":[{"href":"https:\/\/www.europesays.com\/de\/wp-json\/wp\/v2\/media?parent=1064280"}],"wp:term":[{"taxonomy":"category","embeddable":true,"href":"https:\/\/www.europesays.com\/de\/wp-json\/wp\/v2\/categories?post=1064280"},{"taxonomy":"post_tag","embeddable":true,"href":"https:\/\/www.europesays.com\/de\/wp-json\/wp\/v2\/tags?post=1064280"}],"curies":[{"name":"wp","href":"https:\/\/api.w.org\/{rel}","templated":true}]}}