{"id":1064469,"date":"2026-06-02T14:07:27","date_gmt":"2026-06-02T14:07:27","guid":{"rendered":"https:\/\/www.europesays.com\/de\/1064469\/"},"modified":"2026-06-02T14:07:27","modified_gmt":"2026-06-02T14:07:27","slug":"terrorverdacht-in-solingen-und-remscheid-razzia-gegen-syrer","status":"publish","type":"post","link":"https:\/\/www.europesays.com\/de\/1064469\/","title":{"rendered":"Terrorverdacht in Solingen und Remscheid: Razzia gegen Syrer"},"content":{"rendered":"<p class=\"text_ohne_einzug richtext text-em-55 !leading-serif mx-6 desktop:mx-0\">  Mit einer <a href=\"https:\/\/rp-online.de\/thema\/razzia\/\" rel=\"nofollow noopener\" target=\"_blank\">Razzia<\/a> in Remscheid und Solingen sind Ermittler einem Terrorverdacht im absoluten Fr\u00fchstadium nachgegangen. Es gebe Anhaltspunkte daf\u00fcr, dass ein 25-j\u00e4hriger Syrer aus Remscheid versucht habe, Kontakt zur Terrorgruppe Islamischer Staat (IS) aufzunehmen, sagte eine Sprecherin der Generalstaatsanwaltschaft in D\u00fcsseldorf auf Anfrage. Durchsucht wurden seine Wohnung in Remscheid und die seiner Eltern in Solingen, beide am fr\u00fchen Dienstagmorgen (2. Juni 2026).<\/p>\n<p class=\"richtext text-em-55 !leading-serif mx-6 desktop:mx-0\">Der Tatvorwurf laute \u201eVerdacht der Aufnahme von Beziehungen zur Begehung einer terroristischen Straftat\u201c. Es handele sich um einen Anfangsverdacht. F\u00fcr den Beschuldigten, der derzeit vernommen werde, gelte die Unschuldsvermutung, sagte die Sprecherin. Das weitere Vorgehen h\u00e4nge vom Ergebnis der Vernehmung und der Durchsuchungen ab.<\/p>\n<p class=\"richtext text-em-55 !leading-serif mx-6 desktop:mx-0\">Die in Solingen wohnhaften Eltern des Beschuldigten werden laut Generalstaatsanwaltschaft als Zeugen vernommen. Festgenommen sei bisher niemand, teilte die Sprecherin am Dienstagnachmittag mit. Weitere Einzelheiten k\u00f6nnten eventuell am Mittwoch bekanntgegeben werden. <\/p>\n","protected":false},"excerpt":{"rendered":"Mit einer Razzia in Remscheid und Solingen sind Ermittler einem Terrorverdacht im absoluten Fr\u00fchstadium nachgegangen. Es gebe Anhaltspunkte&hellip;\n","protected":false},"author":2,"featured_media":1064470,"comment_status":"","ping_status":"","sticky":false,"template":"","format":"standard","meta":{"footnotes":"","_share_on_mastodon":"0"},"categories":[1840],"tags":[128296,3364,29,22314,30,18273,18434,1209,1442,21537,7223,3293,14831,13661,18753,4418],"class_list":["post-1064469","post","type-post","status-publish","format-standard","has-post-thumbnail","category-wuppertal","tag-aufzunehmen","tag-de","tag-deutschland","tag-ermittler","tag-germany","tag-jaehriger","tag-kontakt","tag-nordrhein-westfalen","tag-razzia","tag-remscheid","tag-solingen","tag-syrer","tag-terrorverdacht","tag-verdacht","tag-versucht","tag-wuppertal"],"share_on_mastodon":{"url":"https:\/\/pubeurope.com\/@de\/116680907053783929","error":""},"_links":{"self":[{"href":"https:\/\/www.europesays.com\/de\/wp-json\/wp\/v2\/posts\/1064469","targetHints":{"allow":["GET"]}}],"collection":[{"href":"https:\/\/www.europesays.com\/de\/wp-json\/wp\/v2\/posts"}],"about":[{"href":"https:\/\/www.europesays.com\/de\/wp-json\/wp\/v2\/types\/post"}],"author":[{"embeddable":true,"href":"https:\/\/www.europesays.com\/de\/wp-json\/wp\/v2\/users\/2"}],"replies":[{"embeddable":true,"href":"https:\/\/www.europesays.com\/de\/wp-json\/wp\/v2\/comments?post=1064469"}],"version-history":[{"count":0,"href":"https:\/\/www.europesays.com\/de\/wp-json\/wp\/v2\/posts\/1064469\/revisions"}],"wp:featuredmedia":[{"embeddable":true,"href":"https:\/\/www.europesays.com\/de\/wp-json\/wp\/v2\/media\/1064470"}],"wp:attachment":[{"href":"https:\/\/www.europesays.com\/de\/wp-json\/wp\/v2\/media?parent=1064469"}],"wp:term":[{"taxonomy":"category","embeddable":true,"href":"https:\/\/www.europesays.com\/de\/wp-json\/wp\/v2\/categories?post=1064469"},{"taxonomy":"post_tag","embeddable":true,"href":"https:\/\/www.europesays.com\/de\/wp-json\/wp\/v2\/tags?post=1064469"}],"curies":[{"name":"wp","href":"https:\/\/api.w.org\/{rel}","templated":true}]}}