{"id":1064533,"date":"2026-06-02T14:42:16","date_gmt":"2026-06-02T14:42:16","guid":{"rendered":"https:\/\/www.europesays.com\/de\/1064533\/"},"modified":"2026-06-02T14:42:16","modified_gmt":"2026-06-02T14:42:16","slug":"strassen-und-sommerfeste-in-stuttgart-was-findet-2026-statt-nachrichten-aus-stuttgart","status":"publish","type":"post","link":"https:\/\/www.europesays.com\/de\/1064533\/","title":{"rendered":"Stra\u00dfen- und Sommerfeste in Stuttgart: Was findet 2026 statt? &#8211; Nachrichten aus Stuttgart"},"content":{"rendered":"<p><strong>Stuttgart.<\/strong> Sommer, Sonne, Stra\u00dfenfeste. Endlich kann wieder drau\u00dfen gefeiert werden. In Stuttgart gibt es \u00fcber den Sommer verteilt einige Feste, auf die man sich freuen kann. Eine \u00dcbersicht ohne den Anspruch auf Vollst\u00e4ndigkeit.<\/p>\n<p>Afrika Festival<\/p>\n<p>Das Afrika-Festival auf dem Erwin-Schoettle-Platz ist seit \u00fcber zwei Jahrzehnten ein fester Bestandteil des Stuttgarter S\u00fcdens. Vom 10. bis zum 12. Juli ist ein vielf\u00e4ltiges Programm aus Musik und Tanz, Vortr\u00e4gen,<\/p>\n","protected":false},"excerpt":{"rendered":"Stuttgart. Sommer, Sonne, Stra\u00dfenfeste. Endlich kann wieder drau\u00dfen gefeiert werden. In Stuttgart gibt es \u00fcber den Sommer verteilt&hellip;\n","protected":false},"author":2,"featured_media":1064534,"comment_status":"","ping_status":"","sticky":false,"template":"","format":"standard","meta":{"footnotes":"","_share_on_mastodon":"0"},"categories":[1830],"tags":[1634,3364,29,20785,89971,30,82652,32990,190014,29008,190013,1441,82655,92913],"class_list":["post-1064533","post","type-post","status-publish","format-standard","has-post-thumbnail","category-stuttgart","tag-baden-wuerttemberg","tag-de","tag-deutschland","tag-feste","tag-feuerseefest","tag-germany","tag-marienplatzfest","tag-sommerfest","tag-sommerfeste","tag-strassenfest","tag-strassenfeste","tag-stuttgart","tag-stuttgarter-weindorf","tag-weindorf"],"share_on_mastodon":{"url":"https:\/\/pubeurope.com\/@de\/116681044818911926","error":""},"_links":{"self":[{"href":"https:\/\/www.europesays.com\/de\/wp-json\/wp\/v2\/posts\/1064533","targetHints":{"allow":["GET"]}}],"collection":[{"href":"https:\/\/www.europesays.com\/de\/wp-json\/wp\/v2\/posts"}],"about":[{"href":"https:\/\/www.europesays.com\/de\/wp-json\/wp\/v2\/types\/post"}],"author":[{"embeddable":true,"href":"https:\/\/www.europesays.com\/de\/wp-json\/wp\/v2\/users\/2"}],"replies":[{"embeddable":true,"href":"https:\/\/www.europesays.com\/de\/wp-json\/wp\/v2\/comments?post=1064533"}],"version-history":[{"count":0,"href":"https:\/\/www.europesays.com\/de\/wp-json\/wp\/v2\/posts\/1064533\/revisions"}],"wp:featuredmedia":[{"embeddable":true,"href":"https:\/\/www.europesays.com\/de\/wp-json\/wp\/v2\/media\/1064534"}],"wp:attachment":[{"href":"https:\/\/www.europesays.com\/de\/wp-json\/wp\/v2\/media?parent=1064533"}],"wp:term":[{"taxonomy":"category","embeddable":true,"href":"https:\/\/www.europesays.com\/de\/wp-json\/wp\/v2\/categories?post=1064533"},{"taxonomy":"post_tag","embeddable":true,"href":"https:\/\/www.europesays.com\/de\/wp-json\/wp\/v2\/tags?post=1064533"}],"curies":[{"name":"wp","href":"https:\/\/api.w.org\/{rel}","templated":true}]}}