{"id":106456,"date":"2025-05-13T04:35:14","date_gmt":"2025-05-13T04:35:14","guid":{"rendered":"https:\/\/www.europesays.com\/de\/106456\/"},"modified":"2025-05-13T04:35:14","modified_gmt":"2025-05-13T04:35:14","slug":"trump-will-gefangene-abschieben-welche-gefaengnis-inseln-in-europa-koennten-ihm-gefallen","status":"publish","type":"post","link":"https:\/\/www.europesays.com\/de\/106456\/","title":{"rendered":"Trump will Gefangene abschieben &#8211; Welche Gef\u00e4ngnis-Inseln in Europa k\u00f6nnten ihm gefallen?"},"content":{"rendered":"<p><img decoding=\"async\" class=\"c-ad__placeholder__logo\" src=\"https:\/\/www.europesays.com\/de\/wp-content\/uploads\/2025\/04\/logo-euronews-grey-6-180x22.svg.svg+xml\" width=\"180\" height=\"22\" alt=\"\" loading=\"lazy\"\/>WERBUNG<\/p>\n<p>Donald Trump hat k\u00fcrzlich seine Drohungen versch\u00e4rft, Amerikaner in ausl\u00e4ndische Gef\u00e4ngnisse zu schicken. Er sagte, er w\u00fcrde &#8222;gerne&#8220; &#8222;einheimische&#8220; US-B\u00fcrger, die Gewaltverbrechen begehen, in ein ber\u00fcchtigtes Mega-Gef\u00e4ngnis in El Salvador abschieben.<\/p>\n<p>&#8222;Ich w\u00fcrde das gerne tun, wenn es gesetzlich zul\u00e4ssig w\u00e4re&#8220;, sagte Trump vergangenen Monat in einem Interview mit dem Time Magazine. &#8222;Wir pr\u00fcfen das.&#8220;<\/p>\n<p><img decoding=\"async\" src=\"https:\/\/www.europesays.com\/de\/wp-content\/uploads\/2025\/04\/icon-cross-10x10-grey-6.svg.svg+xml\" width=\"10\" height=\"10\" alt=\"Close advertising\" fetchpriority=\"high\" loading=\"lazy\"\/><\/p>\n<p>Offensichtlich hat diese juristische Untersuchung noch keine eindeutige Antwort gebracht, denn Trump ist auch auf der Suche nach mehr Platz im eigenen Land, um Amerikas Top-Kriminelle unterzubringen.<\/p>\n<p>&#8222;Ich spreche von gewaltt\u00e4tigen Menschen. Ich spreche von wirklich b\u00f6sen Menschen. Wirklich b\u00f6se Menschen&#8220;, sagte Trump, als er vor einigen Wochen im Oval Office neben dem salvadorianischen Pr\u00e4sidenten Nayib Bukele sa\u00df.<\/p>\n<p>Bukeles Regierung leitet das Terrorismus-Gef\u00e4ngniszentrum, das Megagef\u00e4ngnis, das oft mit dem spanischen Akronym CECOT benannt wird und den <a href=\"https:\/\/en.wikipedia.org\/wiki\/Terrorism_Confinement_Center\" target=\"_blank\" rel=\"noreferrer noopener\"><strong>Ruf hat, das brutalste Gef\u00e4ngnis der westlichen Hemisph\u00e4re zu sein<\/strong><\/a>.<\/p>\n<p>Trump hat wiederholt seine Bewunderung und seinen Respekt f\u00fcr diese Hochsicherheitseinrichtung zum Ausdruck gebracht, in die seine Regierung bisher Hunderte von Migranten ohne Papiere abgeschoben hat.<\/p>\n<p>Doch das CECOT scheint dem Trump zu klein zu werden. Er will mehr Gef\u00e4ngniskapazit\u00e4ten.<\/p>\n<p>Deshalb hat Trump vor zwei Wochen <a href=\"https:\/\/de.euronews.com\/2025\/05\/05\/trump-will-das-beruchtigte-alcatraz-wieder-als-gefangnis-offnen\" target=\"_blank\" rel=\"noopener\"><strong>seinen verbl\u00fcffenden Vorschlag bekr\u00e4ftigt, Alcatraz<\/strong><\/a>, die ber\u00fcchtigte Gef\u00e4ngnisinsel in der Bucht von San Francisco, wiederzuer\u00f6ffnen und zu erweitern.<\/p>\n<p>Experten bezweifeln, dass die Erweiterung von Alcatraz, dessen Geb\u00e4ude buchst\u00e4blich auseinanderfallen, praktikabel und finanzierbar ist.<\/p>\n<p>Wenn es um Inselgef\u00e4ngnisse geht, die Trump sucht, hat die EU jedoch viel zu bieten, darunter geschichtstr\u00e4chtige Geb\u00e4ude, die es mit Alcatraz aufnehmen k\u00f6nnen und Trumps Sinn f\u00fcr Geschichte und Kultur ansprechen.<\/p>\n<p>Drei europ\u00e4ische Gef\u00e4ngnisinseln, die Trump gefallen k\u00f6nnten<\/p>\n<p>Hier sind drei f\u00fcr den Anfang, um mit Trump zu verhandeln.<\/p>\n<p>Beginnen wir mit der ber\u00fchmtesten Gef\u00e4ngnisinsel: dem <strong>Ch\u00e2teau d&#8217;If<\/strong> an der Mittelmeerk\u00fcste bei Marseille.<\/p>\n<p><img decoding=\"async\" class=\"c-ad__placeholder__logo\" src=\"https:\/\/www.europesays.com\/de\/wp-content\/uploads\/2025\/04\/logo-euronews-grey-6-180x22.svg.svg+xml\" width=\"180\" height=\"22\" alt=\"\" loading=\"lazy\"\/>WERBUNG<\/p>\n<p>Auch wenn der bekannteste Gefangene, der Graf von Monte Cristo, eine fiktive Figur aus dem Bestseller von Alexandre Dumas war, waren im Ch\u00e2teau d&#8217;If von Mitte des 16. bis Ende des 19. Jahrunderts viele echte &#8211; meist religi\u00f6se &#8211; Gefangene in Haft.<\/p>\n<p>Und das Gef\u00e4ngnis ist auch ziemlich sicher: Obwohl im Buch eine der Hauptfiguren von der Insel flieht, wird angenommen, dass dies niemandem gelungen ist.<\/p>\n<p><strong>Der Reiz f\u00fcr Trump:<\/strong> Der US-Pr\u00e4sident k\u00f6nnte direkt mit seinem Freund <a href=\"https:\/\/www.ifri.org\/fr\/presse-contenus-repris-sur-le-site\/macrontrump-la-bromance\" target=\"_blank\" rel=\"noreferrer noopener\"><strong>Emmanuel Macron<\/strong><\/a> verhandeln und die Br\u00fcsseler B\u00fcrokraten und die Deutschen umgehen.<\/p>\n<p>Die n\u00e4chste Insel ist die <strong>Teufelsinsel<\/strong>, die ebenfalls auf franz\u00f6sischem Territorium liegt, allerdings vor der K\u00fcste von Franz\u00f6sisch-Guayana, dem gr\u00f6\u00dften der \u00dcberseedepartements des Landes, das an der Nordostk\u00fcste S\u00fcdamerikas liegt.<\/p>\n<p><img decoding=\"async\" class=\"c-ad__placeholder__logo\" src=\"https:\/\/www.europesays.com\/de\/wp-content\/uploads\/2025\/04\/logo-euronews-grey-6-180x22.svg.svg+xml\" width=\"180\" height=\"22\" alt=\"\" loading=\"lazy\"\/>WERBUNG<\/p>\n<p>Die Strafkolonie, die von 1852 bis 1952 bestand, war ber\u00fcchtigt f\u00fcr die harte Behandlung der Gefangenen, das tropische Klima und die Krankheiten, die zu einer Sterblichkeitsrate von bis zu 75 Prozent f\u00fchrten.<\/p>\n<p>Unsterblich wurde die Teufelsinsel durch den Schriftsteller Henri Charriere, einen ehemaligen H\u00e4ftling, der 1969 den Bestseller &#8222;Papillon&#8220; \u00fcber seine erfolgreiche Flucht schrieb.<\/p>\n<p><img decoding=\"async\" class=\"c-ad__placeholder__logo\" src=\"https:\/\/www.europesays.com\/de\/wp-content\/uploads\/2025\/04\/logo-euronews-grey-6-180x22.svg.svg+xml\" width=\"180\" height=\"22\" alt=\"\" loading=\"lazy\"\/>WERBUNG<\/p>\n<p><strong>Warum es Trump gefallen k\u00f6nnte<\/strong>: Siehe Ch\u00e2teau d&#8217;If.<\/p>\n<p>Das n\u00e4chste Ziel ist <strong>Goli Otok<\/strong>, eine unbewohnte Insel vor der kroatischen Adriak\u00fcste, die als streng geheimes Gef\u00e4ngnis und Arbeitslager genutzt wurde, als das Land noch zu Jugoslawien geh\u00f6rte.<\/p>\n<p>Zwischen 1949 und 1989 wurde es als Hochsicherheitsgef\u00e4ngnis betrieben, in dem Anti-Tito-Kommunisten und Stalinisten gefangen gehalten wurden. W\u00e4hrend des Ersten Weltkriegs schickte das \u00f6sterreichisch-ungarische Kaiserreich russische Kriegsgefangene nach Goli Otok.<\/p>\n<p><img decoding=\"async\" class=\"c-ad__placeholder__logo\" src=\"https:\/\/www.europesays.com\/de\/wp-content\/uploads\/2025\/04\/logo-euronews-grey-6-180x22.svg.svg+xml\" width=\"180\" height=\"22\" alt=\"\" loading=\"lazy\"\/>WERBUNG<\/p>\n<p>Der Name bedeutet auf kroatisch &#8222;karge Insel&#8220;, da die Oberfl\u00e4che fast v\u00f6llig vegetationslos ist.<\/p>\n<p>Ber\u00fchmt wurde das Gef\u00e4ngnis nach Titos Tod im Jahr 1980, als der serbische Schriftsteller Antonije Isakovic seinen Roman &#8222;Tren&#8220; (Moment) \u00fcber die dortigen Haftbedingungen ver\u00f6ffentlichte. Das Buch war sofort ein Bestseller.<\/p>\n<p><strong>Trumps Berufung<\/strong>: Das Gef\u00e4ngnis steht seit 1989 leer und erinnert stark an Alcatraz, was dem US-Pr\u00e4sidenten gefallen k\u00f6nnte.<\/p>\n<p><img decoding=\"async\" class=\"c-ad__placeholder__logo\" src=\"https:\/\/www.europesays.com\/de\/wp-content\/uploads\/2025\/04\/logo-euronews-grey-6-180x22.svg.svg+xml\" width=\"180\" height=\"22\" alt=\"\" loading=\"lazy\"\/>WERBUNG<\/p>\n<p>Sollte das Angebot &#8222;Gef\u00e4ngnisse gegen Z\u00f6lle&#8220; scheitern, k\u00f6nnte Europa Trump auf das Strafrechtssystem in den Niederlanden verweisen, wo die Zahl der Strafgefangenen zwischen 2005 und 2016 von 94 pro 100.00 Einwohner auf 51 gesunken ist &#8211; was vor allem auf Rehabilitationsma\u00dfnahmen zur\u00fcckzuf\u00fchren ist.<\/p>\n<p>Das Ergebnis: Einige leerstehende Gef\u00e4ngnisse sind inzwischen zu <a href=\"https:\/\/www.visitleeuwarden.com\/nl\/agenda\/3276866698\/prison-tour-blokhuispoort\" target=\"_blank\" rel=\"noreferrer noopener\"><strong>Hotels oder Kulturzentren<\/strong><\/a> umfunktioniert worden.<\/p>\n<p>Das k\u00f6nnte den Immobilienmogul in Trump ansprechen.<\/p>\n","protected":false},"excerpt":{"rendered":"WERBUNG Donald Trump hat k\u00fcrzlich seine Drohungen versch\u00e4rft, Amerikaner in ausl\u00e4ndische Gef\u00e4ngnisse zu schicken. Er sagte, er w\u00fcrde&hellip;\n","protected":false},"author":2,"featured_media":106457,"comment_status":"","ping_status":"","sticky":false,"template":"","format":"standard","meta":{"footnotes":""},"categories":[3933],"tags":[331,332,106,781,548,41985,663,158,3934,3935,31091,13,14,15,12,64],"class_list":{"0":"post-106456","1":"post","2":"type-post","3":"status-publish","4":"format-standard","5":"has-post-thumbnail","7":"category-eu","8":"tag-aktuelle-nachrichten","9":"tag-aktuelle-news","10":"tag-donald-trump","11":"tag-el-salvador","12":"tag-eu","13":"tag-eu-usa","14":"tag-europa","15":"tag-europaeische-union","16":"tag-europe","17":"tag-european-union","18":"tag-gefangener","19":"tag-headlines","20":"tag-nachrichten","21":"tag-news","22":"tag-schlagzeilen","23":"tag-usa"},"share_on_mastodon":{"url":"https:\/\/pubeurope.com\/@de\/114498668255348617","error":""},"_links":{"self":[{"href":"https:\/\/www.europesays.com\/de\/wp-json\/wp\/v2\/posts\/106456","targetHints":{"allow":["GET"]}}],"collection":[{"href":"https:\/\/www.europesays.com\/de\/wp-json\/wp\/v2\/posts"}],"about":[{"href":"https:\/\/www.europesays.com\/de\/wp-json\/wp\/v2\/types\/post"}],"author":[{"embeddable":true,"href":"https:\/\/www.europesays.com\/de\/wp-json\/wp\/v2\/users\/2"}],"replies":[{"embeddable":true,"href":"https:\/\/www.europesays.com\/de\/wp-json\/wp\/v2\/comments?post=106456"}],"version-history":[{"count":0,"href":"https:\/\/www.europesays.com\/de\/wp-json\/wp\/v2\/posts\/106456\/revisions"}],"wp:featuredmedia":[{"embeddable":true,"href":"https:\/\/www.europesays.com\/de\/wp-json\/wp\/v2\/media\/106457"}],"wp:attachment":[{"href":"https:\/\/www.europesays.com\/de\/wp-json\/wp\/v2\/media?parent=106456"}],"wp:term":[{"taxonomy":"category","embeddable":true,"href":"https:\/\/www.europesays.com\/de\/wp-json\/wp\/v2\/categories?post=106456"},{"taxonomy":"post_tag","embeddable":true,"href":"https:\/\/www.europesays.com\/de\/wp-json\/wp\/v2\/tags?post=106456"}],"curies":[{"name":"wp","href":"https:\/\/api.w.org\/{rel}","templated":true}]}}