{"id":1064605,"date":"2026-06-02T15:22:20","date_gmt":"2026-06-02T15:22:20","guid":{"rendered":"https:\/\/www.europesays.com\/de\/1064605\/"},"modified":"2026-06-02T15:22:20","modified_gmt":"2026-06-02T15:22:20","slug":"pfinzgaumuseum-fuehrungen-im-juni-durch-die-sonderausstellung","status":"publish","type":"post","link":"https:\/\/www.europesays.com\/de\/1064605\/","title":{"rendered":"Pfinzgaumuseum: F\u00fchrungen im Juni durch die Sonderausstellung"},"content":{"rendered":"<p>An den beiden\u00a0Sonntagen 7. und 21. Juni\u00a02026 f\u00fchrt Eva Unterburg jeweils um 15 Uhr\u00a0durch die Sonderausstellung \u201eAls die Karlsburg Kaserne war. Das Badische Train-Bataillon Nr. 14 in Durlach\u201c im Pfinzgaumuseum in der Karlsburg Durlach. Bei dieser Zeitreise tauchen die Teilnehmenden in ein vergangenes Durlach ein, in dem blau-uniformierte Soldaten auf den Stra\u00dfen und Reiter auf dem Schlossplatz ein allt\u00e4glicher Anblick waren und die Karlsburg als Kaserne diente. Bei dem kurzweiligen Rundgang berichtet Frau Unterburg Spannendes \u00fcber Aufgaben und Ausbildung der Train-Soldaten, \u00fcber die vom Milit\u00e4r genutzten Geb\u00e4ude und die eindrucksvollen pers\u00f6nlichen Erinnerungsst\u00fccke, mit denen die Soldaten ihrer Dienstzeit gedachten.<\/p>\n<p>Eine Anmeldung ist nicht erforderlich, die Teilnahme an der F\u00fchrung ist kostenlos bzw. im Eintrittspreis inbegriffen.<\/p>\n","protected":false},"excerpt":{"rendered":"An den beiden\u00a0Sonntagen 7. und 21. Juni\u00a02026 f\u00fchrt Eva Unterburg jeweils um 15 Uhr\u00a0durch die Sonderausstellung \u201eAls die&hellip;\n","protected":false},"author":2,"featured_media":963994,"comment_status":"","ping_status":"","sticky":false,"template":"","format":"standard","meta":{"footnotes":"","_share_on_mastodon":"0"},"categories":[1844],"tags":[1634,3364,29,6750,30,8903,48935,29640],"class_list":["post-1064605","post","type-post","status-publish","format-standard","has-post-thumbnail","category-karlsruhe","tag-baden-wuerttemberg","tag-de","tag-deutschland","tag-fuehrung","tag-germany","tag-karlsruhe","tag-kaserne","tag-pfinzgaumuseum"],"share_on_mastodon":{"url":"https:\/\/pubeurope.com\/@de\/116681201865207478","error":""},"_links":{"self":[{"href":"https:\/\/www.europesays.com\/de\/wp-json\/wp\/v2\/posts\/1064605","targetHints":{"allow":["GET"]}}],"collection":[{"href":"https:\/\/www.europesays.com\/de\/wp-json\/wp\/v2\/posts"}],"about":[{"href":"https:\/\/www.europesays.com\/de\/wp-json\/wp\/v2\/types\/post"}],"author":[{"embeddable":true,"href":"https:\/\/www.europesays.com\/de\/wp-json\/wp\/v2\/users\/2"}],"replies":[{"embeddable":true,"href":"https:\/\/www.europesays.com\/de\/wp-json\/wp\/v2\/comments?post=1064605"}],"version-history":[{"count":0,"href":"https:\/\/www.europesays.com\/de\/wp-json\/wp\/v2\/posts\/1064605\/revisions"}],"wp:featuredmedia":[{"embeddable":true,"href":"https:\/\/www.europesays.com\/de\/wp-json\/wp\/v2\/media\/963994"}],"wp:attachment":[{"href":"https:\/\/www.europesays.com\/de\/wp-json\/wp\/v2\/media?parent=1064605"}],"wp:term":[{"taxonomy":"category","embeddable":true,"href":"https:\/\/www.europesays.com\/de\/wp-json\/wp\/v2\/categories?post=1064605"},{"taxonomy":"post_tag","embeddable":true,"href":"https:\/\/www.europesays.com\/de\/wp-json\/wp\/v2\/tags?post=1064605"}],"curies":[{"name":"wp","href":"https:\/\/api.w.org\/{rel}","templated":true}]}}