{"id":1064879,"date":"2026-06-02T17:54:23","date_gmt":"2026-06-02T17:54:23","guid":{"rendered":"https:\/\/www.europesays.com\/de\/1064879\/"},"modified":"2026-06-02T17:54:23","modified_gmt":"2026-06-02T17:54:23","slug":"feindliche-uebernahme-unicredit-erhoeht-commerzbank-anteil-auf-ueber-ein-drittel","status":"publish","type":"post","link":"https:\/\/www.europesays.com\/de\/1064879\/","title":{"rendered":"&#8222;Feindliche \u00dcbernahme&#8220;: Unicredit erh\u00f6ht Commerzbank-Anteil auf \u00fcber ein Drittel"},"content":{"rendered":"<p>&#8222;Feindliche \u00dcbernahme&#8220;Unicredit erh\u00f6ht Commerzbank-Anteil auf \u00fcber ein Drittel<\/p>\n<p>02.06.2026, 17:34 Uhr <\/p>\n<p>Artikel anh\u00f6ren(04:06 min)<\/p>\n<p><img decoding=\"async\" class=\"Image_img__fQCi0 Image_Img_16_9__4BLfH widget-picture-inline_maximizable__t_E7h\" loading=\"eager\" fetchpriority=\"high\" src=\"https:\/\/www.europesays.com\/de\/wp-content\/uploads\/2026\/06\/FILE-PHOTO-The-logo-of-Commerzbank-at-a-branch-as-Italy-s-UniCredit-launches-an-unsolicited-bid-to-i.webp\" alt=\"FILE-PHOTO-The-logo-of-Commerzbank-at-a-branch-as-Italy-s-UniCredit-launches-an-unsolicited-bid-to-increase-its-stake-above-30-in-Commerzbank-crossing-the-mandatory-30-takeover-threshold-under-German-law-in-Cologne-Germany-March-16-2026\"\/>Die Commerzbank warnt Aktion\u00e4re vor dem Verkauf ihrer Anteile. (Foto: REUTERS)TeilenFolgen auf:<a href=\"https:\/\/www.whatsapp.com\/channel\/0029Va5cdVJD8SDp5YZgYF01\" title=\"Auf WhatsApp folgen\" target=\"_blank\" rel=\"nofollow noopener\"><img decoding=\"async\" src=\"https:\/\/www.n-tv.de\/socialIcons\/whatsapp.svg\" alt=\"whatsapp\" class=\"ArticleShare_icon__FsrC2\"\/><\/a><a href=\"https:\/\/www.google.com\/preferences\/source?q=n-tv.de\" title=\"ntv als bevorzugte Quelle auf Google hinzuf\u00fcgen\" target=\"_blank\" rel=\"nofollow noopener\"><img decoding=\"async\" src=\"https:\/\/www.n-tv.de\/socialIcons\/google.svg\" alt=\"whatsapp\" class=\"ArticleShare_icon__FsrC2\"\/><\/a><\/p>\n<p class=\"Typography_text-m__XI0da Typography_weight-bold__uT6mq storyline_lead_text_leadtext__q_wg8\">Die italienische Gro\u00dfbank Unicredit dr\u00e4ngt auf eine \u00dcbernahme der Commerzbank. Ein Kaufangebot hat das Geldhaus aus Frankfurt bislang abgelehnt. Ihre Anteile bauen die Mail\u00e4nder derweil trotzdem aus &#8211;  und k\u00f6nnten so zunehmend an Macht gewinnen.<\/p>\n<p class=\"Typography_text-default__P3otY Typography_weight-normal__pqUbH storyline_paragraph_p__qSR5N\">Die italienische Gro\u00dfbank Unicredit hat mit ihrer \u00dcbernahmeofferte f\u00fcr die Commerzbank die wichtige Marke von 30 Prozent der Anteile klar \u00fcberschritten. Commerzbank-Aktion\u00e4re h\u00e4tten ihr Anteile im Umfang von 7,58 Prozent des Grundkapitals angedient, teilte die Unicredit in Mailand mit. Nachdem das Geldhaus aus Mailand bisher schon 26,77 Prozent der Commerzbank-Aktien gehalten hatte, w\u00fcrde ihre Beteiligung damit rechnerisch auf 34,35 Prozent steigen.<\/p>\n<p class=\"Typography_text-default__P3otY Typography_weight-normal__pqUbH storyline_paragraph_p__qSR5N\">Mit ihrem freiwilligen \u00dcbernahmeangebot vom Mai vermeidet die Unicredit ein Pflichtangebot, das sonst beim \u00dcberschreiten der 30-Prozent-Marke vorgeschrieben ist und das angesichts des zuletzt gestiegenen Commerzbank-Aktienkurses wesentlich teurer geworden w\u00e4re. Statt Geld bietet die Gro\u00dfbank f\u00fcr jedes Commerzbank-Papier 0,485 Unicredit-Anteile.<\/p>\n<p class=\"Typography_text-default__P3otY Typography_weight-normal__pqUbH storyline_paragraph_p__qSR5N\">Das ist auf Basis der j\u00fcngsten Schlusskurse weniger, als man f\u00fcr eine Commerzbank-Aktie derzeit an der B\u00f6rse bekommt. Zus\u00e4tzlich verf\u00fcgt die Unicredit \u00fcber Finanzinstrumente, mit denen sie auf eine Menge weiterer Commerzbank-Aktien zugreifen kann. Die Gro\u00dfbank aus Mailand beh\u00e4lt sich vor, die bis 16. Juni geltende Offerte bis 3. Juli zu verl\u00e4ngern.<\/p>\n<p>Commerzbank nennt Vorgehen &#8222;feindlich&#8220;<\/p>\n<p class=\"Typography_text-default__P3otY Typography_weight-normal__pqUbH storyline_paragraph_p__qSR5N\">Die Unicredit hatte im September 2024 einen Aktienverkauf des Bundes genutzt, um in gro\u00dfem Stil bei der Commerzbank einzusteigen. Schnell etablierten sich die Italiener als mit Abstand gr\u00f6\u00dfter Einzelaktion\u00e4r der zweitgr\u00f6\u00dften deutschen Privatbank vor dem deutschen Staat. Die Unicredit, die bereits mit der Hypovereinsbank (HVB) in Deutschland aktiv ist, sieht bei einem Zusammenschluss Potenzial f\u00fcr milliardenschwere Einsparungen.<\/p>\n<p class=\"Typography_text-default__P3otY Typography_weight-normal__pqUbH storyline_paragraph_p__qSR5N\">Unicredit-Chef Andrea Orcel wirbt f\u00fcr die Vorz\u00fcge gr\u00f6\u00dferer Banken und erh\u00f6hte am 5. Mai mit einem freiwilligen Kaufangebot f\u00fcr s\u00e4mtliche Commerzbank-Aktien den Druck. Management, Betriebsrat und Belegschaft der Commerzbank lehnen das aus ihrer Sicht &#8222;feindliche&#8220; Vorgehen von Orcel ab.<\/p>\n<p class=\"Typography_text-default__P3otY Typography_weight-normal__pqUbH storyline_paragraph_p__qSR5N\">Aufsichtsrat und Vorstand der Commerzbank haben den Aktion\u00e4ren des Dax-Konzerns abgeraten, ihre Anteile an die Unicredit zu verkaufen &#8211; nicht zuletzt, weil das Angebot statt einer \u00dcbernahmepr\u00e4mie einen Abschlag auf den aktuellen Kurs vorsieht. Wer seine Aktien der Unicredit andiene, handle sich erhebliche Risiken ein, argumentiert die Commerzbank: Die Unicredit ist unter anderem eine der gr\u00f6\u00dften noch aktiven Auslandsbanken in Russland, auch wenn sie j\u00fcngst den Verkauf russischer Gesch\u00e4ftsteile eingeleitet hat.<\/p>\n<p class=\"Typography_text-default__P3otY Typography_weight-normal__pqUbH storyline_paragraph_p__qSR5N\">Zudem ist nach Einsch\u00e4tzung der Commerzbank im Fall einer \u00dcbernahme mit einem deutlich gr\u00f6\u00dferen Stellenabbau zu rechnen als im Szenario einer Eigenst\u00e4ndigkeit. Statt dem j\u00fcngst beschlossenen Abbau von weiteren 3000 Vollzeitstellen bis 2030 sei im Unicredit-Szenario mit dem Verlust von bis zu 11.000 Jobs zu rechnen, sagte Commerzbank-Chefin Bettina Orlopp. Insgesamt sei der von der Unicredit vorgelegte Plan unrealistisch.<\/p>\n<p class=\"Typography_text-default__P3otY Typography_weight-normal__pqUbH storyline_paragraph_p__qSR5N\">Die Commerzbank, die 2025 das beste operative Ergebnis ihrer Geschichte erzielt hat, will ihre Aktion\u00e4re mit der Aussicht auf steigende Gewinne und h\u00f6here Dividenden bei der Stange halten. Der Bund, der noch gut 12 Prozent der Anteile des Instituts h\u00e4lt, lehnt eine feindliche \u00dcbernahme der Commerzbank ebenfalls ab.<\/p>\n<p class=\"Typography_text-s__wu_cm Typography_weight-normal__pqUbH Typography_color-darkgrey__sZEnP article-detail-footer_source__KslPc\">Quelle: ntv.de, zgl\/dpa<\/p>\n","protected":false},"excerpt":{"rendered":"&#8222;Feindliche \u00dcbernahme&#8220;Unicredit erh\u00f6ht Commerzbank-Anteil auf \u00fcber ein Drittel 02.06.2026, 17:34 Uhr Artikel anh\u00f6ren(04:06 min) Die Commerzbank warnt Aktion\u00e4re&hellip;\n","protected":false},"author":2,"featured_media":1064880,"comment_status":"","ping_status":"","sticky":false,"template":"","format":"standard","meta":{"footnotes":"","_share_on_mastodon":"0"},"categories":[134],"tags":[11713,304,175,9369,170,169,29,30,171,174,18207,173,172,55],"class_list":["post-1064879","post","type-post","status-publish","format-standard","has-post-thumbnail","category-unternehmen-maerkte","tag-aktienhandel","tag-banken","tag-business","tag-commerzbank","tag-companies","tag-companies-markets","tag-deutschland","tag-germany","tag-markets","tag-maerkte","tag-unicredit","tag-unternehmen","tag-unternehmen-maerkte","tag-wirtschaft"],"share_on_mastodon":{"url":"https:\/\/pubeurope.com\/@de\/116681799737151568","error":""},"_links":{"self":[{"href":"https:\/\/www.europesays.com\/de\/wp-json\/wp\/v2\/posts\/1064879","targetHints":{"allow":["GET"]}}],"collection":[{"href":"https:\/\/www.europesays.com\/de\/wp-json\/wp\/v2\/posts"}],"about":[{"href":"https:\/\/www.europesays.com\/de\/wp-json\/wp\/v2\/types\/post"}],"author":[{"embeddable":true,"href":"https:\/\/www.europesays.com\/de\/wp-json\/wp\/v2\/users\/2"}],"replies":[{"embeddable":true,"href":"https:\/\/www.europesays.com\/de\/wp-json\/wp\/v2\/comments?post=1064879"}],"version-history":[{"count":0,"href":"https:\/\/www.europesays.com\/de\/wp-json\/wp\/v2\/posts\/1064879\/revisions"}],"wp:featuredmedia":[{"embeddable":true,"href":"https:\/\/www.europesays.com\/de\/wp-json\/wp\/v2\/media\/1064880"}],"wp:attachment":[{"href":"https:\/\/www.europesays.com\/de\/wp-json\/wp\/v2\/media?parent=1064879"}],"wp:term":[{"taxonomy":"category","embeddable":true,"href":"https:\/\/www.europesays.com\/de\/wp-json\/wp\/v2\/categories?post=1064879"},{"taxonomy":"post_tag","embeddable":true,"href":"https:\/\/www.europesays.com\/de\/wp-json\/wp\/v2\/tags?post=1064879"}],"curies":[{"name":"wp","href":"https:\/\/api.w.org\/{rel}","templated":true}]}}