{"id":1065042,"date":"2026-06-02T19:31:18","date_gmt":"2026-06-02T19:31:18","guid":{"rendered":"https:\/\/www.europesays.com\/de\/1065042\/"},"modified":"2026-06-02T19:31:18","modified_gmt":"2026-06-02T19:31:18","slug":"kaarst-kein-kaeufer-plan-von-tiny-house-siedlung-droht-zu-scheitern","status":"publish","type":"post","link":"https:\/\/www.europesays.com\/de\/1065042\/","title":{"rendered":"Kaarst: Kein K\u00e4ufer \u2013 Plan von Tiny-House-Siedlung droht zu scheitern"},"content":{"rendered":"<p class=\"text_ohne_einzug richtext text-em-55 !leading-serif mx-6 desktop:mx-0\">Die optischen Kriterien f\u00fcr die geplanten Tiny Houses in Holzb\u00fcttgen wurden bereits festgelegt, im Juni sollte der Verkaufsbeschluss f\u00fcr das Grundst\u00fcck \u201eIm Bl\u00fctenfeld\u201c gefasst werden. Doch nun m\u00fcssen sich Stadt und Politik einen neuen Plan zurechtlegen, denn auch die zweite Ausschreibung f\u00fcr das st\u00e4dtische Grundst\u00fcck ist erfolglos abgelaufen. Bei der Stadt ist bis zum Einsendeschluss am 20. Mai kein einziges Angebot f\u00fcr das 1515 Quadratmeter gro\u00dfe Grundst\u00fcck eingegangen, wie sie auf Anfrage erkl\u00e4rt. Damit r\u00fcckt der Plan der ersten Tiny-House-Siedlung vorerst in weite Ferne.<\/p>\n","protected":false},"excerpt":{"rendered":"Die optischen Kriterien f\u00fcr die geplanten Tiny Houses in Holzb\u00fcttgen wurden bereits festgelegt, im Juni sollte der Verkaufsbeschluss&hellip;\n","protected":false},"author":2,"featured_media":1065043,"comment_status":"","ping_status":"","sticky":false,"template":"","format":"standard","meta":{"footnotes":"","_share_on_mastodon":"0"},"categories":[1849],"tags":[33313,227036,3364,29,548,663,3934,30,19015,227037,13,3297,35808,227035,2263,16930,20080,4455,14,15,1209,30702,12,24010,58474],"class_list":["post-1065042","post","type-post","status-publish","format-standard","has-post-thumbnail","category-moenchengladbach","tag-ausschreibung","tag-bluetenfeld","tag-de","tag-deutschland","tag-eu","tag-europa","tag-europe","tag-germany","tag-grundstueck","tag-grundstuecksausschuss","tag-headlines","tag-holz","tag-holzbuettgen","tag-houses","tag-investor","tag-kaarst","tag-meter","tag-moenchengladbach","tag-nachrichten","tag-news","tag-nordrhein-westfalen","tag-quadratmeter","tag-schlagzeilen","tag-siedlung","tag-tiny"],"share_on_mastodon":{"url":"https:\/\/pubeurope.com\/@de\/116682180901233246","error":""},"_links":{"self":[{"href":"https:\/\/www.europesays.com\/de\/wp-json\/wp\/v2\/posts\/1065042","targetHints":{"allow":["GET"]}}],"collection":[{"href":"https:\/\/www.europesays.com\/de\/wp-json\/wp\/v2\/posts"}],"about":[{"href":"https:\/\/www.europesays.com\/de\/wp-json\/wp\/v2\/types\/post"}],"author":[{"embeddable":true,"href":"https:\/\/www.europesays.com\/de\/wp-json\/wp\/v2\/users\/2"}],"replies":[{"embeddable":true,"href":"https:\/\/www.europesays.com\/de\/wp-json\/wp\/v2\/comments?post=1065042"}],"version-history":[{"count":0,"href":"https:\/\/www.europesays.com\/de\/wp-json\/wp\/v2\/posts\/1065042\/revisions"}],"wp:featuredmedia":[{"embeddable":true,"href":"https:\/\/www.europesays.com\/de\/wp-json\/wp\/v2\/media\/1065043"}],"wp:attachment":[{"href":"https:\/\/www.europesays.com\/de\/wp-json\/wp\/v2\/media?parent=1065042"}],"wp:term":[{"taxonomy":"category","embeddable":true,"href":"https:\/\/www.europesays.com\/de\/wp-json\/wp\/v2\/categories?post=1065042"},{"taxonomy":"post_tag","embeddable":true,"href":"https:\/\/www.europesays.com\/de\/wp-json\/wp\/v2\/tags?post=1065042"}],"curies":[{"name":"wp","href":"https:\/\/api.w.org\/{rel}","templated":true}]}}