{"id":1065202,"date":"2026-06-02T21:07:28","date_gmt":"2026-06-02T21:07:28","guid":{"rendered":"https:\/\/www.europesays.com\/de\/1065202\/"},"modified":"2026-06-02T21:07:28","modified_gmt":"2026-06-02T21:07:28","slug":"open-air-so-klingt-der-sommer","status":"publish","type":"post","link":"https:\/\/www.europesays.com\/de\/1065202\/","title":{"rendered":"Open-Air \u201eSo klingt der Sommer\u201c"},"content":{"rendered":"<p class=\"paragraph --regular --color\" data-v-ad2bcb75=\"\" data-v-5c4b7507=\"\">M\u00fcnster. Der Rock- und Popchor \u201eda capo\u201c des AGV Eintracht M\u00fcnster l\u00e4dt f\u00fcr Samstag, 6. Juni, ab 19 Uhr zum Open-Air-Konzert in den B\u00fcrgerpark M\u00fcnster ein. Unter dem Motto \u201eSo klingt der Sommer\u201c pr\u00e4sentieren mehrere Ch\u00f6re aus der Region ein gemeinsames Konzertprogramm mit Rock-, Pop- und Gospelmusik. Neben dem Gastgeberchor sind acht Gastch\u00f6re beteiligt, darunter Ensembles aus Rodgau, Schaafheim, Egelsbach, Altheim, J\u00fcgesheim, Zwingenberg und Gro\u00df-Umstadt. F\u00fcr Essen und Trinken sorgt RoBi Catering. Sitzpl\u00e4tze sind im Park nur begrenzt vorhanden, das Mitbringen eigener Sitzgelegenheiten wird empfohlen. Der Eintritt ist frei, um Spenden wird gebeten. Die Veranstaltung ist Teil des Kultursommers S\u00fcdhessen und wird vom Hessischen Ministerium f\u00fcr Wissenschaft und Kunst sowie der Sparkassen-Kulturstiftung Hessen-Th\u00fcringen gef\u00f6rdert.<\/p>\n","protected":false},"excerpt":{"rendered":"M\u00fcnster. Der Rock- und Popchor \u201eda capo\u201c des AGV Eintracht M\u00fcnster l\u00e4dt f\u00fcr Samstag, 6. Juni, ab 19&hellip;\n","protected":false},"author":2,"featured_media":91450,"comment_status":"","ping_status":"","sticky":false,"template":"","format":"standard","meta":{"footnotes":"","_share_on_mastodon":"0"},"categories":[1843],"tags":[16797,16796,16787,16795,16785,3364,29,16786,16784,16783,16791,427,347,30,16794,16788,16790,80,5882,2249,8970,14,1209,16789,16793,5661,265,16798,7195,16792],"class_list":["post-1065202","post","type-post","status-publish","format-standard","has-post-thumbnail","category-muenster","tag-beerfelden","tag-bensheim","tag-bergstrasse","tag-bickenbach","tag-darmstadt","tag-de","tag-deutschland","tag-dieburg","tag-echo-online","tag-echo-zeitungen","tag-erbach","tag-esa","tag-fussball","tag-germany","tag-gross-bieberau","tag-gross-gerau","tag-heppenheim","tag-kultur","tag-lokalsport","tag-meldungen","tag-muenster","tag-nachrichten","tag-nordrhein-westfalen","tag-odenwald","tag-pfungstadt","tag-ruesselsheim","tag-sport","tag-sv-98","tag-vereine","tag-weiterstadt"],"share_on_mastodon":{"url":"https:\/\/pubeurope.com\/@de\/116682558514198071","error":""},"_links":{"self":[{"href":"https:\/\/www.europesays.com\/de\/wp-json\/wp\/v2\/posts\/1065202","targetHints":{"allow":["GET"]}}],"collection":[{"href":"https:\/\/www.europesays.com\/de\/wp-json\/wp\/v2\/posts"}],"about":[{"href":"https:\/\/www.europesays.com\/de\/wp-json\/wp\/v2\/types\/post"}],"author":[{"embeddable":true,"href":"https:\/\/www.europesays.com\/de\/wp-json\/wp\/v2\/users\/2"}],"replies":[{"embeddable":true,"href":"https:\/\/www.europesays.com\/de\/wp-json\/wp\/v2\/comments?post=1065202"}],"version-history":[{"count":0,"href":"https:\/\/www.europesays.com\/de\/wp-json\/wp\/v2\/posts\/1065202\/revisions"}],"wp:featuredmedia":[{"embeddable":true,"href":"https:\/\/www.europesays.com\/de\/wp-json\/wp\/v2\/media\/91450"}],"wp:attachment":[{"href":"https:\/\/www.europesays.com\/de\/wp-json\/wp\/v2\/media?parent=1065202"}],"wp:term":[{"taxonomy":"category","embeddable":true,"href":"https:\/\/www.europesays.com\/de\/wp-json\/wp\/v2\/categories?post=1065202"},{"taxonomy":"post_tag","embeddable":true,"href":"https:\/\/www.europesays.com\/de\/wp-json\/wp\/v2\/tags?post=1065202"}],"curies":[{"name":"wp","href":"https:\/\/api.w.org\/{rel}","templated":true}]}}