{"id":1065305,"date":"2026-06-02T22:05:23","date_gmt":"2026-06-02T22:05:23","guid":{"rendered":"https:\/\/www.europesays.com\/de\/1065305\/"},"modified":"2026-06-02T22:05:23","modified_gmt":"2026-06-02T22:05:23","slug":"sing-meinen-song-johannes-oerding-verraet-seine-liebsten-orte-hamburgs","status":"publish","type":"post","link":"https:\/\/www.europesays.com\/de\/1065305\/","title":{"rendered":"&#8222;Sing meinen Song&#8220;: Johannes Oerding verr\u00e4t seine liebsten Orte Hamburgs"},"content":{"rendered":"<p>Lieblingsorte von Johannes Oerding <\/p>\n<p>&#8222;Da will ich allein rumgammeln&#8220;<\/p>\n<p>Aktualisiert am 02.06.2026 &#8211; 20:15 UhrLesedauer: 2 Min.<\/p>\n<p><a href=\"#focus-0\" class=\"transition-colors duration-200 block text-current relative\" data-sctrack=\"FocusGalleryImage.Reference\"><img fetchpriority=\"high\" data-testid=\"Opener.Image\"   loading=\"eager\" src=\"https:\/\/www.europesays.com\/de\/wp-content\/uploads\/2026\/06\/1780437920_271_image.jpg\" alt=\"Johannes Oerding: &quot;Hier ist jeder, wie er ist.&quot;\" title=\"Johannes Oerding: &quot;Hier ist jeder, wie er ist.&quot;\" width=\"2419\" height=\"1361\" class=\"bg-[url:var(--lqipURL)] bg-cover bg-center flex h-full w-full max-w-full\" style=\"--lqipURL:url('https:\/\/images.t-online.de\/2026\/03\/oGqaM4n3vg1F\/237x527:2419x1361\/fit-in\/150x0\/filters:blur(25)\/image.jpg')\" decoding=\"async\"\/><img loading=\"lazy\" src=\"https:\/\/hamburg.t-online.de\/s\/paper\/_next\/static\/media\/zoom-in.f7dae02f.svg\" alt=\"Vergr\u00f6\u00dfern des Bildes\" title=\"Vergr\u00f6\u00dfern des Bildes\" class=\"block h-[calc(var(--height)_\/_16_*_1rem)] w-[calc(var(--width)_\/_16_*_1rem)] max-w-none absolute bottom-8 right-8 rounded-4 bg-snow p-8\" style=\"--width:32;--height:32\" decoding=\"async\"\/><\/a><\/p>\n<p>Johannes Oerding: &#8222;Hier ist jeder, wie er ist.&#8220; (Quelle: Tim Tyson)<\/p>\n<p><img loading=\"lazy\" src=\"https:\/\/hamburg.t-online.de\/s\/paper\/_next\/static\/media\/audio-volume.6689034c.svg\" alt=\"\" title=\"\" class=\"block h-[calc(var(--height)_\/_16_*_1rem)] w-[calc(var(--width)_\/_16_*_1rem)] max-w-none group-hover:brightness-0 group-hover:invert\" style=\"--width:16;--height:16\" decoding=\"async\"\/>Vorlesen<\/p>\n<p>Aktuelle Zeit:0:00Gesamtdauer:0:00<\/p>\n<p>1x<\/p>\n<p class=\"text-center\">Jetzt neu bei t-online:<\/p>\n<p class=\"text-center\">Schriftgr\u00f6\u00dfe anpassen!<\/p>\n<p><img loading=\"lazy\" src=\"https:\/\/hamburg.t-online.de\/s\/paper\/_next\/static\/media\/font-sizes.32942e33.svg\" alt=\"\" title=\"\" class=\"block h-[calc(var(--height)_\/_16_*_1rem)] w-[calc(var(--width)_\/_16_*_1rem)] max-w-none group-hover:hidden group-aria-expanded:hidden\" style=\"--width:16;--height:16\" decoding=\"async\"\/><img loading=\"lazy\" src=\"https:\/\/hamburg.t-online.de\/s\/paper\/_next\/static\/media\/font-sizes-dark-mode.e382645c.svg\" alt=\"\" title=\"\" class=\"block h-[calc(var(--height)_\/_16_*_1rem)] w-[calc(var(--width)_\/_16_*_1rem)] max-w-none hidden group-hover:block group-aria-expanded:block\" style=\"--width:16;--height:16\" decoding=\"async\"\/><img loading=\"lazy\" src=\"https:\/\/hamburg.t-online.de\/s\/paper\/_next\/static\/media\/sharing-menu-icon.1eb71368.svg\" alt=\"\" title=\"\" class=\"block h-[calc(var(--height)_\/_16_*_1rem)] w-[calc(var(--width)_\/_16_*_1rem)] max-w-none group-hover:brightness-0 group-hover:invert\" style=\"--width:16;--height:16\" decoding=\"async\"\/>Artikel teilen<\/p>\n<p class=\"font-bold text-18 leading-17 user-text-lg:text-22 user-text-xl:text-24\">Wo ist es in der Hansestadt am sch\u00f6nsten? Hamburger verraten ihre Lieblingsorte in der Hansestadt. Dieses Mal: Musiker und &#8222;Sing meinen Song&#8220;-Gastgeber Johannes Oerding.<\/p>\n<p class=\"text-18 leading-17 user-text-lg:text-22 user-text-xl:text-24\">Johannes Oerding lebt in Hamburg und spricht mit der Regionalredaktion von t-online \u00fcber seine zweitliebsten Orte in der Stadt. Seinen Lieblingsplatz m\u00f6chte der Musiker, der im Fr\u00fchjahr 2026 zum sechsten Mal Gastgeber TV-Show &#8222;Sing meinen Song&#8220; ist, nicht verraten. &#8222;Da will ich allein rumgammeln&#8220;, sagt er.<\/p>\n<p>Bellevue an der Au\u00dfenalster<\/p>\n<p class=\"text-18 leading-17 user-text-lg:text-22 user-text-xl:text-24\">&#8222;Der Name ist Programm bei der Bellevue&#8220;, sagt Oerding. Die Bellevue ist eine Stra\u00dfe direkt an der Au\u00dfenalster. &#8222;Dort gibt es eine Bank, von der aus man \u00fcber die Au\u00dfenalster und Binnenalster bis in die Stadt gucken kann&#8220;, sagt Oerding, &#8222;das ist der sch\u00f6nste Blick in Hamburg.&#8220; Die Au\u00dfenalster und die Binnenalster sind zwei k\u00fcnstlich angelegte Seen mitten in der Stadt umgeben von B\u00e4umen und Villen. Hier kann man joggen, spazieren und verweilen, oder auf dem Wasser rudern oder segeln.<\/p>\n<p>Beachclub Central Park<\/p>\n<p class=\"text-18 leading-17 user-text-lg:text-22 user-text-xl:text-24\">&#8222;Fr\u00fcher war bei uns in der Schanze ein Beachclub, wo ich im Sommer gern im Sand gesessen habe&#8220;, sagt Oerding. Seit 2022 hat der Strandclub mitten in der Stadt allerdings geschlossen. Der Beachclub schreibt auf seiner Seite: &#8222;Es war einmal der Ruhepol vom Schulterblatt.&#8220; Grund f\u00fcr die Schlie\u00dfung ist der Bau der neuen Sternbr\u00fccke auf dem Gel\u00e4nde des Central Parks, der sogenannten Brammerfl\u00e4che.<\/p>\n<p class=\"text-18 leading-17 user-text-lg:text-22 user-text-xl:text-24\">Die Br\u00fccke soll im Sommer fertiggestellt und die Brammerfl\u00e4che im ersten Quartal 2027 wieder freigegeben werden. Allerdings ist die Fl\u00e4che im Besitz der st\u00e4dtischen Finanzbeh\u00f6rde und derzeit gelistet im Wohnungsbauprogramm des Bezirks Altona f\u00fcr bis zu 125 Wohungen. Daf\u00fcr m\u00fcsste der Bebauungsplan, der bisher nur Gewerbefl\u00e4che vorsieht, angepasst werden. Wie die Fl\u00e4che bis dahin genutzt werden soll und ob der Beachclub dort eine Zwischennutzung anstrebt, ist bisher nicht entschieden. Aber es soll ein \u00f6ffentliches Beteiligungsverfahren \u00fcber die Nutzung geben.<\/p>\n<p class=\"text-18 leading-17 user-text-lg:text-22 user-text-xl:text-24\">Oerding habe geh\u00f6rt, wenn die Baustelle weg sei, komme der Club wieder. &#8222;Dann kann ich nur sagen, Leute, geht in diesen Beachclub&#8220;, sagt Oerding, &#8222;ihr denkt, ihr seid in der Karibik am Strand.&#8220;<\/p>\n<p>Oerding bleibt trotz Hamburger Regen<\/p>\n<p><a href=\"#focus-1\" class=\"transition-colors duration-200 block text-current relative\" data-sctrack=\"FocusGalleryImage.Reference\"><img   loading=\"lazy\" src=\"https:\/\/www.europesays.com\/de\/wp-content\/uploads\/2026\/06\/1780437923_463_image.jpg\" alt=\"Johannes Oerding \u00fcber Hamburg: &quot;Die Stadt hat einen ganz eigenen Vibe.&quot;\" title=\"Johannes Oerding \u00fcber Hamburg: &quot;Die Stadt hat einen ganz eigenen Vibe.&quot;\" width=\"1895\" height=\"2843\" class=\"h-full w-full max-w-full rounded-8\" decoding=\"async\"\/><img loading=\"lazy\" src=\"https:\/\/hamburg.t-online.de\/s\/paper\/_next\/static\/media\/zoom-in.f7dae02f.svg\" alt=\"Vergr\u00f6\u00dfern des Bildes\" title=\"Vergr\u00f6\u00dfern des Bildes\" class=\"block h-[calc(var(--height)_\/_16_*_1rem)] w-[calc(var(--width)_\/_16_*_1rem)] max-w-none absolute bottom-8 right-8 rounded-4 bg-snow p-8\" style=\"--width:32;--height:32\" decoding=\"async\"\/>Johannes Oerding \u00fcber Hamburg: &#8222;Die Stadt hat einen ganz eigenen Vibe.&#8220; (Quelle: Tim Tyson)<\/a><\/p>\n","protected":false},"excerpt":{"rendered":"Lieblingsorte von Johannes Oerding &#8222;Da will ich allein rumgammeln&#8220; Aktualisiert am 02.06.2026 &#8211; 20:15 UhrLesedauer: 2 Min. Johannes&hellip;\n","protected":false},"author":2,"featured_media":927165,"comment_status":"","ping_status":"","sticky":false,"template":"","format":"standard","meta":{"footnotes":"","_share_on_mastodon":"0"},"categories":[1772],"tags":[2201,35928,143318,39823,29,214,30,692,18118,25220,96036,1779,810,25256,215],"class_list":["post-1065305","post","type-post","status-publish","format-standard","has-post-thumbnail","category-musik","tag-2201","tag-aussenalster","tag-beachclub","tag-bellevue","tag-deutschland","tag-entertainment","tag-germany","tag-hamburg","tag-hansestadt","tag-johannes-oerding","tag-lieblingsorte","tag-music","tag-musik","tag-sing-meinen-song","tag-unterhaltung"],"share_on_mastodon":{"url":"https:\/\/pubeurope.com\/@de\/116682788488113904","error":""},"_links":{"self":[{"href":"https:\/\/www.europesays.com\/de\/wp-json\/wp\/v2\/posts\/1065305","targetHints":{"allow":["GET"]}}],"collection":[{"href":"https:\/\/www.europesays.com\/de\/wp-json\/wp\/v2\/posts"}],"about":[{"href":"https:\/\/www.europesays.com\/de\/wp-json\/wp\/v2\/types\/post"}],"author":[{"embeddable":true,"href":"https:\/\/www.europesays.com\/de\/wp-json\/wp\/v2\/users\/2"}],"replies":[{"embeddable":true,"href":"https:\/\/www.europesays.com\/de\/wp-json\/wp\/v2\/comments?post=1065305"}],"version-history":[{"count":0,"href":"https:\/\/www.europesays.com\/de\/wp-json\/wp\/v2\/posts\/1065305\/revisions"}],"wp:featuredmedia":[{"embeddable":true,"href":"https:\/\/www.europesays.com\/de\/wp-json\/wp\/v2\/media\/927165"}],"wp:attachment":[{"href":"https:\/\/www.europesays.com\/de\/wp-json\/wp\/v2\/media?parent=1065305"}],"wp:term":[{"taxonomy":"category","embeddable":true,"href":"https:\/\/www.europesays.com\/de\/wp-json\/wp\/v2\/categories?post=1065305"},{"taxonomy":"post_tag","embeddable":true,"href":"https:\/\/www.europesays.com\/de\/wp-json\/wp\/v2\/tags?post=1065305"}],"curies":[{"name":"wp","href":"https:\/\/api.w.org\/{rel}","templated":true}]}}