{"id":1065318,"date":"2026-06-02T22:12:17","date_gmt":"2026-06-02T22:12:17","guid":{"rendered":"https:\/\/www.europesays.com\/de\/1065318\/"},"modified":"2026-06-02T22:12:17","modified_gmt":"2026-06-02T22:12:17","slug":"kuenstliche-intelligenz-donald-trump-unterzeichnet-dekret-zur-pruefung-von-ki-sicherheit","status":"publish","type":"post","link":"https:\/\/www.europesays.com\/de\/1065318\/","title":{"rendered":"K\u00fcnstliche Intelligenz: Donald Trump unterzeichnet Dekret zur Pr\u00fcfung von KI-Sicherheit"},"content":{"rendered":"<p class=\"paragraph article__item\">US-Pr\u00e4sident <a href=\"https:\/\/www.zeit.de\/thema\/donald-trump\" target=\"_blank\" rel=\"nofollow noopener\">Donald Trump<\/a> hat ein Dekret zur \u00dcberpr\u00fcfung von <a href=\"https:\/\/www.zeit.de\/thema\/kuenstliche-intelligenz\" target=\"_blank\" rel=\"nofollow noopener\">KI<\/a>-Modellen auf nationale Sicherheitsrisiken erlassen. Tech-Konzerne werden demnach zur \u00bbfreiwilligen Zusammenarbeit\u00ab mit der Regierung aufgerufen. Von den Unternehmen wird erwartet, der US-Regierung neue KI-Modelle<br \/>\nbinnen 30 Tagen vor Ver\u00f6ffentlichung f\u00fcr Tests zur Verf\u00fcgung zu stellen.\n<\/p>\n<p class=\"paragraph article__item\">Das Dekret schafft eine \u00bbKoordinierungsplattform\u00ab, die vom US-Finanzministerium geleitet werden soll. Damit will die Regierung mit der Industrie auf freiwilliger Basis Sicherheitsl\u00fccken in den KI-Modellen finden.\n<\/p>\n<p>                                    Trump lehnte Regulierung mehrmals ab            <\/p>\n<p class=\"paragraph article__item\">Eine staatliche Zulassung neuer KI-Modelle ist nicht vorgesehen. Es gehe nicht um die \u00bbEinf\u00fchrung einer verpflichtenden beh\u00f6rdlichen Lizenz f\u00fcr die Entwicklung, Ver\u00f6ffentlichung, Freigabe oder Verbreitung neuer KI-Modelle\u00ab, hie\u00df es im Dekret. Trump hatte eine derartige staatliche Regulierung K\u00fcnstlicher Intelligenz mehrmals abgelehnt.\n<\/p>\n<p class=\"paragraph article__item\">Vor zwei Wochen hatte Trump eine <a href=\"https:\/\/www.zeit.de\/digital\/internet\/2026-05\/regulierung-usa-enzylika-fitbit-newsletter-kuenstliche-intelligenz\" target=\"_blank\" rel=\"nofollow noopener\">geplante Unterzeichnung<br \/>\nverschoben<\/a>, weil er bef\u00fcrchtete, eine solche Regelung k\u00f6nnte den US-Vorsprung im Bereich der K\u00fcnstlichen Intelligenz schm\u00e4lern. Wie stark sich der aktuelle Text von der fr\u00fcheren Version unterscheidet, war zun\u00e4chst unklar. US-Medien zufolge war geplant, dass die Regierung schon 90 Tage vor der Ver\u00f6ffentlichung neue KI-Modelle testen darf. Trump lie\u00df den Text offenbar auf Druck der Branche abschw\u00e4chen.\n<\/p>\n<p class=\"paragraph article__item\">Anlass f\u00fcr die Verordnung sind auch die bef\u00fcrchteten Risiken neuer KI-Modelle wie <a href=\"https:\/\/www.zeit.de\/digital\/2026-04\/claude-mythos-anthropic-newsletter-kuenstliche-intelligenz\" target=\"_blank\" rel=\"nofollow noopener\">Mythos von Anthropic<\/a>. Das Modell soll Schwachstellen in Computersystemen aufdecken k\u00f6nnen, zum Beispiel von Banken, Regierungen oder Krankenh\u00e4usern. Deutsche Verfassungssch\u00fctzer und Sicherheitspolitiker hatten gewarnt,<br \/>\nKriminelle oder staatliche Akteure k\u00f6nnten das Programm f\u00fcr Cyberangriffe<br \/>\nnutzen.\u00a0\n<\/p>\n<p>Mehr zum Thema<\/p>\n<p>            KI-Regulierung        <\/p>\n<p>                <a href=\"https:\/\/www.zeit.de\/digital\/internet\/2026-04\/ki-kommission-empfehlungen-innovation-ruestung-regulierung\" data-ct-label=\"KI-Kommission: 300 Milliarden Euro f\u00fcr die KI-Revolution\" data-uuid=\"ba968f46-b984-455d-a413-1cd3572e467e\" rel=\"nofollow noopener\" target=\"_blank\"><\/p>\n<p>                        KI-Kommission:<br \/>\n                        300 Milliarden Euro f\u00fcr die KI-Revolution<\/p>\n<p>                <\/a><\/p>\n<p>                <a href=\"https:\/\/www.zeit.de\/digital\/internet\/2025-11\/yoshua-bengio-technologie-kuenstliche-intelligenz-gefahr-manipulation\" data-ct-label=\"Yoshua Bengio: &quot;Mir ist egal, ob KI denkt. Aber nicht, ob sie meine Kinder t\u00f6tet&quot;\" data-uuid=\"216da2e5-0251-4ab8-bb4b-93bd710b9b99\" rel=\"nofollow noopener\" target=\"_blank\"><\/p>\n<p>        Z+ (abopflichtiger Inhalt);<\/p>\n<p>    Yoshua Bengio:<br \/>\n                        &#8222;Mir ist egal, ob KI denkt. Aber nicht, ob sie meine Kinder t\u00f6tet&#8220;<\/p>\n<p>                <\/a><\/p>\n<p>                <a href=\"https:\/\/www.zeit.de\/digital\/2026-05\/ki-generierte-nacktbilder-newsletter-kuenstliche-intelligenz\" data-ct-label=\"KI-generierte Nacktbilder: Deepfaken verboten!\" data-uuid=\"72b4e846-850f-4e4b-9072-93d45705f1c5\" rel=\"nofollow noopener\" target=\"_blank\"><\/p>\n<p>                        KI-generierte Nacktbilder:<br \/>\n                        Deepfaken verboten!<\/p>\n<p>                <\/a><\/p>\n","protected":false},"excerpt":{"rendered":"US-Pr\u00e4sident Donald Trump hat ein Dekret zur \u00dcberpr\u00fcfung von KI-Modellen auf nationale Sicherheitsrisiken erlassen. Tech-Konzerne werden demnach zur&hellip;\n","protected":false},"author":2,"featured_media":1065319,"comment_status":"","ping_status":"","sticky":false,"template":"","format":"standard","meta":{"footnotes":"","_share_on_mastodon":"0"},"categories":[3],"tags":[1497,5680,106,13,1256,14,15,12,3931,65519,10,8,9,11,64,103,104],"class_list":["post-1065318","post","type-post","status-publish","format-standard","has-post-thumbnail","category-welt","tag-dekret","tag-digital","tag-donald-trump","tag-headlines","tag-kuenstliche-intelligenz","tag-nachrichten","tag-news","tag-schlagzeilen","tag-sicherheit","tag-sicherheitsrisiko","tag-top-news","tag-top-meldungen","tag-topmeldungen","tag-topnews","tag-usa","tag-welt","tag-world"],"share_on_mastodon":{"url":"https:\/\/pubeurope.com\/@de\/116682814211790485","error":""},"_links":{"self":[{"href":"https:\/\/www.europesays.com\/de\/wp-json\/wp\/v2\/posts\/1065318","targetHints":{"allow":["GET"]}}],"collection":[{"href":"https:\/\/www.europesays.com\/de\/wp-json\/wp\/v2\/posts"}],"about":[{"href":"https:\/\/www.europesays.com\/de\/wp-json\/wp\/v2\/types\/post"}],"author":[{"embeddable":true,"href":"https:\/\/www.europesays.com\/de\/wp-json\/wp\/v2\/users\/2"}],"replies":[{"embeddable":true,"href":"https:\/\/www.europesays.com\/de\/wp-json\/wp\/v2\/comments?post=1065318"}],"version-history":[{"count":0,"href":"https:\/\/www.europesays.com\/de\/wp-json\/wp\/v2\/posts\/1065318\/revisions"}],"wp:featuredmedia":[{"embeddable":true,"href":"https:\/\/www.europesays.com\/de\/wp-json\/wp\/v2\/media\/1065319"}],"wp:attachment":[{"href":"https:\/\/www.europesays.com\/de\/wp-json\/wp\/v2\/media?parent=1065318"}],"wp:term":[{"taxonomy":"category","embeddable":true,"href":"https:\/\/www.europesays.com\/de\/wp-json\/wp\/v2\/categories?post=1065318"},{"taxonomy":"post_tag","embeddable":true,"href":"https:\/\/www.europesays.com\/de\/wp-json\/wp\/v2\/tags?post=1065318"}],"curies":[{"name":"wp","href":"https:\/\/api.w.org\/{rel}","templated":true}]}}