{"id":1065420,"date":"2026-06-02T23:06:15","date_gmt":"2026-06-02T23:06:15","guid":{"rendered":"https:\/\/www.europesays.com\/de\/1065420\/"},"modified":"2026-06-02T23:06:15","modified_gmt":"2026-06-02T23:06:15","slug":"zueblin-parkhaus-stuttgart-neue-mitte-selber-machen","status":"publish","type":"post","link":"https:\/\/www.europesays.com\/de\/1065420\/","title":{"rendered":"Z\u00fcblin-Parkhaus Stuttgart: Neue Mitte selber machen"},"content":{"rendered":"<p>Andererseits habe das Vorhaben &#8222;eine Bedeutung f\u00fcr die Stadt Stuttgart, die es erlaubt, eine breitere Zivilgesellschaft und gemeinwohlorientierte K\u00f6rperschaften zu adressieren und zu begeistern&#8220;. Um die Risiken zu minimieren, m\u00fcsse der Verein schrittweise vorgehen: Er wirbt zun\u00e4chst Mitglieder, spricht mit Stiftungen, institutionellen Finanzpartnern und der Stadt und sondiert, was diese jeweils zu investieren bereit w\u00e4ren. Erst wenn das Vorhaben so realisierbar erscheint, folgt als zweiter Schritt die Genossenschaftsgr\u00fcndung.<\/p>\n<p>Um das bis Jahresende hinzukriegen \u2013 und das ist das Ziel \u2013, ben\u00f6tigt der Verein professionelle Unterst\u00fctzung, die wiederum eine Finanzierung voraussetzt. Hofer nennt das die Henne-und-Ei-Problematik. &#8222;Das ist alles anspruchsvoll, aber nicht sehr risikoreich&#8220;, h\u00e4lt der IBA-Intendant m\u00f6glichen Einw\u00e4nden entgegen. &#8222;Wir m\u00f6chten diesen Weg gehen, weil er beispielhaft daf\u00fcr sein k\u00f6nnte, dass in wirtschaftlich schwierigen Zeiten durch Solidarit\u00e4t, Sorgfalt und professionelle Planung etwas realisiert werden kann, das im Moment weder private Investor:innen noch die \u00f6ffentliche Hand leisten k\u00f6nnen.&#8220;<\/p>\n<p>Studientag will &#8222;den Boden bereiten&#8220;<\/p>\n<p>Am 18. Juni soll nun ein Studientag in das Thema Dritte R\u00e4ume einf\u00fchren und Gelegenheit geben, den Verein und das Viertel kennenzulernen. Er beginnt mit einem Impulsvortrag von Oliver Ibert, Direktor des Leibniz-Instituts f\u00fcr raumbezogene Sozialforschung, gefolgt von einer Podiumsdiskussion und acht Workshops am Nachmittag. Die lokale Expertise kommt ebenso zur Sprache wie die Erfahrungen aus anderen St\u00e4dten, etwa des Planungsb\u00fcros &#8222;Stattbau M\u00fcnchen&#8220;.<\/p>\n<p>Andreas Kr\u00fcger, der die Podiumsdiskussion moderiert, kennt beide Seiten. Sein B\u00fcro Belius aus Berlin hat bereits an der Beteiligung zur Neuen Mitte Leonhardsvorstadt 2020\/21 mitgewirkt. Und sein Name taucht \u00fcberall auf, wo in Berlin Interessantes passiert: vom Moritzplatz in Kreuzberg bis zum Haus der Statistik, dem gr\u00f6\u00dften gemeinwohlorientierten Stadtentwicklungsprojekt in Deutschland, direkt am Alexanderplatz, zehnmal so gro\u00df wie das Z\u00fcblin-Parkhaus.<\/p>\n<p>Der Studientag, so Eberhard Schwarz, will &#8222;den Boden bereiten&#8220; f\u00fcr das weitere Vorgehen. Noch ist der junge Verein dabei, sich und das Vorhaben zu organisieren. Richtig spannend wird es im Herbst. Dann wird sich herausstellen, ob es gelingt, gen\u00fcgend Unterst\u00fctzung zu finden.<\/p>\n<p>Der Studientag &#8222;\u00dcber Dritte Orte und Dritte R\u00e4ume&#8220; findet am 18. Juni von 10 bis 17 Uhr in der Leonhardskirche und an verschiedenen Orten im Viertel statt. Zum Programm geht es <a href=\"https:\/\/dritterraum.org\/veranstaltungen\/symposium\/\" target=\"_blank\" rel=\"noreferrer nofollow noopener\">hier<\/a>.<\/p>\n","protected":false},"excerpt":{"rendered":"Andererseits habe das Vorhaben &#8222;eine Bedeutung f\u00fcr die Stadt Stuttgart, die es erlaubt, eine breitere Zivilgesellschaft und gemeinwohlorientierte&hellip;\n","protected":false},"author":2,"featured_media":1065421,"comment_status":"","ping_status":"","sticky":false,"template":"","format":"standard","meta":{"footnotes":"","_share_on_mastodon":"0"},"categories":[1830],"tags":[1634,4671,3364,29,227073,1553,30,227072,1441,71638],"class_list":["post-1065420","post","type-post","status-publish","format-standard","has-post-thumbnail","category-stuttgart","tag-baden-wuerttemberg","tag-buergerschaft","tag-de","tag-deutschland","tag-dritter-raum","tag-genossenschaft","tag-germany","tag-leonhardsvierte","tag-stuttgart","tag-zueblin-parkhaus"],"share_on_mastodon":{"url":"https:\/\/pubeurope.com\/@de\/116683026517014376","error":""},"_links":{"self":[{"href":"https:\/\/www.europesays.com\/de\/wp-json\/wp\/v2\/posts\/1065420","targetHints":{"allow":["GET"]}}],"collection":[{"href":"https:\/\/www.europesays.com\/de\/wp-json\/wp\/v2\/posts"}],"about":[{"href":"https:\/\/www.europesays.com\/de\/wp-json\/wp\/v2\/types\/post"}],"author":[{"embeddable":true,"href":"https:\/\/www.europesays.com\/de\/wp-json\/wp\/v2\/users\/2"}],"replies":[{"embeddable":true,"href":"https:\/\/www.europesays.com\/de\/wp-json\/wp\/v2\/comments?post=1065420"}],"version-history":[{"count":0,"href":"https:\/\/www.europesays.com\/de\/wp-json\/wp\/v2\/posts\/1065420\/revisions"}],"wp:featuredmedia":[{"embeddable":true,"href":"https:\/\/www.europesays.com\/de\/wp-json\/wp\/v2\/media\/1065421"}],"wp:attachment":[{"href":"https:\/\/www.europesays.com\/de\/wp-json\/wp\/v2\/media?parent=1065420"}],"wp:term":[{"taxonomy":"category","embeddable":true,"href":"https:\/\/www.europesays.com\/de\/wp-json\/wp\/v2\/categories?post=1065420"},{"taxonomy":"post_tag","embeddable":true,"href":"https:\/\/www.europesays.com\/de\/wp-json\/wp\/v2\/tags?post=1065420"}],"curies":[{"name":"wp","href":"https:\/\/api.w.org\/{rel}","templated":true}]}}