{"id":1065462,"date":"2026-06-02T23:29:21","date_gmt":"2026-06-02T23:29:21","guid":{"rendered":"https:\/\/www.europesays.com\/de\/1065462\/"},"modified":"2026-06-02T23:29:21","modified_gmt":"2026-06-02T23:29:21","slug":"thomas-mueller-wm-experte-gibt-tv-einsaetze-bekannt","status":"publish","type":"post","link":"https:\/\/www.europesays.com\/de\/1065462\/","title":{"rendered":"Thomas M\u00fcller: WM-Experte gibt TV-Eins\u00e4tze bekannt"},"content":{"rendered":"<p>&#8222;Wenig Spiele in Erinnerung bleiben&#8220; <\/p>\n<p>Thomas M\u00fcller: Wunsch f\u00fcr die WM hat nichts mit dem DFB zu tun<\/p>\n<p>02.06.2026 &#8211; 20:56 UhrLesedauer: 2 Min.<\/p>\n<p><a href=\"#focus-0\" class=\"transition-colors duration-200 block text-current relative\" data-sctrack=\"FocusGalleryImage.Reference\"><img fetchpriority=\"high\" data-testid=\"Opener.Image\"   loading=\"eager\" src=\"https:\/\/www.europesays.com\/de\/wp-content\/uploads\/2026\/06\/fussball-mls-cup-finale-vor-dem-spiel-inter-miami-vancouver-whitecaps-thomas-mueller-von-den-vancouv.jpeg\" alt=\"Thomas M\u00fcller\" title=\"Thomas M\u00fcller\" width=\"2048\" height=\"1152\" class=\"bg-[url:var(--lqipURL)] bg-cover bg-center flex h-full w-full max-w-full\" style=\"--lqipURL:url('https:\/\/images.t-online.de\/2026\/03\/HBUsHcWkvs9Q\/0x48:2048x1152\/fit-in\/150x0\/filters:blur(25)\/fussball-mls-cup-finale-vor-dem-spiel-inter-miami-vancouver-whitecaps-thomas-mueller-von-den-vancouver-whitecaps-lacht-waehrend-einer-pressekonferenz-zu-dpa-tv-job-bei-wm-mueller-tippt-bei-klopp-auf-kuerzere-zuendschnur.jpg')\" decoding=\"async\"\/><img loading=\"lazy\" src=\"https:\/\/www.t-online.de\/s\/paper\/_next\/static\/media\/zoom-in.f7dae02f.svg\" alt=\"Vergr\u00f6\u00dfern des Bildes\" title=\"Vergr\u00f6\u00dfern des Bildes\" class=\"block h-[calc(var(--height)_\/_16_*_1rem)] w-[calc(var(--width)_\/_16_*_1rem)] max-w-none absolute bottom-8 right-8 rounded-4 bg-snow p-8\" style=\"--width:32;--height:32\" decoding=\"async\"\/><\/a><\/p>\n<p>Thomas M\u00fcller: Der Weltmeister von 2014 wird zum ersten Mal als TV-Experte vor der Kamera stehen. (Quelle: Darryl Dyck\/Canadian Press via ZUMA Press\/dpa\/dpa-bilder)<\/p>\n<p><img loading=\"lazy\" src=\"https:\/\/www.t-online.de\/s\/paper\/_next\/static\/media\/audio-volume.6689034c.svg\" alt=\"\" title=\"\" class=\"block h-[calc(var(--height)_\/_16_*_1rem)] w-[calc(var(--width)_\/_16_*_1rem)] max-w-none group-hover:brightness-0 group-hover:invert\" style=\"--width:16;--height:16\" decoding=\"async\"\/>Vorlesen<\/p>\n<p>Aktuelle Zeit:0:00Gesamtdauer:0:00<\/p>\n<p>1x<\/p>\n<p class=\"text-center\">Jetzt neu bei t-online:<\/p>\n<p class=\"text-center\">Schriftgr\u00f6\u00dfe anpassen!<\/p>\n<p><img loading=\"lazy\" src=\"https:\/\/www.t-online.de\/s\/paper\/_next\/static\/media\/font-sizes.32942e33.svg\" alt=\"\" title=\"\" class=\"block h-[calc(var(--height)_\/_16_*_1rem)] w-[calc(var(--width)_\/_16_*_1rem)] max-w-none group-hover:hidden group-aria-expanded:hidden\" style=\"--width:16;--height:16\" decoding=\"async\"\/><img loading=\"lazy\" src=\"https:\/\/www.t-online.de\/s\/paper\/_next\/static\/media\/font-sizes-dark-mode.e382645c.svg\" alt=\"\" title=\"\" class=\"block h-[calc(var(--height)_\/_16_*_1rem)] w-[calc(var(--width)_\/_16_*_1rem)] max-w-none hidden group-hover:block group-aria-expanded:block\" style=\"--width:16;--height:16\" decoding=\"async\"\/><img loading=\"lazy\" src=\"https:\/\/www.t-online.de\/s\/paper\/_next\/static\/media\/sharing-menu-icon.1eb71368.svg\" alt=\"\" title=\"\" class=\"block h-[calc(var(--height)_\/_16_*_1rem)] w-[calc(var(--width)_\/_16_*_1rem)] max-w-none group-hover:brightness-0 group-hover:invert\" style=\"--width:16;--height:16\" decoding=\"async\"\/>Artikel teilen<\/p>\n<p class=\"font-bold text-18 leading-17 user-text-lg:text-22 user-text-xl:text-24\">Als Experte f\u00fcr Magenta TV wird Thomas M\u00fcller die WM begleiten. Er verk\u00fcndet seine ersten Eins\u00e4tze und will \u00fcber ein Thema m\u00f6glichst wenig sprechen.<\/p>\n<p class=\"text-18 leading-17 user-text-lg:text-22 user-text-xl:text-24\"><a class=\"transition-colors duration-200 cursor-pointer text-inherit no-underline text-salemsfur md:hover:text-magenta md:hover:border-magenta md:focus:text-magenta border-current border-b border-solid break-words\" data-tracking=\"{&quot;action&quot;:&quot;click&quot;,&quot;category&quot;:&quot;intextLink&quot;,&quot;label&quot;:&quot;\/themen\/thomas-mueller\/&quot;}\" href=\"https:\/\/www.t-online.de\/themen\/thomas-mueller\/\" data-sctrack=\"BodyAnchor\" rel=\"nofollow noopener\" target=\"_blank\">Thomas M\u00fcller<\/a> hat konkrete W\u00fcnsche f\u00fcr die <a class=\"transition-colors duration-200 cursor-pointer text-inherit no-underline text-salemsfur md:hover:text-magenta md:hover:border-magenta md:focus:text-magenta border-current border-b border-solid break-words\" data-tracking=\"{&quot;action&quot;:&quot;click&quot;,&quot;category&quot;:&quot;intextLink&quot;,&quot;label&quot;:&quot;\/themen\/fussball-wm-2026\/&quot;}\" href=\"https:\/\/www.t-online.de\/themen\/fussball-wm-2026\/\" data-sctrack=\"BodyAnchor\" rel=\"nofollow noopener\" target=\"_blank\">Fu\u00dfball-Weltmeisterschaft<\/a> in den USA, Kanada und Mexiko. &#8222;Intensive Spiele, Einsatz, Fairness. Dass sich der Sport von seiner besten Seite zeigt und Menschen verbindet&#8220;, schreibt der 36-J\u00e4hrige in seinem monatlichen Newsletter. Au\u00dferdem ist ihm ein weiterer Punkt besonders wichtig: &#8222;Dass m\u00f6glichst wenige Spiele in Erinnerung bleiben, bei denen der Schiedsrichter im Fokus stand.&#8220;<\/p>\n<ul class=\"text-18 leading-17 block pl-24 *:pb-16 *:before:inline-block *:before:size-8 *:before:bg-magenta *:before:-ml-[20px] *:before:mb-2 *:before:mr-12 *:before:mt-0\">\n<li><strong class=\"font-bold\">Zeitspiel und Platzverweise betroffen<\/strong>: <a class=\"transition-colors duration-200 cursor-pointer text-inherit no-underline text-salemsfur md:hover:text-magenta md:hover:border-magenta md:focus:text-magenta border-current border-b border-solid break-words\" data-tracking=\"{&quot;action&quot;:&quot;click&quot;,&quot;category&quot;:&quot;intextLink&quot;,&quot;label&quot;:&quot;\/sport\/fussball\/wm\/id_101240138\/wm-2026-aktuell-var-erhaelt-mehr-macht-viele-neuerungen-gegen-zeitspiel.html&quot;}\" href=\"https:\/\/www.t-online.de\/sport\/fussball\/wm\/id_101240138\/wm-2026-aktuell-var-erhaelt-mehr-macht-viele-neuerungen-gegen-zeitspiel.html\" data-sctrack=\"BodyAnchor\" rel=\"nofollow noopener\" target=\"_blank\">Mehr Macht f\u00fcr den VAR \u2013 Neuerungen zur WM 2026<\/a><\/li>\n<li><strong class=\"font-bold\">Vier Szenen im CL-Finale:<\/strong> <a class=\"transition-colors duration-200 cursor-pointer text-inherit no-underline text-salemsfur md:hover:text-magenta md:hover:border-magenta md:focus:text-magenta border-current border-b border-solid break-words\" data-tracking=\"{&quot;action&quot;:&quot;click&quot;,&quot;category&quot;:&quot;intextLink&quot;,&quot;label&quot;:&quot;\/sport\/fussball\/champions-league\/id_101276560\/daniel-siebert-mega-lob-nach-champions-league-finale-fuer-schiedsrichter.html&quot;}\" href=\"https:\/\/www.t-online.de\/sport\/fussball\/champions-league\/id_101276560\/daniel-siebert-mega-lob-nach-champions-league-finale-fuer-schiedsrichter.html\" data-sctrack=\"BodyAnchor\" rel=\"nofollow noopener\" target=\"_blank\">Deutscher Schiri steht im Mittelpunkt \u2013 ZDF-Experte deutlich<\/a><\/li>\n<\/ul>\n<p class=\"text-18 leading-17 user-text-lg:text-22 user-text-xl:text-24\">In den vergangenen Wochen hatte es immer wieder Diskussionen um die Leistungen der europ\u00e4ischen Top-Schiedsrichter bei entscheidenden Champions-League-Spielen gegeben. Aus Deutschland wird lediglich Felix Zwayer Spiele leiten. Zum Turnierstart wurden 52 Unparteiische von der Fifa nominiert, hinzu kommen 88 Assistenten und 30 Videoschiedsrichter.<\/p>\n<p>Thomas M\u00fcller begleitet zwei DFB-Spiele als TV-Experte<\/p>\n<p class=\"text-18 leading-17 user-text-lg:text-22 user-text-xl:text-24\">Dass erstmalig 48 Mannschaften teilnehmen werden, verursacht auch bei M\u00fcller eine noch gr\u00f6\u00dfere Vorfreude. &#8222;Das hei\u00dft, mehr Nationen, mehr Unbekannte, die man vom Namen her noch gar nicht auf dem Schirm hat.&#8220; Er freue sich auf einen &#8222;coolen Fu\u00dfballsommer, mit tollen Spielen, spannenden Gespr\u00e4chen und hoffentlich vielen besonderen Momenten.&#8220;<\/p>\n<p>Loading&#8230;<img decoding=\"async\" src=\"https:\/\/www.t-online.de\/s\/paper\/_next\/static\/media\/image.e47c3ca7.svg\" alt=\"Symbolbild f\u00fcr eingebettete Inhalte\"\/><\/p>\n<p class=\"text-10 uppercase leading-12 text-manatee\">Embed<\/p>\n<p class=\"text-18 leading-17 user-text-lg:text-22 user-text-xl:text-24\">Der Weltmeister von 2014 wird seinen ersten Einsatz als TV-Experte bei Magenta TV direkt beim Er\u00f6ffnungsspiel am 11. Juni (ab 21 Uhr im <a class=\"transition-colors duration-200 cursor-pointer text-inherit no-underline text-salemsfur md:hover:text-magenta md:hover:border-magenta md:focus:text-magenta border-current border-b border-solid break-words\" data-tracking=\"{&quot;action&quot;:&quot;click&quot;,&quot;category&quot;:&quot;intextLink&quot;,&quot;label&quot;:&quot;\/sport\/live-ticker\/heute\/&quot;}\" href=\"https:\/\/www.t-online.de\/sport\/live-ticker\/heute\/\" data-sctrack=\"BodyAnchor\" rel=\"nofollow noopener\" target=\"_blank\">Liveticker<\/a> bei t-online) in Mexiko zwischen dem Co-Gastgeber und S\u00fcdafrika haben. Dort steht er gemeinsam mit Moderator <a class=\"transition-colors duration-200 cursor-pointer text-inherit no-underline text-salemsfur md:hover:text-magenta md:hover:border-magenta md:focus:text-magenta border-current border-b border-solid break-words\" data-tracking=\"{&quot;action&quot;:&quot;click&quot;,&quot;category&quot;:&quot;intextLink&quot;,&quot;label&quot;:&quot;\/themen\/johannes-b-kerner\/&quot;}\" href=\"https:\/\/www.t-online.de\/themen\/johannes-b-kerner\/\" data-sctrack=\"BodyAnchor\" rel=\"nofollow noopener\" target=\"_blank\">Johannes B. Kerner<\/a> und <a class=\"transition-colors duration-200 cursor-pointer text-inherit no-underline text-salemsfur md:hover:text-magenta md:hover:border-magenta md:focus:text-magenta border-current border-b border-solid break-words\" data-tracking=\"{&quot;action&quot;:&quot;click&quot;,&quot;category&quot;:&quot;intextLink&quot;,&quot;label&quot;:&quot;\/themen\/juergen-klopp\/&quot;}\" href=\"https:\/\/www.t-online.de\/themen\/juergen-klopp\/\" data-sctrack=\"BodyAnchor\" rel=\"nofollow noopener\" target=\"_blank\">J\u00fcrgen Klopp<\/a> vor der Kamera.<\/p>\n<p class=\"text-18 leading-17 user-text-lg:text-22 user-text-xl:text-24\">Anschlie\u00dfend wird M\u00fcller bei den ersten beiden Spielen der deutschen Mannschaft gegen Cura\u00e7ao (14. Juni) und die Elfenbeink\u00fcste (20. Juni) vor Ort sein. Zu seinen weiteren Eins\u00e4tzen z\u00e4hlen Frankreich gegen Senegal (16. Juni), Argentinien gegen \u00d6sterreich (22. Juni) und die Schweiz gegen Kanada (24. Juni). Welche weiteren Partien er begleiten wird, steht noch nicht fest.<\/p>\n","protected":false},"excerpt":{"rendered":"&#8222;Wenig Spiele in Erinnerung bleiben&#8220; Thomas M\u00fcller: Wunsch f\u00fcr die WM hat nichts mit dem DFB zu tun&hellip;\n","protected":false},"author":2,"featured_media":1065463,"comment_status":"","ping_status":"","sticky":false,"template":"","format":"standard","meta":{"footnotes":"","_share_on_mastodon":"0"},"categories":[136],"tags":[29,481,19366,30,3523,53,208,265,3197,64,59416],"class_list":["post-1065462","post","type-post","status-publish","format-standard","has-post-thumbnail","category-sport","tag-deutschland","tag-dfb","tag-fussball-wm","tag-germany","tag-kamera","tag-kanada","tag-mexiko","tag-sport","tag-thomas-mueller","tag-usa","tag-wm-2026"],"share_on_mastodon":{"url":"https:\/\/pubeurope.com\/@de\/116683117798359203","error":""},"_links":{"self":[{"href":"https:\/\/www.europesays.com\/de\/wp-json\/wp\/v2\/posts\/1065462","targetHints":{"allow":["GET"]}}],"collection":[{"href":"https:\/\/www.europesays.com\/de\/wp-json\/wp\/v2\/posts"}],"about":[{"href":"https:\/\/www.europesays.com\/de\/wp-json\/wp\/v2\/types\/post"}],"author":[{"embeddable":true,"href":"https:\/\/www.europesays.com\/de\/wp-json\/wp\/v2\/users\/2"}],"replies":[{"embeddable":true,"href":"https:\/\/www.europesays.com\/de\/wp-json\/wp\/v2\/comments?post=1065462"}],"version-history":[{"count":0,"href":"https:\/\/www.europesays.com\/de\/wp-json\/wp\/v2\/posts\/1065462\/revisions"}],"wp:featuredmedia":[{"embeddable":true,"href":"https:\/\/www.europesays.com\/de\/wp-json\/wp\/v2\/media\/1065463"}],"wp:attachment":[{"href":"https:\/\/www.europesays.com\/de\/wp-json\/wp\/v2\/media?parent=1065462"}],"wp:term":[{"taxonomy":"category","embeddable":true,"href":"https:\/\/www.europesays.com\/de\/wp-json\/wp\/v2\/categories?post=1065462"},{"taxonomy":"post_tag","embeddable":true,"href":"https:\/\/www.europesays.com\/de\/wp-json\/wp\/v2\/tags?post=1065462"}],"curies":[{"name":"wp","href":"https:\/\/api.w.org\/{rel}","templated":true}]}}