{"id":1065485,"date":"2026-06-02T23:43:20","date_gmt":"2026-06-02T23:43:20","guid":{"rendered":"https:\/\/www.europesays.com\/de\/1065485\/"},"modified":"2026-06-02T23:43:20","modified_gmt":"2026-06-02T23:43:20","slug":"gladbach-trifft-auf-aston-villa-bei-der-saisoneroeffnung","status":"publish","type":"post","link":"https:\/\/www.europesays.com\/de\/1065485\/","title":{"rendered":"Gladbach trifft auf Aston Villa bei der Saisoner\u00f6ffnung"},"content":{"rendered":"<p class=\"text_ohne_einzug richtext text-em-55 !leading-serif mx-6 desktop:mx-0\">Der 125. Geburtstag von Borussia M\u00f6nchengladbach war ein voller Erfolg im vergangenen Jahr. Bereits Monate zuvor war intensiv spekuliert worden, welchen Gegner die Gladbacher anl\u00e4sslich der Feierlichkeiten empfangen w\u00fcrden. Es wurde der <a href=\"https:\/\/rp-online.de\/thema\/fc-valencia\/\" rel=\"nofollow noopener\" target=\"_blank\">FC Valencia<\/a>, manch einer h\u00e4tte vielleicht eine noch gr\u00f6\u00dfere Nummer aus dem europ\u00e4ischen Fu\u00dfball erwartet. Aber es sollte schlie\u00dflich Borussia voll im Fokus stehen.<\/p>\n<p class=\"richtext text-em-55 !leading-serif mx-6 desktop:mx-0\">F\u00fcr die Saisoner\u00f6ffnung in diesem Jahr hat der Klub einen Gegner an Land gezogen, der die <a href=\"https:\/\/rp-online.de\/thema\/premier-league\/\" rel=\"nofollow noopener\" target=\"_blank\">Premier League<\/a> auf Platz vier abgeschlossen und die Europa League gewonnen hat: <a href=\"https:\/\/rp-online.de\/thema\/aston-villa\/\" rel=\"nofollow noopener\" target=\"_blank\">Aston Villa<\/a> erlebt seine sportlich beste Phase seit Jahrzehnten. Am 15. August um 15.30 Uhr ist der Verein aus Birmingham, der zweitgr\u00f6\u00dften englischen Stadt, im <a href=\"https:\/\/rp-online.de\/thema\/borussia-park\/\" rel=\"nofollow noopener\" target=\"_blank\">Borussia-Park<\/a> zu Gast.<\/p>\n<p class=\"richtext text-em-55 !leading-serif mx-6 desktop:mx-0\">Offiziell verk\u00fcndet ist der Termin noch nicht, aber er ist bereits auf der Seite fussball.de hinterlegt. Eine Woche zuvor ist Aston Villa noch in Asien unterwegs und trifft am 7. August in Hongkong auf den FC Bayern. Es gibt Ger\u00fcchte, dass <a href=\"https:\/\/rp-online.de\/thema\/audi\/\" rel=\"nofollow noopener\" target=\"_blank\">Audi<\/a> als Trikotsponsor bei den Engl\u00e4ndern einsteigt, bei den Bayern ist der Autohersteller Anteilseigner, bei Borussia Co-Sponsor.<\/p>\n<p>Gladbachs Gegner bei der Saisoner\u00f6ffnung:      <\/p>\n<p class=\"richtext text-em-55 !leading-serif mx-6 desktop:mx-0\">2022: Real Sociedad San Sebasti\u00e1n<\/p>\n<p>Borussia M\u00f6nchengladbach: Testspiel auch gegen den Wuppertaler SV      <\/p>\n<p class=\"richtext text-em-55 !leading-serif mx-6 desktop:mx-0\">Der Gladbacher Terminkalender f\u00fcr die Sommer-Vorbereitung f\u00fcllt sich damit. Vergangene Woche hatten die Drittligisten <a href=\"https:\/\/rp-online.de\/thema\/hansa-rostock\/\" rel=\"nofollow noopener\" target=\"_blank\">Hansa Rostock<\/a> (1. August) und <a href=\"https:\/\/rp-online.de\/thema\/rot-weiss-essen\/\" rel=\"nofollow noopener\" target=\"_blank\">Rot-Weiss Essen<\/a> (25. Juli) bekannt gegeben, dass sie Testspiele gegen Borussia bestreiten. Am Dienstag verk\u00fcndete der Wuppertaler SV, dass auch er den Bundesligisten empf\u00e4ngt. Anpfiff am 18. Juli ist um 14 Uhr im Stadion am Zoo. Der Regionalliga-Absteiger d\u00fcrfte damit Borussias erster Gegner nach dem Trainingsauftakt am 12. Juli sein.<\/p>\n<p class=\"richtext text-em-55 !leading-serif mx-6 desktop:mx-0\">Mindestens ein Testspiel wird es w\u00e4hrend des Trainingslagers in Rottach-Egern Anfang August geben, vermutlich ein weiteres auf dem R\u00fcckweg. Eine Woche sp\u00e4ter stellt das Duell mit Aston Villa dann den H\u00f6hepunkt des Sommers dar, bevor wiederum eine Woche sp\u00e4ter die erste Runde im <a href=\"https:\/\/rp-online.de\/thema\/dfb-pokal\/\" rel=\"nofollow noopener\" target=\"_blank\">DFB-Pokal<\/a> ansteht. Am kommenden Samstag, 6. Juni, erf\u00e4hrt Borussia, auf wen sie trifft.<\/p>\n","protected":false},"excerpt":{"rendered":"Der 125. Geburtstag von Borussia M\u00f6nchengladbach war ein voller Erfolg im vergangenen Jahr. Bereits Monate zuvor war intensiv&hellip;\n","protected":false},"author":2,"featured_media":1065486,"comment_status":"","ping_status":"","sticky":false,"template":"","format":"standard","meta":{"footnotes":"","_share_on_mastodon":"0"},"categories":[1849],"tags":[227081,9835,3364,29,548,663,3934,216809,16854,30,13,4918,4455,14,15,1209,35958,70682,12,11460,2130],"class_list":["post-1065485","post","type-post","status-publish","format-standard","has-post-thumbnail","category-moenchengladbach","tag-aston","tag-borussia","tag-de","tag-deutschland","tag-eu","tag-europa","tag-europe","tag-fuellt","tag-gegner","tag-germany","tag-headlines","tag-league","tag-moenchengladbach","tag-nachrichten","tag-news","tag-nordrhein-westfalen","tag-premier","tag-saisoneroeffnung","tag-schlagzeilen","tag-testspiel","tag-villa"],"share_on_mastodon":{"url":"https:\/\/pubeurope.com\/@de\/116683172029971519","error":""},"_links":{"self":[{"href":"https:\/\/www.europesays.com\/de\/wp-json\/wp\/v2\/posts\/1065485","targetHints":{"allow":["GET"]}}],"collection":[{"href":"https:\/\/www.europesays.com\/de\/wp-json\/wp\/v2\/posts"}],"about":[{"href":"https:\/\/www.europesays.com\/de\/wp-json\/wp\/v2\/types\/post"}],"author":[{"embeddable":true,"href":"https:\/\/www.europesays.com\/de\/wp-json\/wp\/v2\/users\/2"}],"replies":[{"embeddable":true,"href":"https:\/\/www.europesays.com\/de\/wp-json\/wp\/v2\/comments?post=1065485"}],"version-history":[{"count":0,"href":"https:\/\/www.europesays.com\/de\/wp-json\/wp\/v2\/posts\/1065485\/revisions"}],"wp:featuredmedia":[{"embeddable":true,"href":"https:\/\/www.europesays.com\/de\/wp-json\/wp\/v2\/media\/1065486"}],"wp:attachment":[{"href":"https:\/\/www.europesays.com\/de\/wp-json\/wp\/v2\/media?parent=1065485"}],"wp:term":[{"taxonomy":"category","embeddable":true,"href":"https:\/\/www.europesays.com\/de\/wp-json\/wp\/v2\/categories?post=1065485"},{"taxonomy":"post_tag","embeddable":true,"href":"https:\/\/www.europesays.com\/de\/wp-json\/wp\/v2\/tags?post=1065485"}],"curies":[{"name":"wp","href":"https:\/\/api.w.org\/{rel}","templated":true}]}}