{"id":1065487,"date":"2026-06-02T23:44:20","date_gmt":"2026-06-02T23:44:20","guid":{"rendered":"https:\/\/www.europesays.com\/de\/1065487\/"},"modified":"2026-06-02T23:44:20","modified_gmt":"2026-06-02T23:44:20","slug":"jrk-und-kita-herten-bewerben-sich-beim-spendenprogramm-vestfuture","status":"publish","type":"post","link":"https:\/\/www.europesays.com\/de\/1065487\/","title":{"rendered":"JRK und Kita Herten bewerben sich beim Spendenprogramm VestFuture!"},"content":{"rendered":"<p>In diesem Jahr geht unser KV mit zwei Einrichtungen an den Start auf die Jagd nach den meisten Sternen beim F\u00f6rderprogramm VestFuture der Sparkasse Vest in Zusammenarbeit mit dem Medienhaus Bauer:\u00a0<\/p>\n<p>Unser Jugendrotkreuz bewirbt sich mit seinem Projekt \u201cFerien ohne Koffer\u201d, das Kindern, die in den Sommerferien nicht verreisen k\u00f6nnen, ein buntes Sommerprogramm anbietet. Hier k\u00f6nnt Ihr das JRK unterst\u00fctzen: <a href=\"https:\/\/www.vestfuture.de\/projekte\/jrk-ferien-ohne-koffer\" target=\"_blank\" rel=\"noreferrer nofollow noopener\">Vest Future<\/a><\/p>\n<p>Unser Bewegungskindergarten Herten plant die Neugestaltung und Aufwertung des Au\u00dfengel\u00e4ndes, um unseren Kita-Kids einen naturnahen, bewegungsf\u00f6rdernden und kreativen Spielraum zu bieten, der die motorische Entwicklung, die Phantasie und das soziale Miteinander st\u00e4rkt. Hier geht&#8217;s zum Projekt: <a href=\"https:\/\/www.vestfuture.de\/projekte\/wurzeln-schlagenflugel-wachsen-ein-naturspielraum-entsteht\" target=\"_blank\" rel=\"noreferrer nofollow noopener\">Vest Future<\/a>\u00a0<\/p>\n<p>JRK und die Kita Herten freuen sich \u00fcber viele Sterne und eine Platzierung unter den besten 100, die eine F\u00f6rderung sichert!\u00a0<\/p>\n<p>Die Abstimmung f\u00fcr beide Projekte zugleich ist m\u00f6glich!<\/p>\n<p>Vielen Dank f\u00fcr Eure Unterst\u00fctzung!\u00a0<\/p>\n","protected":false},"excerpt":{"rendered":"In diesem Jahr geht unser KV mit zwei Einrichtungen an den Start auf die Jagd nach den meisten&hellip;\n","protected":false},"author":2,"featured_media":1065488,"comment_status":"","ping_status":"","sticky":false,"template":"","format":"standard","meta":{"footnotes":"","_share_on_mastodon":"0"},"categories":[1848],"tags":[12718,31483,3364,29,548,663,3934,3658,30,13,3491,14,15,1209,1344,12,6857,21422,227082],"class_list":["post-1065487","post","type-post","status-publish","format-standard","has-post-thumbnail","category-gelsenkirchen","tag-drk","tag-herten","tag-de","tag-deutschland","tag-eu","tag-europa","tag-europe","tag-gelsenkirchen","tag-germany","tag-headlines","tag-kita","tag-nachrichten","tag-news","tag-nordrhein-westfalen","tag-recklinghausen","tag-schlagzeilen","tag-spenden","tag-sterne","tag-vestfuture"],"share_on_mastodon":{"url":"https:\/\/pubeurope.com\/@de\/116683175831041845","error":""},"_links":{"self":[{"href":"https:\/\/www.europesays.com\/de\/wp-json\/wp\/v2\/posts\/1065487","targetHints":{"allow":["GET"]}}],"collection":[{"href":"https:\/\/www.europesays.com\/de\/wp-json\/wp\/v2\/posts"}],"about":[{"href":"https:\/\/www.europesays.com\/de\/wp-json\/wp\/v2\/types\/post"}],"author":[{"embeddable":true,"href":"https:\/\/www.europesays.com\/de\/wp-json\/wp\/v2\/users\/2"}],"replies":[{"embeddable":true,"href":"https:\/\/www.europesays.com\/de\/wp-json\/wp\/v2\/comments?post=1065487"}],"version-history":[{"count":0,"href":"https:\/\/www.europesays.com\/de\/wp-json\/wp\/v2\/posts\/1065487\/revisions"}],"wp:featuredmedia":[{"embeddable":true,"href":"https:\/\/www.europesays.com\/de\/wp-json\/wp\/v2\/media\/1065488"}],"wp:attachment":[{"href":"https:\/\/www.europesays.com\/de\/wp-json\/wp\/v2\/media?parent=1065487"}],"wp:term":[{"taxonomy":"category","embeddable":true,"href":"https:\/\/www.europesays.com\/de\/wp-json\/wp\/v2\/categories?post=1065487"},{"taxonomy":"post_tag","embeddable":true,"href":"https:\/\/www.europesays.com\/de\/wp-json\/wp\/v2\/tags?post=1065487"}],"curies":[{"name":"wp","href":"https:\/\/api.w.org\/{rel}","templated":true}]}}