{"id":106551,"date":"2025-05-13T05:28:10","date_gmt":"2025-05-13T05:28:10","guid":{"rendered":"https:\/\/www.europesays.com\/de\/106551\/"},"modified":"2025-05-13T05:28:10","modified_gmt":"2025-05-13T05:28:10","slug":"gueterzug-mit-holz-entgleist-strecke-der-main-weser-bahn-gesperrt","status":"publish","type":"post","link":"https:\/\/www.europesays.com\/de\/106551\/","title":{"rendered":"G\u00fcterzug mit Holz entgleist: Strecke der Main-Weser-Bahn gesperrt"},"content":{"rendered":"<p>                <a class=\"fancybox\" data-fancybox=\"galerie\" data-caption=\"G\u00fcterzug mit Holz entgleist: Strecke der Main-Weser-Bahn gesperrt  - Fotos: 5VISION.NEWS\" rel=\"on_group noopener\" title=\"G\u00fcterzug mit Holz entgleist: Strecke der Main-Weser-Bahn gesperrt  - Fotos: 5VISION.NEWS\" href=\"https:\/\/oshessen-news.b-cdn.net\/images\/25\/05\/xl\/11776230-5vn-2025-0250-015.jpg\" target=\"_blank\"><img decoding=\"async\" class=\"img-responsive\" style=\"width: 728px; margin-top: 0; border:0;\" src=\"https:\/\/www.europesays.com\/de\/wp-content\/uploads\/2025\/05\/11776230-5vn-2025-0250-015.jpg\" title=\"G\u00fcterzug mit Holz entgleist: Strecke der Main-Weser-Bahn gesperrt\" onerror=\"imgError(this);\"\/><\/p>\n<p>G\u00fcterzug mit Holz entgleist: Strecke der Main-Weser-Bahn gesperrt &#8211; Fotos: 5VISION.NEWS<\/p>\n<p>\n                    <strong>BORKEN (HESSEN)<\/strong><br \/>\n                    Aufwendige Bergungsarbeiten\n                <\/p>\n<p>13.05.25 &#8211; <strong>Am Montagabend kam es auf einer Bahnstrecke in der N\u00e4he von Borken (Hessen) im Schwalm-Eder-Kreis zu einer Zugentgleisung. Ein mit Holz beladener Transportwaggon sowie der zugeh\u00f6rige Triebwagen seien aus bisher unbekannter Ursache aus den Schienen gesprungen. Beide Fahrzeuge gerieten in eine instabile Lage und drohen umzust\u00fcrzen. Auch am Dienstagmorgen ist die Strecke weiterhin gesperrt. <\/strong><\/p>\n<p>Wie 5VISION.NEWS berichtet, sei die betroffene Strecke umgehend gesperrt worden. Einsatzkr\u00e4fte der Feuerwehr, DB Notfallmanager und Bundespolizei seien z\u00fcgig vor Ort eingetroffen, um die Unfallstelle zu sichern und erste Ermittlungen zur Ungl\u00fccksursache aufzunehmen. Die drei Lokf\u00fchrer, die sich auf dem Zug befanden, wurden laut Polizei gl\u00fccklicherweise nicht verletzt.&#13;\n<\/p>\n<p>Kran soll Lok und Waggon wieder aufstellen&#13;<br \/>\nAm Dienstagmorgen erkl\u00e4rt ein Pressesprecher der Bundespolizei gegen\u00fcber <strong>OSTHESSEN|NEWS<\/strong>, dass die Oberleitungsarbeiten bereits stattgefunden haben. Diese gehen dem Einsatz des Kranes voraus, welcher die Lok und den Waggon wieder aufstellen sollen. Stand 6:30 Uhr haben diese Arbeiten noch nicht begonnen. Derzeit wird davon ausgegangen, dass die Arbeiten noch \u00fcber den Vormittag hinaus andauern werden.&#13;\n<\/p>\n<p>Strecke weiterhin gesperrt &#8211; Z\u00fcge werden umgeleitet&#13;<br \/>\nDas Zugungl\u00fcck passierte nach ersten Informationen auf der Strecke der Main-Weser-Bahn, welche die Metropolen Frankfurt am Main und Kassel \u00fcber Gie\u00dfen verbindet. Die genauen Hintergr\u00fcnde der Entgleisung seien bislang unklar. Die Bundespolizei f\u00fchre Untersuchungen durch, um die Ursache des Vorfalls zu kl\u00e4ren. <\/p>\n<p>Die Streckensperrung besteht auch am Dienstagmorgen weiterhin. Laut einem Pressesprecher der Polizei wird der Fernverkehr \u00fcber Hanau umgeleitet. Zwischen Treysa und Wabern gibt es Busse als Ersatzverkehr. <\/p>\n<p><strong>Zusatz-Information<\/strong>: Am sp\u00e4ten Montagabend war auch die Bahnstrecke zwischen Frankfurt am Main und Fulda wegen des Brandes in W\u00e4chtersbach gesperrt. Gegen 3 Uhr am fr\u00fchen Dienstagmorgen konnte sie wieder freigegeben werden. &#8222;In den fr\u00fchen Morgenstunden kann es noch zu Versp\u00e4tungen kommen&#8220;, sagte ein Pressesprecher der Deutschen Bahn gegen\u00fcber <strong>O|N<\/strong>. <\/p>\n<p>Wir informieren Sie, sobald neue Informationen \u00fcber die Streckensperrung vorliegen. (hhb\/kg) +++<\/p>\n<p><\/p>\n","protected":false},"excerpt":{"rendered":"G\u00fcterzug mit Holz entgleist: Strecke der Main-Weser-Bahn gesperrt &#8211; Fotos: 5VISION.NEWS BORKEN (HESSEN) Aufwendige Bergungsarbeiten 13.05.25 &#8211; Am&hellip;\n","protected":false},"author":2,"featured_media":106552,"comment_status":"","ping_status":"","sticky":false,"template":"","format":"standard","meta":{"footnotes":""},"categories":[5],"tags":[6193,6195,6197,6192,13,2052,1381,14,6196,15,6194,12,10,8,9,11],"class_list":{"0":"post-106551","1":"post","2":"type-post","3":"status-publish","4":"format-standard","5":"has-post-thumbnail","7":"category-nachrichten","8":"tag-alsfeld","9":"tag-bad-hersfeld","10":"tag-flieden","11":"tag-fulda","12":"tag-headlines","13":"tag-hessen","14":"tag-lauterbach","15":"tag-nachrichten","16":"tag-neuhof","17":"tag-news","18":"tag-osthessen","19":"tag-schlagzeilen","20":"tag-top-news","21":"tag-top-meldungen","22":"tag-topmeldungen","23":"tag-topnews"},"share_on_mastodon":{"url":"https:\/\/pubeurope.com\/@de\/114498876418808670","error":""},"_links":{"self":[{"href":"https:\/\/www.europesays.com\/de\/wp-json\/wp\/v2\/posts\/106551","targetHints":{"allow":["GET"]}}],"collection":[{"href":"https:\/\/www.europesays.com\/de\/wp-json\/wp\/v2\/posts"}],"about":[{"href":"https:\/\/www.europesays.com\/de\/wp-json\/wp\/v2\/types\/post"}],"author":[{"embeddable":true,"href":"https:\/\/www.europesays.com\/de\/wp-json\/wp\/v2\/users\/2"}],"replies":[{"embeddable":true,"href":"https:\/\/www.europesays.com\/de\/wp-json\/wp\/v2\/comments?post=106551"}],"version-history":[{"count":0,"href":"https:\/\/www.europesays.com\/de\/wp-json\/wp\/v2\/posts\/106551\/revisions"}],"wp:featuredmedia":[{"embeddable":true,"href":"https:\/\/www.europesays.com\/de\/wp-json\/wp\/v2\/media\/106552"}],"wp:attachment":[{"href":"https:\/\/www.europesays.com\/de\/wp-json\/wp\/v2\/media?parent=106551"}],"wp:term":[{"taxonomy":"category","embeddable":true,"href":"https:\/\/www.europesays.com\/de\/wp-json\/wp\/v2\/categories?post=106551"},{"taxonomy":"post_tag","embeddable":true,"href":"https:\/\/www.europesays.com\/de\/wp-json\/wp\/v2\/tags?post=106551"}],"curies":[{"name":"wp","href":"https:\/\/api.w.org\/{rel}","templated":true}]}}