{"id":1065686,"date":"2026-06-03T01:42:18","date_gmt":"2026-06-03T01:42:18","guid":{"rendered":"https:\/\/www.europesays.com\/de\/1065686\/"},"modified":"2026-06-03T01:42:18","modified_gmt":"2026-06-03T01:42:18","slug":"nuernberg-wildschwein-verletzt-frau-und-verwuestet-mehrere-gaerten","status":"publish","type":"post","link":"https:\/\/www.europesays.com\/de\/1065686\/","title":{"rendered":"N\u00fcrnberg: Wildschwein verletzt Frau und verw\u00fcstet mehrere G\u00e4rten"},"content":{"rendered":"<p>Wildes Tier <\/p>\n<p>Wildschwein greift Frau an und verw\u00fcstet G\u00e4rten<\/p>\n<p>03.06.2026 &#8211; 02:58 UhrLesedauer: 2 Min.<\/p>\n<p><a href=\"#focus-0\" class=\"transition-colors duration-200 block text-current relative\" data-sctrack=\"FocusGalleryImage.Reference\"><img fetchpriority=\"high\" data-testid=\"Opener.Image\"   loading=\"eager\" src=\"https:\/\/www.europesays.com\/de\/wp-content\/uploads\/2026\/06\/ein-wildschwein-schaut-aus-einem-wildschweingehege-zum-fotografen-symbolbild-auffaellig-geworden-war.jpeg\" alt=\"Ein Wildschwein schaut aus einem Wildschweingehege zum Fotografen (Symbolbild): Auff\u00e4llig geworden war das Tier am Abend in Neukatzwang, einem Gemeindeteil von N\u00fcrnberg.\" title=\"Ein Wildschwein schaut aus einem Wildschweingehege zum Fotografen (Symbolbild): Auff\u00e4llig geworden war das Tier am Abend in Neukatzwang, einem Gemeindeteil von N\u00fcrnberg.\" width=\"800\" height=\"450\" class=\"bg-[url:var(--lqipURL)] bg-cover bg-center flex h-full w-full max-w-full\" style=\"--lqipURL:url('https:\/\/images.t-online.de\/2026\/06\/ynq7sOXedKya\/0x73:800x450\/fit-in\/150x0\/filters:blur(25)\/ein-wildschwein-schaut-aus-einem-wildschweingehege-zum-fotografen-symbolbild-auffaellig-geworden-war-das-tier-am-abend-in-neukatzwang-einem-gemeindeteil-von-nuernberg.jpg')\" decoding=\"async\"\/><img loading=\"lazy\" src=\"https:\/\/nuernberg.t-online.de\/s\/paper\/_next\/static\/media\/zoom-in.f7dae02f.svg\" alt=\"Vergr\u00f6\u00dfern des Bildes\" title=\"Vergr\u00f6\u00dfern des Bildes\" class=\"block h-[calc(var(--height)_\/_16_*_1rem)] w-[calc(var(--width)_\/_16_*_1rem)] max-w-none absolute bottom-8 right-8 rounded-4 bg-snow p-8\" style=\"--width:32;--height:32\" decoding=\"async\"\/><\/a><\/p>\n<p>Ein Wildschwein schaut aus einem Wildschweingehege zum Fotografen (Symbolbild): Auff\u00e4llig geworden war das Tier am Abend in Neukatzwang, einem Gemeindeteil von N\u00fcrnberg. (Quelle: Lino Mirgeler\/dpa)<\/p>\n<p><img loading=\"lazy\" src=\"https:\/\/nuernberg.t-online.de\/s\/paper\/_next\/static\/media\/audio-volume.6689034c.svg\" alt=\"\" title=\"\" class=\"block h-[calc(var(--height)_\/_16_*_1rem)] w-[calc(var(--width)_\/_16_*_1rem)] max-w-none group-hover:brightness-0 group-hover:invert\" style=\"--width:16;--height:16\" decoding=\"async\"\/>Vorlesen<\/p>\n<p>Aktuelle Zeit:0:00Gesamtdauer:0:00<\/p>\n<p>1x<\/p>\n<p class=\"text-center\">Jetzt neu bei t-online:<\/p>\n<p class=\"text-center\">Schriftgr\u00f6\u00dfe anpassen!<\/p>\n<p><img loading=\"lazy\" src=\"https:\/\/nuernberg.t-online.de\/s\/paper\/_next\/static\/media\/font-sizes.32942e33.svg\" alt=\"\" title=\"\" class=\"block h-[calc(var(--height)_\/_16_*_1rem)] w-[calc(var(--width)_\/_16_*_1rem)] max-w-none group-hover:hidden group-aria-expanded:hidden\" style=\"--width:16;--height:16\" decoding=\"async\"\/><img loading=\"lazy\" src=\"https:\/\/nuernberg.t-online.de\/s\/paper\/_next\/static\/media\/font-sizes-dark-mode.e382645c.svg\" alt=\"\" title=\"\" class=\"block h-[calc(var(--height)_\/_16_*_1rem)] w-[calc(var(--width)_\/_16_*_1rem)] max-w-none hidden group-hover:block group-aria-expanded:block\" style=\"--width:16;--height:16\" decoding=\"async\"\/><img loading=\"lazy\" src=\"https:\/\/nuernberg.t-online.de\/s\/paper\/_next\/static\/media\/sharing-menu-icon.1eb71368.svg\" alt=\"\" title=\"\" class=\"block h-[calc(var(--height)_\/_16_*_1rem)] w-[calc(var(--width)_\/_16_*_1rem)] max-w-none group-hover:brightness-0 group-hover:invert\" style=\"--width:16;--height:16\" decoding=\"async\"\/>Artikel teilen<\/p>\n<p class=\"font-bold text-18 leading-17 user-text-lg:text-22 user-text-xl:text-24\">Ein Wildschwein hat in N\u00fcrnberg-Neukatzwang eine Frau verletzt und mehrere G\u00e4rten verw\u00fcstet. Die Polizei r\u00fcckte aus und warnte Anwohner vor dem Tier.<\/p>\n<p class=\"text-18 leading-17 user-text-lg:text-22 user-text-xl:text-24\">Ein Wildschwein hat in N\u00fcrnberg eine Frau verletzt. Anschlie\u00dfend hat das Tier mehrere G\u00e4rten verw\u00fcstet und einen Polizeieinsatz ausgel\u00f6st, bevor es in den Wald zur\u00fcckkehrte.<\/p>\n<p class=\"text-18 leading-17 user-text-lg:text-22 user-text-xl:text-24\">Auff\u00e4llig geworden war das Tier am Abend in Neukatzwang, einem Gemeindeteil von N\u00fcrnberg. Es war in G\u00e4rten und auf Stra\u00dfen unterwegs, wie eine Polizeisprecherin der Nachrichtenagentur dpa mitteilte. Die Polizei Mittelfranken warnte vor\u00fcbergehend bei X vor dem Tier und meldete Einsatzkr\u00e4fte vor Ort. &#8222;Wir haben Streifen hinzugezogen und den Jagdp\u00e4chter informiert&#8220;, sagte die Sprecherin.<\/p>\n<p>Wildschwein zieht sich schlielich selbst\u00e4dnig in Wald zur\u00fcck<\/p>\n<p class=\"text-18 leading-17 user-text-lg:text-22 user-text-xl:text-24\">Die verletzte Frau wurde von einem Notarzt versorgt. Weitere Details zu ihren Verletzungen und zu den Umst\u00e4nden, wie diese entstanden, lagen der Polizei nach eigenen Angaben nicht vor.<\/p>\n<p class=\"text-18 leading-17 user-text-lg:text-22 user-text-xl:text-24\">Schlie\u00dflich zog sich das Tier selbst zur\u00fcck: \u201eDas Tier hat es vorgezogen, sich durch Flucht zu entziehen \u2013 und ist in den Wald zur\u00fcckgegangen&#8220;, so die Polizeisprecherin.<\/p>\n<p>Wildschweine immer wieder in Schlagzeilen<\/p>\n<p class=\"text-18 leading-17 user-text-lg:text-22 user-text-xl:text-24\">Vorf\u00e4lle mit Wildschweinen im st\u00e4dtischen Raum sind kein Einzelfall. Erst <a class=\"transition-colors duration-200 cursor-pointer text-inherit no-underline text-salemsfur md:hover:text-magenta md:hover:border-magenta md:focus:text-magenta border-current border-b border-solid break-words\" data-tracking=\"{&quot;action&quot;:&quot;click&quot;,&quot;category&quot;:&quot;intextLink&quot;,&quot;label&quot;:&quot;https:\/\/berlin.t-online.de\/region\/berlin\/id_101168782\/berlin-wildschwein-verirrt-sich-in-supermarkt-polizei-vor-ort.html&quot;}\" href=\"https:\/\/berlin.t-online.de\/region\/berlin\/id_101168782\/berlin-wildschwein-verirrt-sich-in-supermarkt-polizei-vor-ort.html\" data-sctrack=\"BodyAnchor\" rel=\"nofollow noopener\" target=\"_blank\">im M\u00e4rz dieses Jahres sorgte ein Wildschwein in Berlin f\u00fcr Aufsehen<\/a>: Es war in einem Einkaufszentrum unterwegs und konnte erst nach mehreren Stunden von der Polizei des Ladens verwiesen werden. Gemeinsam mit Mitarbeitern des Tierparks gelang es den Beamten, das Tier aus dem Allende-Center in K\u00f6penick nach drau\u00dfen zu treiben.<\/p>\n<p class=\"text-18 leading-17 user-text-lg:text-22 user-text-xl:text-24\">Im M\u00e4rz des vergangenen Jahres verletzte ein aggressives Wildschwein in den Pf\u00e4lzer Weinbergen drei Menschen. Es griff zun\u00e4chst einen 77-J\u00e4hrigen auf einem Wohnmobilstellplatz an und verletzte ihn leicht am Bein. Kurz darauf traf es einen 66-j\u00e4hrigen Mann und seine 62-j\u00e4hrige Begleiterin \u2013 ebenfalls leicht an den Beinen. Polizisten erschossen das Tier schlie\u00dflich.<\/p>\n<p class=\"text-18 leading-17 user-text-lg:text-22 user-text-xl:text-24\">F\u00fcr besonders viel internationale Aufmerksamkeit hatte im Sommer 2023 ein Vorfall nahe Berlin gesorgt: Ein Video lie\u00df Beh\u00f6rden und \u00d6ffentlichkeit \u00fcber mehr als 30 Stunden nach einer <a class=\"transition-colors duration-200 cursor-pointer text-inherit no-underline text-salemsfur md:hover:text-magenta md:hover:border-magenta md:focus:text-magenta border-current border-b border-solid break-words\" data-tracking=\"{&quot;action&quot;:&quot;click&quot;,&quot;category&quot;:&quot;intextLink&quot;,&quot;label&quot;:&quot;https:\/\/berlin.t-online.de\/region\/berlin\/id_100230614\/-loewin-in-berlin-so-oft-wurde-das-wildschwein-gesichtet.html&quot;}\" href=\"https:\/\/berlin.t-online.de\/region\/berlin\/id_100230614\/-loewin-in-berlin-so-oft-wurde-das-wildschwein-gesichtet.html\" data-sctrack=\"BodyAnchor\" rel=\"nofollow noopener\" target=\"_blank\">vermeintlichen L\u00f6win im brandenburgischen Kleinmachnow<\/a> suchen. Die Aufl\u00f6sung: Bei dem Tier handelte es sich um ein Wildschwein.<\/p>\n","protected":false},"excerpt":{"rendered":"Wildes Tier Wildschwein greift Frau an und verw\u00fcstet G\u00e4rten 03.06.2026 &#8211; 02:58 UhrLesedauer: 2 Min. Ein Wildschwein schaut&hellip;\n","protected":false},"author":2,"featured_media":1065687,"comment_status":"","ping_status":"","sticky":false,"template":"","format":"standard","meta":{"footnotes":"","_share_on_mastodon":"0"},"categories":[1837],"tags":[722,3176,772,296,3364,29,598,227114,30,4156,227112,3783,121,10395,227113],"class_list":["post-1065686","post","type-post","status-publish","format-standard","has-post-thumbnail","category-nuernberg","tag-722","tag-3176","tag-bayern","tag-berlin","tag-de","tag-deutschland","tag-garten","tag-gemeindeteil","tag-germany","tag-mittelfranken","tag-neukatzwang","tag-nuernberg","tag-polizei","tag-wildschwein","tag-wildschweingehege"],"share_on_mastodon":{"url":"https:\/\/pubeurope.com\/@de\/116683640371143136","error":""},"_links":{"self":[{"href":"https:\/\/www.europesays.com\/de\/wp-json\/wp\/v2\/posts\/1065686","targetHints":{"allow":["GET"]}}],"collection":[{"href":"https:\/\/www.europesays.com\/de\/wp-json\/wp\/v2\/posts"}],"about":[{"href":"https:\/\/www.europesays.com\/de\/wp-json\/wp\/v2\/types\/post"}],"author":[{"embeddable":true,"href":"https:\/\/www.europesays.com\/de\/wp-json\/wp\/v2\/users\/2"}],"replies":[{"embeddable":true,"href":"https:\/\/www.europesays.com\/de\/wp-json\/wp\/v2\/comments?post=1065686"}],"version-history":[{"count":0,"href":"https:\/\/www.europesays.com\/de\/wp-json\/wp\/v2\/posts\/1065686\/revisions"}],"wp:featuredmedia":[{"embeddable":true,"href":"https:\/\/www.europesays.com\/de\/wp-json\/wp\/v2\/media\/1065687"}],"wp:attachment":[{"href":"https:\/\/www.europesays.com\/de\/wp-json\/wp\/v2\/media?parent=1065686"}],"wp:term":[{"taxonomy":"category","embeddable":true,"href":"https:\/\/www.europesays.com\/de\/wp-json\/wp\/v2\/categories?post=1065686"},{"taxonomy":"post_tag","embeddable":true,"href":"https:\/\/www.europesays.com\/de\/wp-json\/wp\/v2\/tags?post=1065686"}],"curies":[{"name":"wp","href":"https:\/\/api.w.org\/{rel}","templated":true}]}}