{"id":1065725,"date":"2026-06-03T02:04:24","date_gmt":"2026-06-03T02:04:24","guid":{"rendered":"https:\/\/www.europesays.com\/de\/1065725\/"},"modified":"2026-06-03T02:04:24","modified_gmt":"2026-06-03T02:04:24","slug":"zehn-millionen-passagiere-mehr-das-planen-lufthansa-und-flughafen-muenchen-am-terminal-2-3","status":"publish","type":"post","link":"https:\/\/www.europesays.com\/de\/1065725\/","title":{"rendered":"Zehn Millionen Passagiere mehr: Das planen Lufthansa und Flughafen M\u00fcnchen am Terminal 2"},"content":{"rendered":"<p class=\"mb-6 text-xs md:text-m lg:text-l font-serif group-[.font-sans]:font-sans \">\n    Die <a href=\"https:\/\/www.augsburger-allgemeine.de\/bayern\/lufthansa-airbus-auf-dem-weg-zum-flughafen-muenchen-notlandung-in-athen-15-05-114207202\" target=\"_self\" class=\"underline \" rel=\"nofollow noopener\">Lufthansa und der M\u00fcnchner Flughafen<\/a> treiben ihre langfristigen Pl\u00e4ne f\u00fcr den Ausbau des Terminals 2 voran. Die beiden Partner h\u00e4tten am Mittwoch \u201edie strategische Grundlage f\u00fcr weiteres Wachstum geschaffen\u201c, verk\u00fcndete der Airport in einer Mitteilung. Demnach habe man das \u201eMemorandum of Unterstanding\u201c, eine Grundsatzvereinbarung, unterzeichnet und damit den Start f\u00fcr die <a href=\"https:\/\/www.augsburger-allgemeine.de\/bayern\/stoerung-am-flughafen-muenchen-grund-fuer-sicherheitsschleusen-am-terminal-2-gesperrt-grund-am-vatertag-114227013\" target=\"_self\" class=\"underline \" rel=\"nofollow noopener\">Ausbauplanung des Terminal 2<\/a> gegeben. Was ist das Ziel?\n  <\/p>\n<p>            Lufthansa will am Flughafen M\u00fcnchen die Langstreckenflotte ausbauen<\/p>\n<p class=\"mb-6 text-xs md:text-m lg:text-l font-serif group-[.font-sans]:font-sans \">\n    Die Lufthansa will ihre Langstreckenflotte in <a href=\"https:\/\/www.augsburger-allgemeine.de\/orte\/aa-muenchen\" target=\"_self\" class=\"underline \" rel=\"nofollow noopener\">M\u00fcnchen<\/a> ausbauen. Daf\u00fcr soll beim geplanten Ausbau ein sogenannter \u201eT-Stiel\u201c entstehen, der zehn weitere Positionen f\u00fcr Langstreckenflugzeuge schaffen w\u00fcrde \u2013 was die Kapazit\u00e4t der Lufthansa am Standort um bis zu zehn Millionen Passagiere steigern k\u00f6nnte. Aktuell hat das Terminal 2 mit dem Satellitengeb\u00e4ude eine Kapazit\u00e4t von 36 Millionen Flugg\u00e4sten j\u00e4hrlich.\n  <\/p>\n<p class=\"mb-6 text-xs md:text-m lg:text-l font-serif group-[.font-sans]:font-sans \">\n    Der Ausbau w\u00fcrde nicht nur den Lufthansa-Standort st\u00e4rken, sondern auch den Flughafen der bayerischen Landeshauptstadt \u201eals internationales Drehkreuz im Rahmen der bestehenden Bahnkapazit\u00e4ten weiter st\u00e4rk[en]\u201c, wie es in der Mitteilung hei\u00dft.\n  <\/p>\n<p>            Flughafen: Terminal 2 in M\u00fcnchen soll ausgebaut werden<\/p>\n<p class=\"mb-6 text-xs md:text-m lg:text-l font-serif group-[.font-sans]:font-sans \">\n    Der <a href=\"https:\/\/www.augsburger-allgemeine.de\/bayern\/flughafen-muenchen-kommt-die-dritte-startbahn-durch-die-hintertuer-113926419\" target=\"_self\" class=\"underline \" rel=\"nofollow noopener\">Anbau des Terminals 2<\/a> soll demnach im Jahr 2035 in Betrieb genommen werden. Seit 2003 haben der Flughafen und die Lufthansa das Terminal 2 als Joint Venture. Mit dem Ausbau wolle man die \u201eZusammenarbeit beider Unternehmen bis 2056\u201c vertiefen, wie aus der Erkl\u00e4rung hervorgeht.\n  <\/p>\n<p class=\"mb-6 text-xs md:text-m lg:text-l font-serif group-[.font-sans]:font-sans \">\n    Bereits im M\u00e4rz <a href=\"https:\/\/www.augsburger-allgemeine.de\/bayern\/flughafen-muenchen-lufthansa-plant-investitionen-und-ausbau-des-terminals-2-24-03-113809416\" target=\"_self\" class=\"underline \" rel=\"nofollow noopener\">hatten Lufthansa und Flughafen M\u00fcnchen verk\u00fcndet, ihre Partnerschaft ausbauen zu wollen<\/a>. Beide sollen nicht nur wirtschaftlich profitieren, sondern wollen damit auch Arbeitspl\u00e4tze schaffen und erhalten, wie es damals anl\u00e4sslich des 100. Jubil\u00e4ums der Lufthansa hie\u00df. Auch Bayerns Ministerpr\u00e4sident Markus S\u00f6der (CSU) nahm damals an der Veranstaltung teil und sprach sich f\u00fcr die vertiefte Kooperation aus.\n  <\/p>\n","protected":false},"excerpt":{"rendered":"Die Lufthansa und der M\u00fcnchner Flughafen treiben ihre langfristigen Pl\u00e4ne f\u00fcr den Ausbau des Terminals 2 voran. Die&hellip;\n","protected":false},"author":2,"featured_media":1033419,"comment_status":"","ping_status":"","sticky":false,"template":"","format":"standard","meta":{"footnotes":"","_share_on_mastodon":"0"},"categories":[1827],"tags":[772,774,54428,29,2109,10647,30,221690,771,1268],"class_list":["post-1065725","post","type-post","status-publish","format-standard","has-post-thumbnail","category-muenchen","tag-bayern","tag-csu","tag-deutsche-lufthansa","tag-deutschland","tag-flughafen","tag-flughafen-muenchen","tag-germany","tag-langstreckenflotte","tag-markus-soeder","tag-muenchen"],"share_on_mastodon":{"url":"https:\/\/pubeurope.com\/@de\/116683726623369375","error":""},"_links":{"self":[{"href":"https:\/\/www.europesays.com\/de\/wp-json\/wp\/v2\/posts\/1065725","targetHints":{"allow":["GET"]}}],"collection":[{"href":"https:\/\/www.europesays.com\/de\/wp-json\/wp\/v2\/posts"}],"about":[{"href":"https:\/\/www.europesays.com\/de\/wp-json\/wp\/v2\/types\/post"}],"author":[{"embeddable":true,"href":"https:\/\/www.europesays.com\/de\/wp-json\/wp\/v2\/users\/2"}],"replies":[{"embeddable":true,"href":"https:\/\/www.europesays.com\/de\/wp-json\/wp\/v2\/comments?post=1065725"}],"version-history":[{"count":0,"href":"https:\/\/www.europesays.com\/de\/wp-json\/wp\/v2\/posts\/1065725\/revisions"}],"wp:featuredmedia":[{"embeddable":true,"href":"https:\/\/www.europesays.com\/de\/wp-json\/wp\/v2\/media\/1033419"}],"wp:attachment":[{"href":"https:\/\/www.europesays.com\/de\/wp-json\/wp\/v2\/media?parent=1065725"}],"wp:term":[{"taxonomy":"category","embeddable":true,"href":"https:\/\/www.europesays.com\/de\/wp-json\/wp\/v2\/categories?post=1065725"},{"taxonomy":"post_tag","embeddable":true,"href":"https:\/\/www.europesays.com\/de\/wp-json\/wp\/v2\/tags?post=1065725"}],"curies":[{"name":"wp","href":"https:\/\/api.w.org\/{rel}","templated":true}]}}