{"id":1065867,"date":"2026-06-03T03:29:22","date_gmt":"2026-06-03T03:29:22","guid":{"rendered":"https:\/\/www.europesays.com\/de\/1065867\/"},"modified":"2026-06-03T03:29:22","modified_gmt":"2026-06-03T03:29:22","slug":"ausfluege-ab-koeln-sechs-besonders-schoene-wanderwege-in-der-eifel","status":"publish","type":"post","link":"https:\/\/www.europesays.com\/de\/1065867\/","title":{"rendered":"Ausfl\u00fcge ab K\u00f6ln: Sechs besonders sch\u00f6ne Wanderwege in der Eifel"},"content":{"rendered":"<p>Von K\u00f6ln in die Natur <\/p>\n<p>Sechs Wanderziele f\u00fcr den n\u00e4chsten Ausflug<\/p>\n<p>Aktualisiert am 03.06.2026 &#8211; 05:17 UhrLesedauer: 3 Min.<\/p>\n<p><a href=\"#focus-0\" class=\"transition-colors duration-200 block text-current relative\" data-sctrack=\"FocusGalleryImage.Reference\"><img fetchpriority=\"high\" data-testid=\"Opener.Image\"   loading=\"eager\" src=\"https:\/\/www.europesays.com\/de\/wp-content\/uploads\/2026\/06\/wasserfall-bei-maria-martental-archivfoto-in-der-eifel-gibt-es-einige-der-schoensten-wanderrouten-de.jpeg\" alt=\"Wasserfall bei Maria Martental (Archivfoto): In der Eifel gibt es einige der sch\u00f6nsten Wanderrouten des Landes.\" title=\"Wasserfall bei Maria Martental (Archivfoto): In der Eifel gibt es einige der sch\u00f6nsten Wanderrouten des Landes.\" width=\"4000\" height=\"2250\" class=\"bg-[url:var(--lqipURL)] bg-cover bg-center flex h-full w-full max-w-full\" style=\"--lqipURL:url('https:\/\/images.t-online.de\/2026\/04\/8-PQy9N-ZVjz\/0x224:4000x2250\/fit-in\/150x0\/filters:blur(25)\/wasserfall-bei-maria-martental-archivfoto-in-der-eifel-gibt-es-einige-der-schoensten-wanderrouten-des-landes.jpg')\" decoding=\"async\"\/><img loading=\"lazy\" src=\"https:\/\/koeln.t-online.de\/s\/paper\/_next\/static\/media\/zoom-in.f7dae02f.svg\" alt=\"Vergr\u00f6\u00dfern des Bildes\" title=\"Vergr\u00f6\u00dfern des Bildes\" class=\"block h-[calc(var(--height)_\/_16_*_1rem)] w-[calc(var(--width)_\/_16_*_1rem)] max-w-none absolute bottom-8 right-8 rounded-4 bg-snow p-8\" style=\"--width:32;--height:32\" decoding=\"async\"\/><\/a><\/p>\n<p>Wasserfall bei Maria Martental (Archivfoto): In der Eifel gibt es einige der sch\u00f6nsten Wanderrouten des Landes. (Quelle: Alice Dias Didszoleit\/imago)<\/p>\n<p><img loading=\"lazy\" src=\"https:\/\/koeln.t-online.de\/s\/paper\/_next\/static\/media\/audio-volume.6689034c.svg\" alt=\"\" title=\"\" class=\"block h-[calc(var(--height)_\/_16_*_1rem)] w-[calc(var(--width)_\/_16_*_1rem)] max-w-none group-hover:brightness-0 group-hover:invert\" style=\"--width:16;--height:16\" decoding=\"async\"\/>Vorlesen<\/p>\n<p>Aktuelle Zeit:0:00Gesamtdauer:0:00<\/p>\n<p>1x<\/p>\n<p class=\"text-center\">Jetzt neu bei t-online:<\/p>\n<p class=\"text-center\">Schriftgr\u00f6\u00dfe anpassen!<\/p>\n<p><img loading=\"lazy\" src=\"https:\/\/koeln.t-online.de\/s\/paper\/_next\/static\/media\/font-sizes.32942e33.svg\" alt=\"\" title=\"\" class=\"block h-[calc(var(--height)_\/_16_*_1rem)] w-[calc(var(--width)_\/_16_*_1rem)] max-w-none group-hover:hidden group-aria-expanded:hidden\" style=\"--width:16;--height:16\" decoding=\"async\"\/><img loading=\"lazy\" src=\"https:\/\/koeln.t-online.de\/s\/paper\/_next\/static\/media\/font-sizes-dark-mode.e382645c.svg\" alt=\"\" title=\"\" class=\"block h-[calc(var(--height)_\/_16_*_1rem)] w-[calc(var(--width)_\/_16_*_1rem)] max-w-none hidden group-hover:block group-aria-expanded:block\" style=\"--width:16;--height:16\" decoding=\"async\"\/><img loading=\"lazy\" src=\"https:\/\/koeln.t-online.de\/s\/paper\/_next\/static\/media\/sharing-menu-icon.1eb71368.svg\" alt=\"\" title=\"\" class=\"block h-[calc(var(--height)_\/_16_*_1rem)] w-[calc(var(--width)_\/_16_*_1rem)] max-w-none group-hover:brightness-0 group-hover:invert\" style=\"--width:16;--height:16\" decoding=\"async\"\/>Artikel teilen<\/p>\n<p class=\"font-bold text-18 leading-17 user-text-lg:text-22 user-text-xl:text-24\">Wer von K\u00f6ln aus spontan in die Natur m\u00f6chte, findet in der Eifel zahlreiche Ziele. Einige Wanderungen \u00fcberraschen mit Wasserf\u00e4llen, bei anderen begibt man sich auf die Spuren l\u00e4ngst erloschener Vulkane.<\/p>\n<p class=\"text-18 leading-17 user-text-lg:text-22 user-text-xl:text-24\">Die Eifel geh\u00f6rt zu den abwechslungsreichsten Wanderregionen in Deutschland. Im einzigen Nationalpark Nordrhein-Westfalens treffen sanfte H\u00fcgel auf Vulkankrater, mittelalterliche Burgen und dichte W\u00e4lder. Von K\u00f6ln aus ist das Mittelgebirge zudem schnell zu erreichen \u2013 ideal f\u00fcr spontane Ausfl\u00fcge.<\/p>\n<p class=\"text-18 leading-17 user-text-lg:text-22 user-text-xl:text-24\">Das Wanderangebot ist entsprechend gro\u00df: Die Eifel erstreckt sich von Aachen \u00fcber weite Teile von Rheinland-Pfalz bis nach Trier und reicht sogar bis nach Belgien und Luxemburg. Insgesamt f\u00fchren rund 113 ausgewiesene Wege durch die Region. Ob gem\u00fctliche Tour oder anspruchsvolle Strecke \u2013 dank der gro\u00dfen Auswahl finden sowohl Einsteiger als auch erfahrene Wanderer passende Routen durch die abwechslungsreiche Landschaft.<\/p>\n<p class=\"text-18 leading-17 user-text-lg:text-22 user-text-xl:text-24\">Die sechs sch\u00f6nsten Routen im \u00dcberblick:<\/p>\n<p>Wandern auf dem &#8222;Himmel und \u00c4d&#8220; in der Eifel<\/p>\n<p class=\"text-18 leading-17 user-text-lg:text-22 user-text-xl:text-24\">Das Gericht &#8222;Himmel und \u00c4d&#8220; kennen viele K\u00f6lner, es besteht aus \u00c4pfeln, Kartoffeln und Blut- oder Leberwurst \u2013 Zutaten also, die in den Himmel ragen (\u00c4pfel) und aus der Erde kommen (Kartoffeln). Es ist deshalb Namensgeber dieses Wanderweges. Denn auch dieser f\u00fchrt in die H\u00f6he, aber auch hinab in die T\u00e4ler.<\/p>\n<p><a href=\"#focus-1\" class=\"transition-colors duration-200 block text-current relative\" data-sctrack=\"FocusGalleryImage.Reference\"><img   loading=\"lazy\" src=\"https:\/\/www.europesays.com\/de\/wp-content\/uploads\/2026\/06\/1780457361_833_image.jpg\" alt=\"imago images 195202409\" title=\"imago images 195202409\" width=\"1745\" height=\"982\" class=\"h-full w-full max-w-full rounded-8\" decoding=\"async\"\/><img loading=\"lazy\" src=\"https:\/\/koeln.t-online.de\/s\/paper\/_next\/static\/media\/zoom-in.f7dae02f.svg\" alt=\"Vergr\u00f6\u00dfern des Bildes\" title=\"Vergr\u00f6\u00dfern des Bildes\" class=\"block h-[calc(var(--height)_\/_16_*_1rem)] w-[calc(var(--width)_\/_16_*_1rem)] max-w-none absolute bottom-8 right-8 rounded-4 bg-snow p-8\" style=\"--width:32;--height:32\" decoding=\"async\"\/>Wegbeschreibung zu den Eifel Schleifen: Der Weg ist auch ohne Karte und Navi zu finden. (Quelle: imago-images-bilder)<\/a><\/p>\n<p class=\"text-18 leading-17 user-text-lg:text-22 user-text-xl:text-24\">Der Wanderweg geh\u00f6rt zu den sogenannten Eifel Schleifen. Er startet am Parkplatz &#8222;Eifel-Blick Geologischer Wanderpfad \u2013 B\u00fcrvenich&#8220;. Vom Startpunkt an ist der Weg gut ausgeschildert und es braucht weder Navi noch Karte.<\/p>\n<p class=\"text-18 leading-17 user-text-lg:text-22 user-text-xl:text-24\">Auf der Wanderung passiert man ein Wildgehege, die Burg Berg, die kleine Hubertuskapelle und viele kleine W\u00e4lder und B\u00e4che. Die Gesamtstrecke betr\u00e4gt elf Kilometer und weist rund 220 H\u00f6henmeter auf.<\/p>\n<ul class=\"text-18 leading-17 block pl-24 *:pb-16 *:before:inline-block *:before:size-8 *:before:bg-magenta *:before:-ml-[20px] *:before:mb-2 *:before:mr-12 *:before:mt-0\">\n<li><strong class=\"font-bold\">&#8222;Tach zesamme&#8220;:<\/strong> <a class=\"transition-colors duration-200 cursor-pointer text-inherit no-underline text-salemsfur md:hover:text-magenta md:hover:border-magenta md:focus:text-magenta border-current border-b border-solid break-words\" data-tracking=\"{&quot;action&quot;:&quot;click&quot;,&quot;category&quot;:&quot;intextLink&quot;,&quot;label&quot;:&quot;\/region\/koeln\/id_100174212\/eifeler-dialekt-diese-begriffe-kennen-nur-mundart-profis.html&quot;}\" href=\"https:\/\/koeln.t-online.de\/region\/koeln\/id_100174212\/eifeler-dialekt-diese-begriffe-kennen-nur-mundart-profis.html\" data-sctrack=\"BodyAnchor\" rel=\"nofollow noopener\" target=\"_blank\">Diese Eifeler Ausdr\u00fccke sollten Sie kennen<\/a><\/li>\n<\/ul>\n<p>Auf dem &#8222;Brotpfad&#8220; steht die sch\u00f6nste H\u00fctte am Eifelsteig<\/p>\n<p><a href=\"#focus-2\" class=\"transition-colors duration-200 block text-current relative\" data-sctrack=\"FocusGalleryImage.Reference\"><img   loading=\"lazy\" src=\"https:\/\/www.europesays.com\/de\/wp-content\/uploads\/2026\/06\/1780457362_554_image.jpg\" alt=\"imago 53540674\" title=\"imago 53540674\" width=\"3000\" height=\"1687\" class=\"h-full w-full max-w-full rounded-8\" decoding=\"async\"\/><img loading=\"lazy\" src=\"https:\/\/koeln.t-online.de\/s\/paper\/_next\/static\/media\/zoom-in.f7dae02f.svg\" alt=\"Vergr\u00f6\u00dfern des Bildes\" title=\"Vergr\u00f6\u00dfern des Bildes\" class=\"block h-[calc(var(--height)_\/_16_*_1rem)] w-[calc(var(--width)_\/_16_*_1rem)] max-w-none absolute bottom-8 right-8 rounded-4 bg-snow p-8\" style=\"--width:32;--height:32\" decoding=\"async\"\/>Brotzeit auf Wanderung (Symbolbild): Der Name des Wanderwegs geht auf fr\u00fchere Zeiten zur\u00fcck. (Quelle: imago stock&amp;people)<\/a><\/p>\n<p class=\"text-18 leading-17 user-text-lg:text-22 user-text-xl:text-24\">Auch diese Wanderroute verdankt ihren Namen einem Lebensmittel: dem Brot. Der Brotpfad stammt aus der Zeit, als die Menschen, die s\u00fcdlich von Blankenheim lebten, in das Dorf wandern mussten, um dort ihr Brot zu verkaufen.<\/p>\n","protected":false},"excerpt":{"rendered":"Von K\u00f6ln in die Natur Sechs Wanderziele f\u00fcr den n\u00e4chsten Ausflug Aktualisiert am 03.06.2026 &#8211; 05:17 UhrLesedauer: 3&hellip;\n","protected":false},"author":2,"featured_media":1065868,"comment_status":"","ping_status":"","sticky":false,"template":"","format":"standard","meta":{"footnotes":"","_share_on_mastodon":"0"},"categories":[1828],"tags":[81915,2201,1424,749,43820,1423,227138,29,1418,6334,30,1420,17614,227137,62223,1209,176,132350,5206,1756,28310,16802,26361,193339,32611],"class_list":["post-1065867","post","type-post","status-publish","format-standard","has-post-thumbnail","category-koeln","tag-blankenheim","tag-2201","tag-aachen","tag-archivfoto","tag-ausflugstipp-koeln","tag-belgien","tag-buervenich","tag-deutschland","tag-eifel","tag-fruehlingsbeginn","tag-germany","tag-koeln","tag-luxemburg","tag-martental","tag-mosel","tag-nordrhein-westfalen","tag-nrw","tag-osteifel","tag-rhein","tag-rheinland-pfalz","tag-trier","tag-wanderroute","tag-wanderung","tag-wanderziel","tag-wasserfall"],"share_on_mastodon":{"url":"","error":""},"_links":{"self":[{"href":"https:\/\/www.europesays.com\/de\/wp-json\/wp\/v2\/posts\/1065867","targetHints":{"allow":["GET"]}}],"collection":[{"href":"https:\/\/www.europesays.com\/de\/wp-json\/wp\/v2\/posts"}],"about":[{"href":"https:\/\/www.europesays.com\/de\/wp-json\/wp\/v2\/types\/post"}],"author":[{"embeddable":true,"href":"https:\/\/www.europesays.com\/de\/wp-json\/wp\/v2\/users\/2"}],"replies":[{"embeddable":true,"href":"https:\/\/www.europesays.com\/de\/wp-json\/wp\/v2\/comments?post=1065867"}],"version-history":[{"count":0,"href":"https:\/\/www.europesays.com\/de\/wp-json\/wp\/v2\/posts\/1065867\/revisions"}],"wp:featuredmedia":[{"embeddable":true,"href":"https:\/\/www.europesays.com\/de\/wp-json\/wp\/v2\/media\/1065868"}],"wp:attachment":[{"href":"https:\/\/www.europesays.com\/de\/wp-json\/wp\/v2\/media?parent=1065867"}],"wp:term":[{"taxonomy":"category","embeddable":true,"href":"https:\/\/www.europesays.com\/de\/wp-json\/wp\/v2\/categories?post=1065867"},{"taxonomy":"post_tag","embeddable":true,"href":"https:\/\/www.europesays.com\/de\/wp-json\/wp\/v2\/tags?post=1065867"}],"curies":[{"name":"wp","href":"https:\/\/api.w.org\/{rel}","templated":true}]}}