{"id":1065912,"date":"2026-06-03T03:53:21","date_gmt":"2026-06-03T03:53:21","guid":{"rendered":"https:\/\/www.europesays.com\/de\/1065912\/"},"modified":"2026-06-03T03:53:21","modified_gmt":"2026-06-03T03:53:21","slug":"bleiben-sie-standhaft-klimakanzlerin-merkel-ist-wieder-da","status":"publish","type":"post","link":"https:\/\/www.europesays.com\/de\/1065912\/","title":{"rendered":"\u201eBleiben Sie standhaft!\u201c : Klimakanzlerin Merkel ist wieder da"},"content":{"rendered":"<p class=\"tspBHk9 tspBHla\">Energiewende, Kohleausstieg, Klimaschutzgesetz, Pariser Klimaabkommen\u00a0\u2013 umweltpolitisch hat Deutschland sich unter Angela Merkels Kanzlerschaft ziemlich bewegt, auch wenn manche Entscheidung heute umstrittener denn je ist. Doch das ist nicht etwa der Grund, dass Bundesumweltminister Carsten Schneider (SPD) am Dienstagabend Merkel begr\u00fc\u00dft. <\/p>\n<p class=\"tspBHk9\">Nein, Merkel ist eine Vorg\u00e4ngerin Schneiders als Umweltministerin, in der letzten Regierung unter <a href=\"https:\/\/www.tagesspiegel.de\/politik\/joschka-fischer-im-gesprach-die-fuhrungsstarke-eines-helmut-kohl-fehlt-15623680.html?icid=in-text-link_15658652\" class=\"link link--internal\" data-gtm-class=\"article-text-link\" data-gtm-val=\"internal\" rel=\"nofollow noopener\" target=\"_blank\">Kanzler Helmut Kohl (CDU)<\/a>. Am Dienstag, im legend\u00e4ren Berliner \u201eCaf\u00e9 Moskau\u201c an der Karl-Marx-Allee, redet Merkel anl\u00e4sslich des 40-j\u00e4hrigen Bestehens des Bundesumweltministeriums. <\/p>\n<p class=\"tspBHk9\">Ob sich die einst als \u201eKlimakanzlerin\u201c gefeierte <a href=\"https:\/\/www.tagesspiegel.de\/politik\/altkanzlerin-als-bundesprasidentin-merkel-wurde-deutschland-spalten-15243906.html?icid=in-text-link_15658652\" class=\"link link--internal\" data-gtm-class=\"article-text-link\" data-gtm-val=\"internal\" rel=\"nofollow noopener\" target=\"_blank\">Angela Merkel<\/a> ein paar Spitzen erlaubt gegen die schwarz-rote Koalition ihres innerparteilichen Widersachers Friedrich Merz (CDU)? Oder \u00fcber deren Umweltpolitik?<\/p>\n<p class=\"tspXfm\">Empfohlener redaktioneller Inhalt<\/p>\n<p> An dieser Stelle finden Sie einen von unseren Redakteuren ausgew\u00e4hlten, externen Inhalt, der den Artikel f\u00fcr Sie mit zus\u00e4tzlichen Informationen anreichert. Sie k\u00f6nnen sich hier den externen Inhalt mit einem Klick anzeigen lassen oder wieder ausblenden. <\/p>\n<p> Externen Inhalt anzeigen <\/p>\n<p class=\"tspXfs\"> Ich bin damit einverstanden, dass mir der externe Inhalt angezeigt wird. Damit k\u00f6nnen personenbezogene Daten an Drittplattformen \u00fcbermittelt werden.  Mehr Informationen dazu erhalten Sie in den Datenschutz-Einstellungen. Diese finden Sie ganz unten auf unserer Seite im Footer, sodass Sie Ihre Einstellungen jederzeit verwalten oder widerrufen k\u00f6nnen. <\/p>\n<p class=\"tspBHk9\">Dienstag, 17.31 Uhr, Auftritt Angela Merkel. Die Altkanzlerin erinnert an ihren Start als Umweltministerin (von 1994 bis 1998). \u201eDie Begeisterung in Bonn hielt sich in Grenzen\u201c, sagt Merkel, \u201eman folgte mir nicht unmittelbar.\u201c Gro\u00df seien die Fu\u00dfspuren ihres Vorg\u00e4ngers Klaus T\u00f6pfer (CDU) gewesen. Merkel nennt Stichworte aus dem Klein-Klein der Umweltpolitik: Kreislaufwirtschaftsgesetz, Aktionsprogramme f\u00fcr Rhein und Elbe, Einschr\u00e4nkung der D\u00fcnns\u00e4ureverklappung. <\/p>\n<p class=\"tspBHk9\">Doch sie ruft auch die Castor-Atomm\u00fcll-Transporte in Erinnerung, die zeitweise von bis zu 30.000 Polizisten gesch\u00fctzt werden mussten. Schwierig sei es damals gewesen, \u201eRecht und Gesetz durchzusetzen\u201c. Merkel erinnert zudem an ihr damaliges Pl\u00e4doyer f\u00fcr die friedliche Nutzung der Atomenergie. Die Tschernobyl-Katastrophe habe sie als \u201eSchlamperei in der Sowjetunion\u201c gewertet, nicht als eine Schw\u00e4che der Technologie als solche.<\/p>\n<blockquote class=\"tspCFow\">\n<p>Ich bin bis heute der Meinung, dass wir die Klimaziele auch ohne Kernenergie erreichen k\u00f6nnen.<\/p>\n<\/blockquote>\n<p class=\"tspCFox\"><strong>Angela Merkel, <\/strong>CDU, Ex-Bundeskanzlerin<\/p>\n<p class=\"tspBHk9\">Merkel schildert, wie sie als Kanzlerin die Laufzeiten der Atomkraftwerke 2010 verl\u00e4ngerte\u00a0\u2013 und im Jahr darauf, nach der Fukushima-Katastrophe, auf den Atomausstieg dr\u00e4ngte. Japan ver\u00e4nderte alles. \u201eIch bin bis heute der Meinung, dass wir die Klimaziele auch ohne Kernenergie erreichen k\u00f6nnen\u201c, verteidigt sie sich. Beifall im Saal. \u201eBeim Kampf gegen die Erderw\u00e4rmung\u201c, sagt Merkel, habe sie \u201ein mir die Au\u00dfenpolitikerin entdeckt\u201c. <\/p>\n<p class=\"tspBHk9\">Dann, nach einer Viertelstunde, setzt Merkel doch noch die kleine Spitze gegen die heutige Politik.  \u201eDer Klimawandel bleibt eine \u00dcberlebensfrage der Menschheit\u201c, sagt sie, \u201emanchmal scheint mir das in diesen Tagen ein wenig in den Hintergrund zu treten.\u201c Die Klimaziele st\u00fcnden unter Druck. \u201eBleiben Sie standhaft\u201c, appelliert sie an all jene, die an den Klimazielen festhalten wollen.  Es sei \u201ewichtig und richtig\u201c, etwa den Zertifikatehandel fortzusetzen. <\/p>\n<p class=\"tspBHk9\">Dann nimmt Merkel wieder Platz, zwischen J\u00fcrgen Trittin (Gr\u00fcne) und Schneider. Der Abend ist ein Heimspiel f\u00fcr sie, das Publikum ist der Altkanzlerin sehr wohlgesonnen.<\/p>\n<p class=\"tspBHk9\">Der heutige Umweltminister Schneider erinnerte zuvor an die Gr\u00fcndung des Ministeriums am 6. Juli 1986, wenige Wochen nach der Reaktorkatastrophe von Tschernobyl. Als \u201emutig und unkonventionell\u201c w\u00fcrdigt er seinen Vorg\u00e4nger Klaus T\u00f6pfer.<\/p>\n<p>Mehr zu Angela Merkel und Carsten Schneider<a href=\"https:\/\/www.tagesspiegel.de\/internationales\/angela-merkel-und-irans-frauenbewegung-damit-sie-spuren-dass-sie-nicht-allein-sind-15622990.html?icid=topic-list_15658652___\" data-gtm-class=\"article-mzt-link\" data-hydrate-fingerprint=\"09740a54944caac75fd2c0c63fd5c5df\" data-hydrate-props=\"{&amp;escapedquot;element&amp;escapedquot;:{&amp;escapedquot;type&amp;escapedquot;:&amp;escapedquot;relatedContent&amp;escapedquot;,&amp;escapedquot;fieldMap&amp;escapedquot;:{},&amp;escapedquot;relation&amp;escapedquot;:{&amp;escapedquot;fields&amp;escapedquot;:{&amp;escapedquot;isPaid&amp;escapedquot;:null},&amp;escapedquot;href&amp;escapedquot;:&amp;escapedquot;\/internationales\/angela-merkel-und-irans-frauenbewegung-damit-sie-spuren-dass-sie-nicht-allein-sind-15622990.html&amp;escapedquot;,&amp;escapedquot;teaserTitle&amp;escapedquot;:{&amp;escapedquot;kicker&amp;escapedquot;:&amp;escapedquot;Angela Merkel und Irans Frauenbewegung&amp;escapedquot;,&amp;escapedquot;headline&amp;escapedquot;:&amp;escapedquot;\u201eDamit sie sp\u00fcren, dass sie nicht allein sind\u201c&amp;escapedquot;},&amp;escapedquot;id&amp;escapedquot;:&amp;escapedquot;15622990&amp;escapedquot;,&amp;escapedquot;type&amp;escapedquot;:&amp;escapedquot;story&amp;escapedquot;},&amp;escapedquot;isPartOfList&amp;escapedquot;:true,&amp;escapedquot;topicListType&amp;escapedquot;:&amp;escapedquot;topic-list&amp;escapedquot;},&amp;escapedquot;showArrow&amp;escapedquot;:true}\" data-hydrate-slots=\"{&#039;default&#039;:[]}\" class=\"tspCNpa tspCOph\" rel=\"nofollow noopener\" target=\"_blank\">Angela Merkel und Irans Frauenbewegung \u201eDamit sie sp\u00fcren, dass sie nicht allein sind\u201c <\/a><a href=\"https:\/\/www.tagesspiegel.de\/politik\/deutschlands-schlechte-klimabilanz-warum-der-umweltminister-auf-verlorenem-posten-kampft-15358491.html?icid=topic-list_15658652___\" data-gtm-class=\"article-mzt-link\" data-hydrate-fingerprint=\"09740a54944caac75fd2c0c63fd5c5df\" data-hydrate-props=\"{&amp;escapedquot;element&amp;escapedquot;:{&amp;escapedquot;type&amp;escapedquot;:&amp;escapedquot;relatedContent&amp;escapedquot;,&amp;escapedquot;fieldMap&amp;escapedquot;:{},&amp;escapedquot;relation&amp;escapedquot;:{&amp;escapedquot;fields&amp;escapedquot;:{&amp;escapedquot;isPaid&amp;escapedquot;:true},&amp;escapedquot;href&amp;escapedquot;:&amp;escapedquot;\/politik\/deutschlands-schlechte-klimabilanz-warum-der-umweltminister-auf-verlorenem-posten-kampft-15358491.html&amp;escapedquot;,&amp;escapedquot;teaserTitle&amp;escapedquot;:{&amp;escapedquot;kicker&amp;escapedquot;:&amp;escapedquot;Deutschlands schlechte Klimabilanz&amp;escapedquot;,&amp;escapedquot;headline&amp;escapedquot;:&amp;escapedquot;Warum der Umweltminister auf verlorenem Posten k\u00e4mpft&amp;escapedquot;},&amp;escapedquot;id&amp;escapedquot;:&amp;escapedquot;15358491&amp;escapedquot;,&amp;escapedquot;type&amp;escapedquot;:&amp;escapedquot;story&amp;escapedquot;},&amp;escapedquot;isPartOfList&amp;escapedquot;:true,&amp;escapedquot;topicListType&amp;escapedquot;:&amp;escapedquot;topic-list&amp;escapedquot;},&amp;escapedquot;showArrow&amp;escapedquot;:true}\" data-hydrate-slots=\"{&#039;default&#039;:[]}\" class=\"tspCNpa tspCOph\" rel=\"nofollow noopener\" target=\"_blank\">Deutschlands schlechte Klimabilanz Warum der Umweltminister auf verlorenem Posten k\u00e4mpft <\/a><a href=\"https:\/\/www.tagesspiegel.de\/politik\/altkanzlerin-als-bundesprasidentin-merkel-nennt-spekulationen-abwegig-15242906.html?icid=topic-list_15658652___\" data-gtm-class=\"article-mzt-link\" data-hydrate-fingerprint=\"09740a54944caac75fd2c0c63fd5c5df\" data-hydrate-props=\"{&amp;escapedquot;element&amp;escapedquot;:{&amp;escapedquot;type&amp;escapedquot;:&amp;escapedquot;relatedContent&amp;escapedquot;,&amp;escapedquot;fieldMap&amp;escapedquot;:{},&amp;escapedquot;relation&amp;escapedquot;:{&amp;escapedquot;fields&amp;escapedquot;:{&amp;escapedquot;isPaid&amp;escapedquot;:null},&amp;escapedquot;href&amp;escapedquot;:&amp;escapedquot;\/politik\/altkanzlerin-als-bundesprasidentin-merkel-nennt-spekulationen-abwegig-15242906.html&amp;escapedquot;,&amp;escapedquot;teaserTitle&amp;escapedquot;:{&amp;escapedquot;kicker&amp;escapedquot;:&amp;escapedquot;Altkanzlerin als Bundespr\u00e4sidentin?&amp;escapedquot;,&amp;escapedquot;headline&amp;escapedquot;:&amp;escapedquot;Merkel nennt Spekulationen \u201eabwegig\u201c&amp;escapedquot;},&amp;escapedquot;id&amp;escapedquot;:&amp;escapedquot;15242906&amp;escapedquot;,&amp;escapedquot;type&amp;escapedquot;:&amp;escapedquot;story&amp;escapedquot;},&amp;escapedquot;isPartOfList&amp;escapedquot;:true,&amp;escapedquot;topicListType&amp;escapedquot;:&amp;escapedquot;topic-list&amp;escapedquot;},&amp;escapedquot;showArrow&amp;escapedquot;:true}\" data-hydrate-slots=\"{&#039;default&#039;:[]}\" class=\"tspCNpa tspCOph\" rel=\"nofollow noopener\" target=\"_blank\">Altkanzlerin als Bundespr\u00e4sidentin? Merkel nennt Spekulationen \u201eabwegig\u201c <\/a><\/p>\n<p class=\"tspBHk9\">\u201eUmweltpolitik hat unser Land st\u00e4rker und sicherer gemacht\u201c, sagt Schneider, verwies auf den hohen Anteil erneuerbarer Energien. Die Chance, den Klimawandel aufzuhalten, habe mit dem <a href=\"https:\/\/www.tagesspiegel.de\/wirtschaft\/teuer-fur-die-steuerzahler-negativer-strompreis-von-499-euro-liefert-reiche-neue-argumente-15557028.html?icid=in-text-link_15658652\" class=\"link link--internal\" data-gtm-class=\"article-text-link\" data-gtm-val=\"internal\" rel=\"nofollow noopener\" target=\"_blank\">Erneuerbare-Energie-Gesetz (EEG)<\/a> zu tun. Die erneuerbaren Energien machten zudem unabh\u00e4ngig von autokratischen Lieferl\u00e4ndern. \u201eWer sich gegen den weiteren Ausbau der Erneuerbaren stellt\u201c, sagt Schneider, \u201ehandelt gegen nationale Interessen.\u201c<\/p>\n","protected":false},"excerpt":{"rendered":"Energiewende, Kohleausstieg, Klimaschutzgesetz, Pariser Klimaabkommen\u00a0\u2013 umweltpolitisch hat Deutschland sich unter Angela Merkels Kanzlerschaft ziemlich bewegt, auch wenn manche&hellip;\n","protected":false},"author":2,"featured_media":1065913,"comment_status":"","ping_status":"","sticky":false,"template":"","format":"standard","meta":{"footnotes":"","_share_on_mastodon":"0"},"categories":[5],"tags":[7015,46653,31,1520,775,137414,13,44123,14,15,307,12,184,10,8,9,11,64969],"class_list":["post-1065912","post","type-post","status-publish","format-standard","has-post-thumbnail","category-nachrichten","tag-angela-merkel","tag-carsten-schneider","tag-cdu","tag-energiewende","tag-friedrich-merz","tag-hauptstadtbuero","tag-headlines","tag-helmut-kohl","tag-nachrichten","tag-news","tag-russland","tag-schlagzeilen","tag-spd","tag-top-news","tag-top-meldungen","tag-topmeldungen","tag-topnews","tag-tschernobyl"],"share_on_mastodon":{"url":"https:\/\/pubeurope.com\/@de\/116684154939307431","error":""},"_links":{"self":[{"href":"https:\/\/www.europesays.com\/de\/wp-json\/wp\/v2\/posts\/1065912","targetHints":{"allow":["GET"]}}],"collection":[{"href":"https:\/\/www.europesays.com\/de\/wp-json\/wp\/v2\/posts"}],"about":[{"href":"https:\/\/www.europesays.com\/de\/wp-json\/wp\/v2\/types\/post"}],"author":[{"embeddable":true,"href":"https:\/\/www.europesays.com\/de\/wp-json\/wp\/v2\/users\/2"}],"replies":[{"embeddable":true,"href":"https:\/\/www.europesays.com\/de\/wp-json\/wp\/v2\/comments?post=1065912"}],"version-history":[{"count":0,"href":"https:\/\/www.europesays.com\/de\/wp-json\/wp\/v2\/posts\/1065912\/revisions"}],"wp:featuredmedia":[{"embeddable":true,"href":"https:\/\/www.europesays.com\/de\/wp-json\/wp\/v2\/media\/1065913"}],"wp:attachment":[{"href":"https:\/\/www.europesays.com\/de\/wp-json\/wp\/v2\/media?parent=1065912"}],"wp:term":[{"taxonomy":"category","embeddable":true,"href":"https:\/\/www.europesays.com\/de\/wp-json\/wp\/v2\/categories?post=1065912"},{"taxonomy":"post_tag","embeddable":true,"href":"https:\/\/www.europesays.com\/de\/wp-json\/wp\/v2\/tags?post=1065912"}],"curies":[{"name":"wp","href":"https:\/\/api.w.org\/{rel}","templated":true}]}}