{"id":1065945,"date":"2026-06-03T04:10:12","date_gmt":"2026-06-03T04:10:12","guid":{"rendered":"https:\/\/www.europesays.com\/de\/1065945\/"},"modified":"2026-06-03T04:10:12","modified_gmt":"2026-06-03T04:10:12","slug":"wuelfrath-hegering-rettet-rehkitze-mit-drohne","status":"publish","type":"post","link":"https:\/\/www.europesays.com\/de\/1065945\/","title":{"rendered":"W\u00fclfrath: Hegering rettet Rehkitze mit Drohne"},"content":{"rendered":"<p class=\"text_ohne_einzug richtext text-em-55 !leading-serif mx-6 desktop:mx-0\"> Auf etwa 100.000 sch\u00e4tzte die deutsche Wildtierstiftung vor f\u00fcnf Jahren die Zahl der j\u00e4hrlich in Deutschland durch M\u00e4hmaschinen get\u00f6teten Rehkitze. Ehrenamtliche Retter fanden je 100 Hektar abgesuchter Gr\u00fcnlandfl\u00e4che ein Dutzend Rehkitze. Deren angeborener Schutzreflex befiehlt ihnen bei Gefahr, still zu bleiben und sich flach auf den Boden zu kauern. Man bezeichnet sie daher auch als \u201eDr\u00fccker\u201c.<\/p>\n<p>Landwirte und Grundst\u00fcckseigent\u00fcmer k\u00f6nnen Drohne mit Pilot anfordern      <\/p>\n<p class=\"richtext text-em-55 !leading-serif mx-6 desktop:mx-0\">Seit diesem Jahr leisten die J\u00e4ger in <a href=\"https:\/\/rp-online.de\/thema\/wuelfrath\/\" rel=\"nofollow noopener\" target=\"_blank\">W\u00fclfrath<\/a> Hilfestellung, um die Zahl der versehentlich get\u00f6teten Rehkitze zu verringern. Beim Hegering ist eine Drohne mit einer W\u00e4rmebildkamera zur Kitzrettung stationiert. Diese Drohne k\u00f6nne von Landwirten oder Grundst\u00fcckseigent\u00fcmern mitsamt einem Drohnenpiloten angefordert werden, bevor die Wiesen gem\u00e4ht werden, teilen die J\u00e4ger mit. Mit dieser Drohne suchen sie die Wiesen nach Jungtieren ab, damit diese nicht schwer verletzt werden oder den M\u00e4htod finden.<\/p>\n<p>Jahreshauptversammlung des Hegerings W\u00fclfrath      <\/p>\n<p class=\"richtext text-em-55 !leading-serif mx-6 desktop:mx-0\">Dies ist eine der Mitteilungen, die der Hegering anl\u00e4sslich seiner Jahreshauptversammlung verk\u00fcndete. Dabei sprachen die versammelten J\u00e4ger einstimmig dem altbew\u00e4hrten Vorstand das Vertrauen aus. So bleiben Luciana Volmer (Vorsitzende), Sabine Pferdekamp (2. Vorsitzende), Kirsten Weimann (Schriftf\u00fchrerin) und Frank Radermacher (Kassenwart) f\u00fcr vier weitere Jahre im Amt. F\u00fcr ihr besonderes Engagement f\u00fcr die Jagd erhielten Sabine Pferdekamp und Lars Lipke die Verdienstnadel des Landesjagdverbandes in Bronze. Zu ihrem 25-j\u00e4hrigen Jubil\u00e4um wurden Thomas Leppak, Lutz Onasch und J\u00f6rg Wehlmann geehrt. Nach langj\u00e4hriger Pause konnte der Obmann f\u00fcr Brauchtum neu besetzt werden. Der Vorsitzende des Jagdhornbl\u00e4serkorps W\u00fclfrath, Thomas Leppak, \u00fcbernimmt den Posten.<\/p>\n<p class=\"richtext text-em-55 !leading-serif mx-6 desktop:mx-0\">Und auch die Jagdhunde erhielten eine Auszeichnung \u2013 schlie\u00dflich sind nur gut ausgebildete und nachweislich gepr\u00fcfte Jagdhunde in der Jagd zugelassen. Vier weitere Hundef\u00fchrer bestanden mit ihren Hunden Pr\u00fcfungen: Vera Haug, Markus Diers, Andr\u00e9 Paulussen und Thomas Leppak.<\/p>\n<p class=\"richtext text-em-55 !leading-serif mx-6 desktop:mx-0\">\u201eSo stark aufgestellt kann der Hegering in eine gute Zukunft blicken\u201c, schreiben die W\u00fclfrather J\u00e4ger. Ein Schwerpunkt liege auf der Arbeit mit Kindern und Jugendlichen. Der Verantwortliche f\u00fcr den seit 25 Jahren bestehenden Lernort Natur (LON), Axel Zobel, bietet Veranstaltungen f\u00fcr W\u00fclfrather Grundschulen an. Im Herbst sind wieder die Waldjugendspiele geplant. 2025 nahmen laut Angaben des Hegerings 500 Grundschulkinder an LON-Veranstaltungen teil.<\/p>\n","protected":false},"excerpt":{"rendered":"Auf etwa 100.000 sch\u00e4tzte die deutsche Wildtierstiftung vor f\u00fcnf Jahren die Zahl der j\u00e4hrlich in Deutschland durch M\u00e4hmaschinen&hellip;\n","protected":false},"author":2,"featured_media":1065946,"comment_status":"","ping_status":"","sticky":false,"template":"","format":"standard","meta":{"footnotes":"","_share_on_mastodon":"0"},"categories":[1840],"tags":[3364,29,30,227150,11334,227151,227152,31405,30832,227153,46609,1209,16988,5962,42697,1031,39201,27167,4418],"class_list":["post-1065945","post","type-post","status-publish","format-standard","has-post-thumbnail","category-wuppertal","tag-de","tag-deutschland","tag-germany","tag-hegering","tag-jagd","tag-jagdhornblaeserkorps","tag-jagdhunde","tag-jaeger","tag-jahreshauptversammlung","tag-landesjagdverbandes","tag-leppak","tag-nordrhein-westfalen","tag-sabine","tag-versammlung","tag-vorsitzende","tag-vorstand","tag-vorstandswahlen","tag-wuelfrath","tag-wuppertal"],"share_on_mastodon":{"url":"https:\/\/pubeurope.com\/@de\/116684221860600270","error":""},"_links":{"self":[{"href":"https:\/\/www.europesays.com\/de\/wp-json\/wp\/v2\/posts\/1065945","targetHints":{"allow":["GET"]}}],"collection":[{"href":"https:\/\/www.europesays.com\/de\/wp-json\/wp\/v2\/posts"}],"about":[{"href":"https:\/\/www.europesays.com\/de\/wp-json\/wp\/v2\/types\/post"}],"author":[{"embeddable":true,"href":"https:\/\/www.europesays.com\/de\/wp-json\/wp\/v2\/users\/2"}],"replies":[{"embeddable":true,"href":"https:\/\/www.europesays.com\/de\/wp-json\/wp\/v2\/comments?post=1065945"}],"version-history":[{"count":0,"href":"https:\/\/www.europesays.com\/de\/wp-json\/wp\/v2\/posts\/1065945\/revisions"}],"wp:featuredmedia":[{"embeddable":true,"href":"https:\/\/www.europesays.com\/de\/wp-json\/wp\/v2\/media\/1065946"}],"wp:attachment":[{"href":"https:\/\/www.europesays.com\/de\/wp-json\/wp\/v2\/media?parent=1065945"}],"wp:term":[{"taxonomy":"category","embeddable":true,"href":"https:\/\/www.europesays.com\/de\/wp-json\/wp\/v2\/categories?post=1065945"},{"taxonomy":"post_tag","embeddable":true,"href":"https:\/\/www.europesays.com\/de\/wp-json\/wp\/v2\/tags?post=1065945"}],"curies":[{"name":"wp","href":"https:\/\/api.w.org\/{rel}","templated":true}]}}