{"id":1066001,"date":"2026-06-03T04:41:39","date_gmt":"2026-06-03T04:41:39","guid":{"rendered":"https:\/\/www.europesays.com\/de\/1066001\/"},"modified":"2026-06-03T04:41:39","modified_gmt":"2026-06-03T04:41:39","slug":"leipzig-gruenau-feiert-50-jahre-grundsteinlegung-festakt-auf-dem-platz-vor-dem-pep-videos-%c2%b7-leipziger-zeitung","status":"publish","type":"post","link":"https:\/\/www.europesays.com\/de\/1066001\/","title":{"rendered":"Leipzig Gr\u00fcnau feiert 50 Jahre Grundsteinlegung: Festakt auf dem Platz vor dem PEP + Videos \u00b7 Leipziger Zeitung"},"content":{"rendered":"<p>Am 1. Juni 1976 wurde der Grundstein f\u00fcr die Gro\u00dfraumsiedlung Leipzig-Gr\u00fcnau gelegt, der Stadtteil hat inzwischen viele Phasen durchlaufen. Die DDR-Traumwohnung mit Bad und flie\u00dfend warmen Wasser inmitten einer Schlammw\u00fcste, Flucht aus der \u201ePlatte\u201c und R\u00fcckbau nach der Wende, aber Gr\u00fcnau ist f\u00fcr viele Leipzigerinnen und Leipziger auch Heimat und es geht wieder aufw\u00e4rts mit dem Stadtteil.<\/p>\n<p>Der Platz vor dem PEP, auf dem der Festakt zum 50-j\u00e4hrigen Gr\u00fcnau-Jubil\u00e4um stattfand, war <a href=\"https:\/\/www.l-iz.de\/top-posts\/2026\/03\/aus-grau-mach-bunt-buergerbeteiligung-in-gruenau-zum-platz-vor-dem-pep-video-651843\" target=\"_blank\" rel=\"noopener nofollow\">Objekt einer B\u00fcrgerbeteiligung<\/a> und wurde kurz vor dem Jubil\u00e4um von Akteuren aus Verwaltung und B\u00fcrgerschaft <a href=\"https:\/\/www.l-iz.de\/leben\/gesellschaft\/2026\/05\/leipzig-gruenau-wird-50-und-der-platz-vor-dem-pep-wird-aufgehuebscht-657648\" target=\"_blank\" rel=\"noopener nofollow\">neu gestaltet<\/a>. Welchen Namen der Platz einmal tragen wird, das ist noch nicht sicher. Dazu aber sp\u00e4ter.<\/p>\n<p><img decoding=\"async\" src=\"https:\/\/www.europesays.com\/de\/wp-content\/uploads\/2026\/06\/58a2bf123462450fa24ceef89a60bc3b.gif\" alt=\"\" width=\"https:\/\/www.l-iz.de\/leben\/gesellschaft\/2026\/06\/1\" height=\"https:\/\/www.l-iz.de\/leben\/gesellschaft\/2026\/06\/1\"\/><\/p>\n<p><img loading=\"lazy\" decoding=\"async\" class=\"size-full wp-image-659266\" src=\"https:\/\/www.europesays.com\/de\/wp-content\/uploads\/2026\/06\/Der-SEB-beim-Festakt-50-Jahre-Gruenau.-Foto-Thomas-Koehler.jpg\" alt=\"\" width=\"1620\" height=\"1080\"  \/>Der SEB beim Festakt 50 Jahre Gr\u00fcnau. Foto: Thomas K\u00f6hler<\/p>\n<p>Es waren viele verschiedene St\u00e4nde aufgebaut, der Heizhaus e. V. gemeinsam mit der offenen Werkstatt der Leipziger Modellschule (LeMo), die LWB, das Stadtgeschichtliche Museum, der St\u00e4dtische Eigenbetrieb Behindertenhilfe (SEB) waren da, um nur einige zu nennen. Das Interesse der vielen Einwohnerinnen und Einwohner war gro\u00df.<\/p>\n<p><img loading=\"lazy\" decoding=\"async\" class=\"size-full wp-image-659267\" src=\"https:\/\/www.europesays.com\/de\/wp-content\/uploads\/2026\/06\/Das-Stadtgeschichtliche-Museum-beim-Festakt-50-Jahre-Guenau.-Foto-Thomas-Koehler.jpg\" alt=\"\" width=\"1620\" height=\"1080\"  \/>Das Stadtgeschichtliche Museum beim Festakt 50 Jahre Gr\u00fcnau. Foto: Thomas K\u00f6hler<\/p>\n<p>Es gab auch ein Kulturprogramm, die T\u00e4nzerinnen der Kinder- und Jugendgruppen des Tanzvereins TSV Joker e. V. Leipzig begeisterten das Publikum mit verschiedenen Darbietungen und ein Bl\u00e4serquartett der Musikalischen Kom\u00f6die sorgte f\u00fcr musikalische Unterhaltung. Im Video sind kurze Ausschnitte zu sehen.<\/p>\n<\/p>\n<p>Prominenz aus Politik, Verwaltung und Stadtgesellschaft war reichlich anwesend. Kulturb\u00fcrgermeisterin Skadi Jennicke, den Bundestagsabgeordneten Holger Mann (SPD), die Landtagsabgeordnete Christin Melcher (B\u00fcndnisgr\u00fcne), leitende Mitarbeiterinnen und Mitarbeiter von \u00c4mtern der Stadt Leipzig und der LWB und andere konnte ich erkennen. Die sp\u00e4ter einzeln genannten Akteure habe ich hier ausgespart.<\/p>\n<p><img loading=\"lazy\" decoding=\"async\" class=\"size-full wp-image-659245\" src=\"https:\/\/www.europesays.com\/de\/wp-content\/uploads\/2026\/06\/Musik-1.jpg\" alt=\"\" width=\"1620\" height=\"1080\"  \/>St\u00e4ndchen des Bl\u00e4serquartetts der MuKo. Foto: Thomas K\u00f6hler<br \/>\nWas verbindet Menschen mit Gr\u00fcnau und diesen 50 Jahren?<\/p>\n<p>Wir haben Siegfried Schlegel getroffen und dazu befragt. Siegfried Schlegel war in verschiedenen Funktionen am Bau von Gr\u00fcnau beteiligt und nach der Wende als Kommunalpolitiker f\u00fcr Die Linke, als Aufsichtsrat der LWB und anderweitig immer mit dem Stadtteil verbunden. Der Unruhest\u00e4ndler gab uns gern Auskunft.<\/p>\n<\/p>\n<p>Eine andere pers\u00f6nliche Geschichte zu Gr\u00fcnau k\u00f6nnen Sie im Artikel <a href=\"https:\/\/www.l-iz.de\/kultur\/ausstellungen\/2026\/05\/als-gruenau-noch-schlammhausen-hiess-vernissage-und-gespraech-mit-harald-kirschner-658010\" rel=\"nofollow noopener\" target=\"_blank\">Als Gr\u00fcnau noch \u201eSchlammhausen\u201c hie\u00df<\/a> nachlesen.<\/p>\n<p>Hat das Konzept einer Gro\u00dfwohnsiedlung wie Gr\u00fcnau Zukunft?<\/p>\n<p>Diese Frage und andere stellten wir Baub\u00fcrgermeister Thomas Dienberg. Er sagte: \u201eIch glaube grunds\u00e4tzlich ja. Wenn bestimmte Themen zuk\u00fcnftig beachtet werden. Wir m\u00fcssen in die \u00f6ffentlichen R\u00e4ume gut investieren, das haben wir in der Vergangenheit auch getan. Aber ich sag das auch ganz ehrlich und mit ein bisschen selbstkritischem Blick: Wir haben das noch nicht in ausreichendem Ma\u00dfe getan. Deswegen ist Gr\u00fcnau f\u00fcr uns auch weiterhin ein Handlungsschwerpunkt in der St\u00e4dtebauf\u00f6rderung. Das hei\u00dft, wir m\u00fcssen hier an der Stelle auch, zuk\u00fcnftig viel investieren.\u201c<\/p>\n<p>Zu \u201eStadt der kurzen Wege\u201c und ob Gr\u00fcnau ein Experimentierfeld f\u00fcr den St\u00e4dtebau ist, sprachen wir auch. Das k\u00f6nnen Sie im Video nachh\u00f6ren.<\/p>\n<\/p>\n<p>Der offizielle Teil<\/p>\n<p>Diese begann mit einer Ansprache des Baub\u00fcrgermeisters, in der er zuerst noch einmal den Anlass des Festaktes schilderte und auf die weiteren Veranstaltungen und Plane f\u00fcr das Festjahr einging.<\/p>\n<p>\u201eVielleicht erst noch mal ein paar S\u00e4tze zu dem, was der Anlass ist. Wir feiern in diesem Jahr das Erbauen und Bestehen der Gro\u00dfwohnsiedlung Gr\u00fcnau, das heute vor 50 Jahren mit der Grundsteinregelung begann. Der heutige Festakt ist nur ein Bruchteil des vielf\u00e4ltigen Jahresprogramms und wenn ich mir das hier so anschaue, dann wird das Programm super, wenn schon der Bruchteil so toll ist. Wir wollen in diesem Jahr eine ganze Menge machen in unterschiedlichsten Veranstaltungen. Wir wollen zur\u00fcckschauen, wir wollen zuh\u00f6ren lernen, wir wollen aber auch nach vorne schauen. Wir wollen neue Pl\u00e4ne schmieden, wir wollen auch Neues anschieben, trotzdem, dass die Situation nicht ganz so rosig ist, was die finanziellen Rahmenbedingungen angeht. Wir wollen auch diskutieren, das haben wir schon in der Vergangenheit getan. Wir wollen kritisch sein und wir wollen konstruktiv sein. Und es soll auch die Chance genutzt werden, einfach Vorurteile abzubauen.\u201c<\/p>\n<\/p>\n<p>Nachfolgend gab er einen kurzen Abriss \u00fcber die Geschichte Gr\u00fcnaus, die Arbeit des Baudezernats und bedankte sich bei allen Akteuren. Das k\u00f6nnen Sie im Video nachverfolgen.<\/p>\n<p>Ein kurzer Ausflug zu der neuen Bankkonstruktion am Springbrunnen und ein Gespr\u00e4ch mit Nina Wiedemann von der LeMo und Stefan Siegert vom Stadtplanungsamt \u00fcber die Umgestaltung des Platzes und die Motivation der Akteure schloss sich an.<\/p>\n<p><img loading=\"lazy\" decoding=\"async\" class=\"size-full wp-image-659238\" src=\"https:\/\/www.europesays.com\/de\/wp-content\/uploads\/2026\/06\/Dienberg-im-Gespraech.jpg\" alt=\"\" width=\"1920\" height=\"1080\"  \/>Probesitzen auf neuer Bank mit Thomas Dienberg, Nina Wiedemann und Stafan Siegert. Foto: Thomas K\u00f6hler<\/p>\n<p>Doktor Anselm Hartinger Leiter des Stadtgeschichtlichen Museums trat gemeinsam mit B\u00fcrgermeister Dienberg ans Mikrofon. Im Gespr\u00e4ch ging es um die Namensgebung f\u00fcr den Platz, die Geschichte des Gel\u00e4ndes auf dem sich Gr\u00fcnau heute befindet und darum, dass eigentlich zu 50 Jahre Gr\u00fcnau auch 100 Jahre des Namens Gr\u00fcnau geh\u00f6rt. Das k\u00f6nnen Sie im Video nachh\u00f6ren. Wir haben uns mit Dr. Hartinger verabredet um zu einem sp\u00e4teren Zeitpunkt etwas genauer \u00fcber Stadtgeschichte, auch die Gr\u00fcnauer Geschichte, zu sprechen.<\/p>\n<\/p>\n<p>Der Oberb\u00fcrgermeister, der eigentlich eine Ansprache halten sollte, war leider von einem Termin in Berlin nicht p\u00fcnktlich zur\u00fcck nach Leipzig gekommen. Baub\u00fcrgermeister Dienberg \u00fcbernahm es den Gr\u00fcnauerinnen und Gr\u00fcnauern die Gr\u00fc\u00dfe des Stadtoberhauptes zu \u00fcberbringen. Die wichtigsten Inhalte waren \u201eGemeinwohl und Zusammenhalt in diesem Stadtteil und in dieser Stadt insgesamt\u201c und die gewachsene Landschaft an Initiativen in der Stadtgesellschaft. \u201eGenau das zeigt, was m\u00f6glich ist, wenn Menschen f\u00fcreinander einstehen. Auch wenn es nicht immer ganz einfach ist.\u201c<\/p>\n<p><img loading=\"lazy\" decoding=\"async\" class=\"size-full wp-image-659273\" src=\"https:\/\/www.europesays.com\/de\/wp-content\/uploads\/2026\/06\/Thomas-Dienberg-und-Dr.-Anselm-Hartinger-im-Gespraech.-Foto-Thomas-Koehler.jpg\" alt=\"\" width=\"1350\" height=\"900\"  \/>Thomas Dienberg und Dr. Anselm Hartinger im Gespr\u00e4ch. Foto: Thomas K\u00f6hler<\/p>\n<p>Zum Abschluss gab es noch ein Gespr\u00e4ch mit der Staatsministerin f\u00fcr Infrastruktur und Landesentwicklung, Regina Kraushaar.<\/p>\n<p>Thomas Dienberg sprach hier auch R\u00fcckschl\u00e4ge an: \u201eInsbesondere bei der Realisierung des Bildungs- und B\u00fcrgerzentrums, das ein wichtiges Projekt hier in Gr\u00fcnau. Wir wollen trotzdem an diesem Projekt weiter festhalten und deshalb bin ich besonders froh, dass wir da, glaube ich, aus dem Bereich der St\u00e4dtebauf\u00f6rderung einiges werden machen k\u00f6nnen. Der Bund wird aufstocken und Frau Kraushaar, vielleicht k\u00f6nnen Sie an der Stelle nochmal auch sagen, wie Sie an der Stelle die Aufgabe und die Position des Freistaates sehen.\u201c<\/p>\n<p><img loading=\"lazy\" decoding=\"async\" class=\"size-full wp-image-659274\" src=\"https:\/\/www.europesays.com\/de\/wp-content\/uploads\/2026\/06\/Staatsministerin-Regina-Krushaar-und-Thomas-Dienberg-im-Gespraech.-Foto-Thomas-Koehler.jpg\" alt=\"\" width=\"1620\" height=\"1080\"  \/>Staatsministerin Regina Krushaar und Thomas Dienberg im Gespr\u00e4ch. Foto: Thomas K\u00f6hler<\/p>\n<p>Die Antwort stimmt hoffnungsvoll: \u201eWir haben gerade heute Morgen wieder eine Runde gehabt. Sie wissen Herr Dienberg, dass wir momentan gerade den Doppelhaushalt 27\/28 aufstellen. Das ist kein leichtes Unterfangen. Einerseits, weil die Einnahmen zwar sehr gro\u00df sind. Wir haben eigentlich genug Einnahmen, aber gleichzeitig Ausgaben, beispielsweise in meinem Haus, so etwas wie das Wohngeld, die auch steigen. Wir haben uns tats\u00e4chlich eine Priorit\u00e4t gesetzt, n\u00e4mlich Bundes- und Europamittel in vollem Umfang abzunehmen und Co zu kofinanzieren. Das haben wir im derzeitigen Haushalt nicht. Wir k\u00f6nnen im derzeitigen Haushalt nur auf 90 Prozent Kofinanzierungsmittel zugreifen. Wir konnten nicht 100 Prozent einsetzen, weil wir einen Sparhaushalt haben. Und Sie wissen es selbst als Baub\u00fcrgermeister, dass die Haushalte wirklich nur noch sehr schwer zu schlie\u00dfen sind. Aber wir haben eine Priorit\u00e4t gesetzt, dass wir tats\u00e4chlich alle Mittel, die der Bund oder Europa und an F\u00f6rdermitteln zur Verf\u00fcgung stellt, abnehmen wollen. Das ist unser Ziel.\u201c<\/p>\n<p>Ministerin Kraushaar ist optimistisch, dass auch der Haushaltgesetzgeber, also die Abgeordneten, das so sehen und entsprechend handeln. Die F\u00f6rdermittel sind auf jeden Fall, nicht nur f\u00fcr Gr\u00fcnau, wichtig um weitere Projekte zu realisieren.<\/p>\n<p>Mit einem nochmaligen Dank an die Vereine, Initiativen und sonstigen Akteure beendete Baub\u00fcrgermeister Dienberg den Festakt und f\u00fcr alle, die sich Karten sichern konnten, ging es ins Kino zur Urauff\u00fchrung des Films \u201eGr\u00fcnau 50\u201c.<\/p>\n","protected":false},"excerpt":{"rendered":"Am 1. Juni 1976 wurde der Grundstein f\u00fcr die Gro\u00dfraumsiedlung Leipzig-Gr\u00fcnau gelegt, der Stadtteil hat inzwischen viele Phasen&hellip;\n","protected":false},"author":2,"featured_media":1066002,"comment_status":"","ping_status":"","sticky":false,"template":"","format":"standard","meta":{"footnotes":"","_share_on_mastodon":"0"},"categories":[1832],"tags":[13494,3364,29,6544,30,16112,2134,3009,71,859,222417],"class_list":["post-1066001","post","type-post","status-publish","format-standard","has-post-thumbnail","category-leipzig","tag-buergerbeteiligung","tag-de","tag-deutschland","tag-festakt","tag-germany","tag-gruenau","tag-interview","tag-jubilaeum","tag-leipzig","tag-sachsen","tag-thomas-dienberg"],"share_on_mastodon":{"url":"https:\/\/pubeurope.com\/@de\/116684344080367788","error":""},"_links":{"self":[{"href":"https:\/\/www.europesays.com\/de\/wp-json\/wp\/v2\/posts\/1066001","targetHints":{"allow":["GET"]}}],"collection":[{"href":"https:\/\/www.europesays.com\/de\/wp-json\/wp\/v2\/posts"}],"about":[{"href":"https:\/\/www.europesays.com\/de\/wp-json\/wp\/v2\/types\/post"}],"author":[{"embeddable":true,"href":"https:\/\/www.europesays.com\/de\/wp-json\/wp\/v2\/users\/2"}],"replies":[{"embeddable":true,"href":"https:\/\/www.europesays.com\/de\/wp-json\/wp\/v2\/comments?post=1066001"}],"version-history":[{"count":0,"href":"https:\/\/www.europesays.com\/de\/wp-json\/wp\/v2\/posts\/1066001\/revisions"}],"wp:featuredmedia":[{"embeddable":true,"href":"https:\/\/www.europesays.com\/de\/wp-json\/wp\/v2\/media\/1066002"}],"wp:attachment":[{"href":"https:\/\/www.europesays.com\/de\/wp-json\/wp\/v2\/media?parent=1066001"}],"wp:term":[{"taxonomy":"category","embeddable":true,"href":"https:\/\/www.europesays.com\/de\/wp-json\/wp\/v2\/categories?post=1066001"},{"taxonomy":"post_tag","embeddable":true,"href":"https:\/\/www.europesays.com\/de\/wp-json\/wp\/v2\/tags?post=1066001"}],"curies":[{"name":"wp","href":"https:\/\/api.w.org\/{rel}","templated":true}]}}