{"id":1066007,"date":"2026-06-03T04:45:20","date_gmt":"2026-06-03T04:45:20","guid":{"rendered":"https:\/\/www.europesays.com\/de\/1066007\/"},"modified":"2026-06-03T04:45:20","modified_gmt":"2026-06-03T04:45:20","slug":"nach-sanierung-an-stuttgarter-zoo-historisches-kleinod-in-der-wilhelma-pavillon-des-koenigs-jetzt-fuer-alle-offen","status":"publish","type":"post","link":"https:\/\/www.europesays.com\/de\/1066007\/","title":{"rendered":"Nach Sanierung an Stuttgarter Zoo: Historisches Kleinod in der Wilhelma: Pavillon des K\u00f6nigs jetzt f\u00fcr alle offen"},"content":{"rendered":"<p>\t\t\t\t\t\t\t\t\t\t\t\t\t\t\t\t\t\t\t\t\t\t\t\t\t\t\t\t      \t\t            \t\t             \t\t\t\t   \t\t\t\t\t   <img decoding=\"async\" id=\"article-image\" fetchpriority=\"high\" alt=\"Nach Sanierung an Stuttgarter Zoo: Historisches Kleinod in der Wilhelma: Pavillon des K\u00f6nigs jetzt f\u00fcr alle offen\" title=\"Nach Sanierung an Stuttgarter Zoo: Historisches Kleinod in der Wilhelma: Pavillon des K\u00f6nigs jetzt f\u00fcr alle offen\" src=\"https:\/\/www.europesays.com\/de\/wp-content\/uploads\/2026\/06\/media.media.1aa3fa52-b8d1-40a3-8517-9fae2f9b8e7e.16x9_700.jpg\" data-linkto=\"https:\/\/www.stuttgarter-nachrichten.de\/javascript:void(0);\"\/>\t\t\t\t\t\t\t\t\t\t\t\t\t\t\t\t\t\t\t\t\t\t\t\tBick in den neu sanierten Pavillon: Immer zwei Mitarbeitende begr\u00fc\u00dfen die Besucher im neuen Eingangspavillon und beantworten dort alle Fragen zur Wilhelma und dortigen Veranstaltungen.\u00a0Foto: Iris Frey\t\t\t<\/p>\n<p>Nach f\u00fcnf Jahren Sanierung ist vor dem Stuttgarter Zoos ab sofort das historische Eingangsgeb\u00e4ude als neues Service-Center t\u00e4glich ge\u00f6ffnet.<\/p>\n<p> Ende April ist der historische Eingangspavillon in der <a href=\"https:\/\/www.stuttgarter-nachrichten.de\/thema\/Wilhelma\" title=\"Wilhelma\" class=\"art_thema\" rel=\"nofollow noopener\" target=\"_blank\">Wilhelma<\/a> nach jahrelanger Sanierung wieder er\u00f6ffnet worden. Seit 1. Juni ist er nun f\u00fcr alle Besucherinnen und Besucher offen \u2013 und zwar jeden Tag. Ein vierk\u00f6pfiges Team ist dort nun t\u00e4tig. F\u00fcr die Besch\u00e4ftigten ist es, wie sie selbst sagen, \u201e\u00fcberw\u00e4ltigend\u201c und \u201esehr sch\u00f6n\u201c, in dem historischen Juwel arbeiten zu d\u00fcrfen.<\/p>\n<p>Die <a href=\"https:\/\/www.stuttgarter-zeitung.de\/inhalt.historisches-kleinod-in-cannstatt-was-vor-der-eroeffnung-am-wilhelma-pavillon-noch-gemacht-werden-muss.c419e756-94ad-4b3f-997d-05ad365ecce8.html\" target=\"_blank\" rel=\"nofollow noopener\">Mitarbeitenden sind Ansprechpartner f\u00fcr alle Fragen<\/a> rund um die Wilhelma. Gleichzeitig sind sie die Anlaufstelle f\u00fcr die Anliegen der Besucher, etwa bei Fragen zu F\u00fchrungen, F\u00fctterungszeiten der Tiere oder auch \u00d6ffnungszeiten. Es gibt in dem Service-Center aber auch Informationen \u00fcber besondere Veranstaltungsm\u00f6glichkeiten wie etwa Hochzeiten oder Geburtstagsfeiern.<\/p>\n<p>Beschwerden nehmen die Mitarbeiter ebenfalls entgegen. Auf einem Bildschirm gibt es weitere Informationen. Vor Ort liegen auch die Wilhelma-Magazine und Faltpl\u00e4ne aus.<\/p>\n<p>  <img decoding=\"async\" loading=\"lazy\" src=\"https:\/\/www.europesays.com\/de\/wp-content\/uploads\/2026\/06\/media.media.cd54477e-2d60-4a1e-a2a7-e0bf5969f8d7.original1024.media.jpeg\"\/>     Im neu ge\u00f6ffneten Service-Center der Wilhelma gibt es Infomaterialien wie Brosch\u00fcren und auch Faltpl\u00e4ne der Wilhelma.    Foto: Iris Frey    Nach f\u00fcnf Jahren Sanierung: Eingangspavillon der Wilhelma wieder ge\u00f6ffnet <\/p>\n<p>Vor f\u00fcnf Jahren hatten <a href=\"https:\/\/www.stuttgarter-zeitung.de\/inhalt.wilhelma-in-stuttgart-pavillon-an-der-wilhelma-wir-haben-exklusive-bilder-vom-neuen-innenraum.0f39eb7b-16e6-41c5-9ae1-24b3adcb8dc7.html\" target=\"_blank\" rel=\"nofollow noopener\">die aufw\u00e4ndigen Sanierungsarbeiten<\/a> am achteckigen Pavillon begonnen. Der gusseiserne Gang wurde erneuert und in Einzelteile zerlegt. Zudem wurden die farbenpr\u00e4chtigen Malereien im Geb\u00e4ude restauriert, die nun die Besucher zum Staunen bringen, die sie erstmals sehen.<\/p>\n<p>  <img decoding=\"async\" loading=\"lazy\" src=\"https:\/\/www.europesays.com\/de\/wp-content\/uploads\/2026\/06\/media.media.d3340859-077a-442c-a4bd-9541c80d4b2b.original1024.media.jpeg\"\/>     Blick nach oben mit dem neuen Leuchter im Wilhelma-Pavillon, der jetzt Service-Center ist.    Foto: Iris Frey    <\/p>\n<p>Auch ein moderner Leuchter mit vielen kleinen LED-Leuchten sorgt f\u00fcr strahlenden Glanz an der hohen Decke. <\/p>\n<p>Erste Besucher zeigten sich begeistert von der Farbenpracht dieses historischen Kleinods, welches aus der Zeit von K\u00f6nig Wilhelm I. stammt. <a href=\"https:\/\/www.stuttgarter-zeitung.de\/inhalt.juwel-in-wilhelma-wiedereroeffnet-5-millionen-euro-fuer-den-pavillon-des-koenigs-restaurierungskosten-explodiert.ebbc4212-be6b-4f67-8ce5-4eb9a7d5925d.html\" target=\"_blank\" rel=\"nofollow noopener\">Die aufw\u00e4ndige Sanierung ist teurer geworden, als geplant. Von urspr\u00fcnglich 1,8 Millionen Euro musste das Land rund f\u00fcnf Millionen Euro zahlen.<\/a> Davon hat der Bund 900.000 Euro durch eine Zuwendung der Beauftragten der Bundesregierung f\u00fcr Kultur und Medien \u00fcbernommen.<\/p>\n<p>Der Service-Center-Pavillon ist t\u00e4glich von 9 bis 16 Uhr in der Wilhelma an der Neckartalstra\u00dfe gleich am Haupteingang ge\u00f6ffnet.<\/p>\n","protected":false},"excerpt":{"rendered":"Bick in den neu sanierten Pavillon: Immer zwei Mitarbeitende begr\u00fc\u00dfen die Besucher im neuen Eingangspavillon und beantworten dort&hellip;\n","protected":false},"author":2,"featured_media":1066008,"comment_status":"","ping_status":"","sticky":false,"template":"","format":"standard","meta":{"footnotes":"","_share_on_mastodon":"0"},"categories":[1830],"tags":[1634,3364,29,227163,30,1441,12378,6500],"class_list":["post-1066007","post","type-post","status-publish","format-standard","has-post-thumbnail","category-stuttgart","tag-baden-wuerttemberg","tag-de","tag-deutschland","tag-eingangspavillon","tag-germany","tag-stuttgart","tag-wilhelma","tag-zoo"],"share_on_mastodon":{"url":"https:\/\/pubeurope.com\/@de\/116684360890934936","error":""},"_links":{"self":[{"href":"https:\/\/www.europesays.com\/de\/wp-json\/wp\/v2\/posts\/1066007","targetHints":{"allow":["GET"]}}],"collection":[{"href":"https:\/\/www.europesays.com\/de\/wp-json\/wp\/v2\/posts"}],"about":[{"href":"https:\/\/www.europesays.com\/de\/wp-json\/wp\/v2\/types\/post"}],"author":[{"embeddable":true,"href":"https:\/\/www.europesays.com\/de\/wp-json\/wp\/v2\/users\/2"}],"replies":[{"embeddable":true,"href":"https:\/\/www.europesays.com\/de\/wp-json\/wp\/v2\/comments?post=1066007"}],"version-history":[{"count":0,"href":"https:\/\/www.europesays.com\/de\/wp-json\/wp\/v2\/posts\/1066007\/revisions"}],"wp:featuredmedia":[{"embeddable":true,"href":"https:\/\/www.europesays.com\/de\/wp-json\/wp\/v2\/media\/1066008"}],"wp:attachment":[{"href":"https:\/\/www.europesays.com\/de\/wp-json\/wp\/v2\/media?parent=1066007"}],"wp:term":[{"taxonomy":"category","embeddable":true,"href":"https:\/\/www.europesays.com\/de\/wp-json\/wp\/v2\/categories?post=1066007"},{"taxonomy":"post_tag","embeddable":true,"href":"https:\/\/www.europesays.com\/de\/wp-json\/wp\/v2\/tags?post=1066007"}],"curies":[{"name":"wp","href":"https:\/\/api.w.org\/{rel}","templated":true}]}}