{"id":1066039,"date":"2026-06-03T05:05:16","date_gmt":"2026-06-03T05:05:16","guid":{"rendered":"https:\/\/www.europesays.com\/de\/1066039\/"},"modified":"2026-06-03T05:05:16","modified_gmt":"2026-06-03T05:05:16","slug":"bauer-sucht-frau-international-hofdame-putzt-klo-mit-zahnbuerste","status":"publish","type":"post","link":"https:\/\/www.europesays.com\/de\/1066039\/","title":{"rendered":"&#8222;Bauer sucht Frau International&#8220;-Hofdame putzt Klo mit Zahnb\u00fcrste"},"content":{"rendered":"<p>                                                                        Bauern-Freunde treffen auf &#8222;Bauer sucht Frau International&#8220;-Hofdamen<\/p>\n<p>Doch der S\u00fcdtiroler ist immer noch unentschlossen, f\u00fcr wen sein Herz schl\u00e4gt. Bei einer gro\u00dfen Feier sollen seine Freunde den Hofdamen auf den Zahn f\u00fchlen. Jasmin wirkt \u00fcberrascht: &#8222;Ich h\u00e4tte nicht erwartet, dass so viele G\u00e4ste geladen sind, damit bin ich jetzt schon ein bisschen \u00fcberfordert&#8220;, gesteht sie.<\/p>\n<p>Katarina genie\u00dft hingegen die ausgelassene Stimmung, singt und tanzt mit typischen Schuhplattlern aus der Region: &#8222;Ich bin total dankbar, solche Menschen kennenlernen zu d\u00fcrfen&#8220;, sagt sie mit Tr\u00e4nen in den Augen. &#8222;Ich brauche diesen Mann, das ist mein Traummann!&#8220;, erkl\u00e4rt sie wenig sp\u00e4ter.<\/p>\n<p>Bei Andreas&#8216;\u00a0Freunden hat Katarina dann auch die Nase vorn: &#8222;Sie wirkt offen und frisch, das passt gut zu Andreas&#8220;, sagt einer der Partyg\u00e4ste. &#8222;Jasmin ist eher ein stilles Wasser, aber stille Wasser sind tief&#8220;, entgegnet ein anderer.<\/p>\n","protected":false},"excerpt":{"rendered":"Bauern-Freunde treffen auf &#8222;Bauer sucht Frau International&#8220;-Hofdamen Doch der S\u00fcdtiroler ist immer noch unentschlossen, f\u00fcr wen sein Herz&hellip;\n","protected":false},"author":2,"featured_media":1066040,"comment_status":"","ping_status":"","sticky":false,"template":"","format":"standard","meta":{"footnotes":"","_share_on_mastodon":"0"},"categories":[1773],"tags":[64353,29,214,30,6629,640,471,1780,215],"class_list":["post-1066039","post","type-post","status-publish","format-standard","has-post-thumbnail","category-serien","tag-bauer-sucht-frau-international","tag-deutschland","tag-entertainment","tag-germany","tag-inka-bause","tag-rtl","tag-serien","tag-series","tag-unterhaltung"],"share_on_mastodon":{"url":"https:\/\/pubeurope.com\/@de\/116684438223216872","error":""},"_links":{"self":[{"href":"https:\/\/www.europesays.com\/de\/wp-json\/wp\/v2\/posts\/1066039","targetHints":{"allow":["GET"]}}],"collection":[{"href":"https:\/\/www.europesays.com\/de\/wp-json\/wp\/v2\/posts"}],"about":[{"href":"https:\/\/www.europesays.com\/de\/wp-json\/wp\/v2\/types\/post"}],"author":[{"embeddable":true,"href":"https:\/\/www.europesays.com\/de\/wp-json\/wp\/v2\/users\/2"}],"replies":[{"embeddable":true,"href":"https:\/\/www.europesays.com\/de\/wp-json\/wp\/v2\/comments?post=1066039"}],"version-history":[{"count":0,"href":"https:\/\/www.europesays.com\/de\/wp-json\/wp\/v2\/posts\/1066039\/revisions"}],"wp:featuredmedia":[{"embeddable":true,"href":"https:\/\/www.europesays.com\/de\/wp-json\/wp\/v2\/media\/1066040"}],"wp:attachment":[{"href":"https:\/\/www.europesays.com\/de\/wp-json\/wp\/v2\/media?parent=1066039"}],"wp:term":[{"taxonomy":"category","embeddable":true,"href":"https:\/\/www.europesays.com\/de\/wp-json\/wp\/v2\/categories?post=1066039"},{"taxonomy":"post_tag","embeddable":true,"href":"https:\/\/www.europesays.com\/de\/wp-json\/wp\/v2\/tags?post=1066039"}],"curies":[{"name":"wp","href":"https:\/\/api.w.org\/{rel}","templated":true}]}}