{"id":106614,"date":"2025-05-13T06:03:13","date_gmt":"2025-05-13T06:03:13","guid":{"rendered":"https:\/\/www.europesays.com\/de\/106614\/"},"modified":"2025-05-13T06:03:13","modified_gmt":"2025-05-13T06:03:13","slug":"muelheim-protest-gegen-afd-veranstaltung-radio-koeln","status":"publish","type":"post","link":"https:\/\/www.europesays.com\/de\/106614\/","title":{"rendered":"M\u00fclheim: Protest gegen AfD-Veranstaltung &#8211; Radio K\u00f6ln"},"content":{"rendered":"<p class=\"small date article__date\">Ver\u00f6ffentlicht:\u00a0Dienstag, 13.05.2025 07:25<\/p>\n<p>Am 16. Mai plant die AfD eine Veranstaltung im Erich-Gutenberg-Berufskolleg in M\u00fclheim. Ein breites B\u00fcndnis fordert die Stadt auf, dies zu verhindern.<\/p>\n<p><img decoding=\"async\" alt=\"\" src=\"https:\/\/www.europesays.com\/de\/wp-content\/uploads\/2025\/05\/afd.jpg&#038;crop=0x269x1433x896&#038;resize=1280x800&#038;dt=202008311236410.jpeg\" data-size=\"1280x800\"\/>\u00a9 AfD K\u00f6ln<\/p>\n<p>Das B\u00fcndnis, bestehend unter anderem aus &#8222;GyNeSa gegen Rechts&#8220; und &#8222;AfD-Verbot Jetzt K\u00f6ln&#8220;, hat einen Offenen Brief an Oberb\u00fcrgermeisterin Reker geschrieben. Darin wird gefordert, AfD-Veranstaltungen in Schulen zu verbieten, um extremistische Inhalte zu verhindern.<\/p>\n<p>Vergangenes Jahr hat der Stadtrat eine Extremismus-Klausel beschlossen, die extremistische und antidemokratische Inhalte in st\u00e4dtischen R\u00e4umen verhindern soll. Die Stadt pr\u00fcft derzeit, wie mit der AfD umgegangen werden muss, nachdem das Bundesamt f\u00fcr Verfassungsschutz die Partei Anfang Mai als gesichert rechtsextremistisch eingestuft hat. Diese Einstufung wurde jedoch nach einer Klage der AfD bis zur Entscheidung des Verwaltungsgerichts K\u00f6ln ausgesetzt. (GL)<\/p>\n","protected":false},"excerpt":{"rendered":"Ver\u00f6ffentlicht:\u00a0Dienstag, 13.05.2025 07:25 Am 16. Mai plant die AfD eine Veranstaltung im Erich-Gutenberg-Berufskolleg in M\u00fclheim. Ein breites B\u00fcndnis&hellip;\n","protected":false},"author":2,"featured_media":106615,"comment_status":"","ping_status":"","sticky":false,"template":"","format":"standard","meta":{"footnotes":""},"categories":[1838],"tags":[2499,3364,29,3715,30,1209],"class_list":{"0":"post-106614","1":"post","2":"type-post","3":"status-publish","4":"format-standard","5":"has-post-thumbnail","7":"category-duisburg","8":"tag-kln","9":"tag-de","10":"tag-deutschland","11":"tag-duisburg","12":"tag-germany","13":"tag-nordrhein-westfalen"},"share_on_mastodon":{"url":"https:\/\/pubeurope.com\/@de\/114499014104361024","error":""},"_links":{"self":[{"href":"https:\/\/www.europesays.com\/de\/wp-json\/wp\/v2\/posts\/106614","targetHints":{"allow":["GET"]}}],"collection":[{"href":"https:\/\/www.europesays.com\/de\/wp-json\/wp\/v2\/posts"}],"about":[{"href":"https:\/\/www.europesays.com\/de\/wp-json\/wp\/v2\/types\/post"}],"author":[{"embeddable":true,"href":"https:\/\/www.europesays.com\/de\/wp-json\/wp\/v2\/users\/2"}],"replies":[{"embeddable":true,"href":"https:\/\/www.europesays.com\/de\/wp-json\/wp\/v2\/comments?post=106614"}],"version-history":[{"count":0,"href":"https:\/\/www.europesays.com\/de\/wp-json\/wp\/v2\/posts\/106614\/revisions"}],"wp:featuredmedia":[{"embeddable":true,"href":"https:\/\/www.europesays.com\/de\/wp-json\/wp\/v2\/media\/106615"}],"wp:attachment":[{"href":"https:\/\/www.europesays.com\/de\/wp-json\/wp\/v2\/media?parent=106614"}],"wp:term":[{"taxonomy":"category","embeddable":true,"href":"https:\/\/www.europesays.com\/de\/wp-json\/wp\/v2\/categories?post=106614"},{"taxonomy":"post_tag","embeddable":true,"href":"https:\/\/www.europesays.com\/de\/wp-json\/wp\/v2\/tags?post=106614"}],"curies":[{"name":"wp","href":"https:\/\/api.w.org\/{rel}","templated":true}]}}