{"id":1066232,"date":"2026-06-03T06:54:19","date_gmt":"2026-06-03T06:54:19","guid":{"rendered":"https:\/\/www.europesays.com\/de\/1066232\/"},"modified":"2026-06-03T06:54:19","modified_gmt":"2026-06-03T06:54:19","slug":"kreis-herford-naturschutzbeirat-kritisiert-naechtliches-laternenlicht","status":"publish","type":"post","link":"https:\/\/www.europesays.com\/de\/1066232\/","title":{"rendered":"Kreis Herford: Naturschutzbeirat kritisiert n\u00e4chtliches Laternenlicht"},"content":{"rendered":"<p>Der Kreis Herford muss \u00fcber die Art seiner Beleuchtung nachdenken. Der Kreis-Naturschutzbeirat hat jetzt eine Resolution gegen Lichtverschmutzung verabschiedet. Er sagt, dass viele Laternen mit ihrem k\u00fcnstlichen Licht schlecht f\u00fcr Tiere, Pflanzen und \u00d6kosysteme sind. So etwas w\u00fcrde das Artensterben beschleunigen.\u00a0<\/p>\n<p>K\u00fcnftig vorsichtiger mit Kunstlicht in der Nacht sein<\/p>\n<p>Weil die meisten Tiere nachts aktiv seien, w\u00fcrden ihre Lebensr\u00e4ume durch das unnat\u00fcrliche Licht gest\u00f6rt oder sogar zerst\u00f6rt. Die Au\u00dfenbeleuchtung m\u00fcsse k\u00fcnftig r\u00fccksichtsvoller geplant und genutzt werden, findet der Naturschutzbeirat. Es sei ein Umdenken n\u00f6tig.\u00a0<\/p>\n","protected":false},"excerpt":{"rendered":"Der Kreis Herford muss \u00fcber die Art seiner Beleuchtung nachdenken. Der Kreis-Naturschutzbeirat hat jetzt eine Resolution gegen Lichtverschmutzung&hellip;\n","protected":false},"author":2,"featured_media":1066233,"comment_status":"","ping_status":"","sticky":false,"template":"","format":"standard","meta":{"footnotes":"","_share_on_mastodon":"0"},"categories":[1841],"tags":[17283,1605,3364,29,30,26267,1209,60855],"class_list":["post-1066232","post","type-post","status-publish","format-standard","has-post-thumbnail","category-bielefeld","tag-beleuchtung","tag-bielefeld","tag-de","tag-deutschland","tag-germany","tag-kreis-herford","tag-nordrhein-westfalen","tag-resolution"],"share_on_mastodon":{"url":"https:\/\/pubeurope.com\/@de\/116684866851986513","error":""},"_links":{"self":[{"href":"https:\/\/www.europesays.com\/de\/wp-json\/wp\/v2\/posts\/1066232","targetHints":{"allow":["GET"]}}],"collection":[{"href":"https:\/\/www.europesays.com\/de\/wp-json\/wp\/v2\/posts"}],"about":[{"href":"https:\/\/www.europesays.com\/de\/wp-json\/wp\/v2\/types\/post"}],"author":[{"embeddable":true,"href":"https:\/\/www.europesays.com\/de\/wp-json\/wp\/v2\/users\/2"}],"replies":[{"embeddable":true,"href":"https:\/\/www.europesays.com\/de\/wp-json\/wp\/v2\/comments?post=1066232"}],"version-history":[{"count":0,"href":"https:\/\/www.europesays.com\/de\/wp-json\/wp\/v2\/posts\/1066232\/revisions"}],"wp:featuredmedia":[{"embeddable":true,"href":"https:\/\/www.europesays.com\/de\/wp-json\/wp\/v2\/media\/1066233"}],"wp:attachment":[{"href":"https:\/\/www.europesays.com\/de\/wp-json\/wp\/v2\/media?parent=1066232"}],"wp:term":[{"taxonomy":"category","embeddable":true,"href":"https:\/\/www.europesays.com\/de\/wp-json\/wp\/v2\/categories?post=1066232"},{"taxonomy":"post_tag","embeddable":true,"href":"https:\/\/www.europesays.com\/de\/wp-json\/wp\/v2\/tags?post=1066232"}],"curies":[{"name":"wp","href":"https:\/\/api.w.org\/{rel}","templated":true}]}}