{"id":1066382,"date":"2026-06-03T08:16:16","date_gmt":"2026-06-03T08:16:16","guid":{"rendered":"https:\/\/www.europesays.com\/de\/1066382\/"},"modified":"2026-06-03T08:16:16","modified_gmt":"2026-06-03T08:16:16","slug":"bluttat-von-bielefeld-terror-opfer-nach-einem-jahr-total-veraendert-regional","status":"publish","type":"post","link":"https:\/\/www.europesays.com\/de\/1066382\/","title":{"rendered":"Bluttat von Bielefeld: Terror-Opfer nach einem Jahr total ver\u00e4ndert | Regional"},"content":{"rendered":"<p><b>Ein islamistischer Messerangriff vor der Bielefelder Bar \u201eCutie\u201c, lebensgef\u00e4hrliche Verletzungen, eine Not-OP \u2013 Kevin (28) entkommt dem Tod nur knapp. Ein Jahr sp\u00e4ter steht derselbe Mann fast t\u00e4glich im Fitnessstudio, hat 30 Kilo abgenommen und verfolgt einen gro\u00dfen Traum: Er will Bodybuilder werden.<\/b><\/p>\n<p>In BILD erz\u00e4hlt Kevin, wie ihn der Terroranschlag beinahe das Leben kostete, warum Sport f\u00fcr ihn zum Rettungsanker wurde und was er empfand, als ihm der Attent\u00e4ter vor Gericht lachend gegen\u00fcber sa\u00df. Die ganze Geschichte lesen Sie mit BILDplus.<\/p>\n","protected":false},"excerpt":{"rendered":"Ein islamistischer Messerangriff vor der Bielefelder Bar \u201eCutie\u201c, lebensgef\u00e4hrliche Verletzungen, eine Not-OP \u2013 Kevin (28) entkommt dem Tod&hellip;\n","protected":false},"author":2,"featured_media":1066383,"comment_status":"","ping_status":"","sticky":false,"template":"","format":"standard","meta":{"footnotes":"","_share_on_mastodon":"0"},"categories":[1841],"tags":[4594,1605,3364,181674,29,5895,247,30,21709,556,3263,5517,6646,1981,17930,1209,5777,934,121,1269,5758,59450,23306,10037,4205],"class_list":["post-1066382","post","type-post","status-publish","format-standard","has-post-thumbnail","category-bielefeld","tag-bar","tag-bielefeld","tag-de","tag-deep-news","tag-deutschland","tag-disko","tag-fitness","tag-germany","tag-is","tag-islamismus","tag-krankenhaus","tag-lebensgefahr","tag-lebenslaenglich","tag-messer","tag-mordversuch","tag-nordrhein-westfalen","tag-oberlandesgericht-duesseldorf","tag-operationen","tag-polizei","tag-prozess","tag-schuldspruch","tag-sicherungsverwahrung","tag-terror-gruppen","tag-terroranschlag","tag-therapie"],"share_on_mastodon":{"url":"https:\/\/pubeurope.com\/@de\/116685189230786090","error":""},"_links":{"self":[{"href":"https:\/\/www.europesays.com\/de\/wp-json\/wp\/v2\/posts\/1066382","targetHints":{"allow":["GET"]}}],"collection":[{"href":"https:\/\/www.europesays.com\/de\/wp-json\/wp\/v2\/posts"}],"about":[{"href":"https:\/\/www.europesays.com\/de\/wp-json\/wp\/v2\/types\/post"}],"author":[{"embeddable":true,"href":"https:\/\/www.europesays.com\/de\/wp-json\/wp\/v2\/users\/2"}],"replies":[{"embeddable":true,"href":"https:\/\/www.europesays.com\/de\/wp-json\/wp\/v2\/comments?post=1066382"}],"version-history":[{"count":0,"href":"https:\/\/www.europesays.com\/de\/wp-json\/wp\/v2\/posts\/1066382\/revisions"}],"wp:featuredmedia":[{"embeddable":true,"href":"https:\/\/www.europesays.com\/de\/wp-json\/wp\/v2\/media\/1066383"}],"wp:attachment":[{"href":"https:\/\/www.europesays.com\/de\/wp-json\/wp\/v2\/media?parent=1066382"}],"wp:term":[{"taxonomy":"category","embeddable":true,"href":"https:\/\/www.europesays.com\/de\/wp-json\/wp\/v2\/categories?post=1066382"},{"taxonomy":"post_tag","embeddable":true,"href":"https:\/\/www.europesays.com\/de\/wp-json\/wp\/v2\/tags?post=1066382"}],"curies":[{"name":"wp","href":"https:\/\/api.w.org\/{rel}","templated":true}]}}