{"id":1066420,"date":"2026-06-03T08:40:19","date_gmt":"2026-06-03T08:40:19","guid":{"rendered":"https:\/\/www.europesays.com\/de\/1066420\/"},"modified":"2026-06-03T08:40:19","modified_gmt":"2026-06-03T08:40:19","slug":"vorzimmer-romantik-vom-flur-ins-rampenlicht","status":"publish","type":"post","link":"https:\/\/www.europesays.com\/de\/1066420\/","title":{"rendered":"Vorzimmer-Romantik \u2013 Vom Flur ins Rampenlicht"},"content":{"rendered":"<p>Getroffen im Industriegel\u00e4nde \u2013 im Vorzimmer ihres Proberaums, dem Ort, wo vieles begann.<br \/>\n<img fetchpriority=\"high\" decoding=\"async\" class=\"size-full wp-image-238135\" src=\"https:\/\/www.europesays.com\/de\/wp-content\/uploads\/2026\/06\/2026-05-22-Vorzimmer-Romantik.jpg\" alt=\"Vorzimmer RomantikFoto: Johannes Haupt\" width=\"2400\" height=\"1350\"  \/>Vorzimmer-Romantik<br \/>Foto: Johannes Haupt\n<\/p>\n<p>Vorzimmer-Romantik stehen noch ganz am Anfang \u2013 aber genau da liegt auch der Reiz. Entstanden ist das Projekt nach und nach: Erst wurde Trap produziert, sp\u00e4ter kam das Schlagzeug dazu. Das erste Konzert fand noch nicht als Band statt, sondern als Duo \u2013 nur der S\u00e4nger auf der B\u00fchne, Paul an der Technik. Erst danach wuchs die Formation weiter zusammen.\n<\/p>\n<p>Fun Fact: Der Drummer gab dem S\u00e4nger fr\u00fcher Schlagzeugunterricht. Heute spielen sie zusammen \u2013 auf Augenh\u00f6he.\n<\/p>\n<p>Auch der Name brauchte Zeit. Lange gab es keinen \u2013 bis nach einem Studiomarathon der passende Moment kam: im Vorzimmer, bei warmem Licht. So entstand Vorzimmer-Romantik.<\/p>\n<p>Ihr musikalisches Zuhause ist das Klangwerk 18 \u2013 Ort f\u00fcrs Proben, Aufnehmen und gemeinsame Wachsen.\n<\/p>\n<p>Drei Worte, mit denen sie ihre Musik beschreiben w\u00fcrden:<\/p>\n<p>Ehrlich. Liebevoll. Laut.\n<\/p>\n<p>Dresden?<\/p>\n<p>Es gibt Auftrittsm\u00f6glichkeiten \u2013 aber zu wenige Bandr\u00e4ume und wenig strukturellen Support f\u00fcr Live-Acts. Vieles passiert auf Eigeninitiative. Gleichzeitig ist die Banddichte hoch \u2013 bei noch zu wenig Vernetzung.\n<\/p>\n<p>Ihre Wunschliste?<\/p>\n<p>Ein Live-Konzert mit komplett live eingespielten Lines, ein zweites Album \u2013 und ganz allgemein: mehr Shows spielen.<\/p>\n<p>Stilrichtung?<\/p>\n<p>Alternative Rock\n<\/p>\n<p>Was sie sich w\u00fcnschen?<\/p>\n<p>Mehr Miteinander, mehr Live-Musik in Bars, mehr Vernetzung \u2013 und dass jede Musikform als gleichwertig wahrgenommen wird.\n<\/p>\n<p>Genre\u00fcbergreifend denken sie offen:<\/p>\n<p>Elinah w\u00e4re eine spannende Kollaboration, genauso wie Hip-Hop-Artists \u00e0 la Casper oder Alligatoah\n<\/p>\n<p>Dresdner Acts, die man laut ihnen auf dem Schirm haben sollte, sind:<\/p>\n<p>Elinah, Nora Augustine und <a href=\"https:\/\/www.neustadt-ticker.de\/229489\/alltag\/kultur\/ein-traum-waers-traumwaers-dresden-neustadt\" rel=\"nofollow noopener\" target=\"_blank\">Traum Wears<\/a>\n<\/p>\n<p>Wichtige Orte und Festivals:<\/p>\n<p>das <a href=\"https:\/\/www.neustadt-ticker.de\/216250\/aktuell\/farewell-youth-festival-sie-sagen-tschuess-zur-jugend\" rel=\"nofollow noopener\" target=\"_blank\">Farewell Youth Festival<\/a>, das <a href=\"https:\/\/www.neustadt-ticker.de\/229055\/alltag\/kultur\/warum-junge-neustaedterinnen-ein-festival-in-meissen-organisieren\" rel=\"nofollow noopener\" target=\"_blank\">Firlefanz<\/a> \u2013 und nat\u00fcrlich ihr eigenes Release-Konzert<br \/>\n<img loading=\"lazy\" decoding=\"async\" class=\"size-full wp-image-238136\" src=\"https:\/\/www.europesays.com\/de\/wp-content\/uploads\/2026\/06\/2026-05-22-Vorzimmer-Romantik.2.jpg\" alt=\"Vorzimmer RomantikFoto: Johannes Haupt\" width=\"2400\" height=\"1350\"  \/>Vorzimmer-Romantik<br \/>Foto: Johannes Haupt\n<\/p>\n<p>Vorzimmer-Romantik<\/p>\n<p>\u00dcber den Autor<\/p>\n<p>Der Dresdner Fotograf Johannes Haupt nimmt in unregelm\u00e4\u00dfigen Abst\u00e4nden Dresdner Musikerinnen, Musiker und Bands vor die Linse. Auf diversen Konzerten kann man ihn in der N\u00e4he der B\u00fchne sehen. Heraus kommen wunderbare Eindr\u00fccke von Live-Auftritten. Seit einer Weile hat Johannes, der hauptberuflich als Krankenpfleger in der Notaufnahme arbeitet, sein Portfolio um Portr\u00e4ts erweitert. Daf\u00fcr trifft er Musiker abseits der Clubs und interviewt sie. Das Neustadt-Gefl\u00fcster wird in unregelm\u00e4\u00dfigen Abst\u00e4nden diese Interviews hier ver\u00f6ffentlichen.<\/p>\n","protected":false},"excerpt":{"rendered":"Getroffen im Industriegel\u00e4nde \u2013 im Vorzimmer ihres Proberaums, dem Ort, wo vieles begann. Vorzimmer-RomantikFoto: Johannes Haupt Vorzimmer-Romantik stehen&hellip;\n","protected":false},"author":2,"featured_media":1066421,"comment_status":"","ping_status":"","sticky":false,"template":"","format":"standard","meta":{"footnotes":"","_share_on_mastodon":"0"},"categories":[1835],"tags":[17417,88968,3364,29,2386,30,810,859,227254],"class_list":["post-1066420","post","type-post","status-publish","format-standard","has-post-thumbnail","category-dresden","tag-acts","tag-artists","tag-de","tag-deutschland","tag-dresden","tag-germany","tag-musik","tag-sachsen","tag-vorzimmer-romantik"],"share_on_mastodon":{"url":"https:\/\/pubeurope.com\/@de\/116685284952335911","error":""},"_links":{"self":[{"href":"https:\/\/www.europesays.com\/de\/wp-json\/wp\/v2\/posts\/1066420","targetHints":{"allow":["GET"]}}],"collection":[{"href":"https:\/\/www.europesays.com\/de\/wp-json\/wp\/v2\/posts"}],"about":[{"href":"https:\/\/www.europesays.com\/de\/wp-json\/wp\/v2\/types\/post"}],"author":[{"embeddable":true,"href":"https:\/\/www.europesays.com\/de\/wp-json\/wp\/v2\/users\/2"}],"replies":[{"embeddable":true,"href":"https:\/\/www.europesays.com\/de\/wp-json\/wp\/v2\/comments?post=1066420"}],"version-history":[{"count":0,"href":"https:\/\/www.europesays.com\/de\/wp-json\/wp\/v2\/posts\/1066420\/revisions"}],"wp:featuredmedia":[{"embeddable":true,"href":"https:\/\/www.europesays.com\/de\/wp-json\/wp\/v2\/media\/1066421"}],"wp:attachment":[{"href":"https:\/\/www.europesays.com\/de\/wp-json\/wp\/v2\/media?parent=1066420"}],"wp:term":[{"taxonomy":"category","embeddable":true,"href":"https:\/\/www.europesays.com\/de\/wp-json\/wp\/v2\/categories?post=1066420"},{"taxonomy":"post_tag","embeddable":true,"href":"https:\/\/www.europesays.com\/de\/wp-json\/wp\/v2\/tags?post=1066420"}],"curies":[{"name":"wp","href":"https:\/\/api.w.org\/{rel}","templated":true}]}}