{"id":1066444,"date":"2026-06-03T08:53:18","date_gmt":"2026-06-03T08:53:18","guid":{"rendered":"https:\/\/www.europesays.com\/de\/1066444\/"},"modified":"2026-06-03T08:53:18","modified_gmt":"2026-06-03T08:53:18","slug":"vfb-tauscht-video-leinwaende-im-stadion-aus-die-neuen-werden-noch-groesser-news-ueber-den-vfb-stuttgart","status":"publish","type":"post","link":"https:\/\/www.europesays.com\/de\/1066444\/","title":{"rendered":"VfB tauscht Video-Leinw\u00e4nde im Stadion aus: Die neuen werden noch gr\u00f6\u00dfer &#8211; News \u00fcber den VfB Stuttgart"},"content":{"rendered":"<p><strong>Stuttgart.<\/strong> Der <a href=\"https:\/\/www.zvw.de\/vfb-stuttgart\/\" rel=\"noopener nofollow\" target=\"_blank\">VfB Stuttgart<\/a> tauscht seine Video-Leinw\u00e4nde in der MHP-Arena aus. In den vergangenen Tagen wurden die alten Leinw\u00e4nde abgebaut, zwei Kr\u00e4ne und H\u00f6henkletterer der Firma Scholpp Kran &amp; Transport waren im Einsatz. Alle VfB-Fans d\u00fcrfen sich freuen: Die neuen LED-Leinw\u00e4nde werden noch gr\u00f6\u00dfer als die alten. Wir haben alle Infos zu den Arbeiten im Stadion.<\/p>\n<p><a class=\"nfy-teaser nfy-ar-teaser\" id=\"nfy-teaser-inline\" data-upscore-url=\"\" href=\"https:\/\/www.zvw.de\/vfb-stuttgart\/kommentar-zum-dfb-dieser-deniz-undav-muss-bei-der-wm-in-der-startelf-stehen_arid-1085504?utm_source=empfehlungslink&amp;utm_campaign=empfehlungslink\" data-upscore-object-id=\"1085504\" rel=\"nofollow noopener\" target=\"_blank\"><img loading=\"lazy\" decoding=\"async\" src=\"\/cms_media\/module_img\/7371\/3685871_5_gridmobile_fussball-freundschaftsspiel-friendly-match-deutschland-finnland-4-0.jpeg\" alt=\"VfB-Profi Deniz Undav erzielte gegen Finnland zwei Tore.\" width=\"370\" height=\"229\" class=\"lazyload\" data-tmpl=\"gridmobile\"\/><\/p>\n<p>VfB StuttgartKommentar zum DFB: Dieser Deniz Undav muss bei der WM in der Startelf stehen<\/p>\n<p><\/a><\/p>\n<p>Sie wollen unseren VfB-WhatsApp-Channel abonnieren? <a href=\"https:\/\/whatsapp.com\/channel\/0029ValGZYIJuyACDMSSAT12\" rel=\"noopener nofollow\" target=\"_blank\">Dann klicken Sie hier auf diesen Link<\/a> .<\/p>\n<p>VfB Stuttgart: Alte Leinw\u00e4nde im Stadion schon abgebaut<\/p>\n<p>Der VfB Stuttgart bereitet sich aktuell auf die neue Saison vor. W\u00e4hrend <a href=\"https:\/\/www.zvw.de\/vfb-stuttgart\/entt%C3%A4uschung-f%C3%BCr-vfb-kapit%C3%A4n-atakan-karazor-verpasst-wm-mit-der-t%C3%BCrkei_arid-935278\" target=\"_blank\" rel=\"nofollow noopener\">acht Profis mit ihren Nationalmannschaften bei der WM im Einsatz sind<\/a> und die restlichen Spieler Urlaub machen, planen die Verantwortlichen im roten Clubhaus die neue Spielzeit. Vertr\u00e4ge werden verl\u00e4ngert (wie der von Deniz Undav), neue Spieler werden verpflichtet oder beobachtet. Au\u00dferdem treiben die Schwaben die Modernisierung der MHP-Arena voran: Das Stadion bekommt zwei neue Video-Leinw\u00e4nde.<\/p>\n<p>In den letzten Tagen wurden die alten Leinw\u00e4nde, die sichtbar in die Jahre gekommen waren, ausgetauscht. Verantwortlich daf\u00fcr war die Firma Scholpp Kran &amp; Transport, die in Stuttgart sitzt. 20 Jahre lang hingen die alten LED-Leinw\u00e4nde schon im Stadion, daher hatten die H\u00f6henkletterer ihre Schwierigkeiten, die alten Leinw\u00e4nde abzumontieren. Einen ganzen Tag brauchten die Arbeiter in luftiger H\u00f6he, um die Leinw\u00e4nde frei zu flexen. Au\u00dferdem waren zwei gro\u00dfe Kr\u00e4ne im Einsatz.<\/p>\n<p><img loading=\"lazy\" decoding=\"async\" src=\"https:\/\/www.europesays.com\/de\/wp-content\/uploads\/2026\/06\/3686558_1_articledetail_vfb-led-2-1.jpeg\" alt=\"Ein H\u00f6henkletterer der Firma Scholpp Kran &amp; Transport beim Abbau in der MHP-Arena.\" width=\"670\" height=\"423\"\/> Ein H\u00f6henkletterer der Firma Scholpp Kran &amp; Transport beim Abbau in der MHP-Arena. \u00a9 Scholpp Kran &amp; TransportNeue Leinw\u00e4nde im VfB-Stadion kommen Anfang Juli<\/p>\n<p>Die Abbauarbeiten sind nun abgeschlossen. Nach Informationen unserer Redaktion werden die beiden neuen Leinw\u00e4nde in der ersten Juli-Woche installiert. Die gute Nachricht f\u00fcr alle Stadionbesucher und VfB-Fans ist: Die neuen Leinw\u00e4nde werden deutlich gr\u00f6\u00dfer und sind 95 Quadratmeter gro\u00df. Zum Vergleich: Die alten Video-Leinw\u00e4nde waren nur 78 Quadratmeter gro\u00df. Somit sind die neuen Leinw\u00e4nde etwa 13 Meter auf 8 Meter gro\u00df.<\/p>\n","protected":false},"excerpt":{"rendered":"Stuttgart. Der VfB Stuttgart tauscht seine Video-Leinw\u00e4nde in der MHP-Arena aus. In den vergangenen Tagen wurden die alten&hellip;\n","protected":false},"author":2,"featured_media":1066445,"comment_status":"","ping_status":"","sticky":false,"template":"","format":"standard","meta":{"footnotes":"","_share_on_mastodon":"0"},"categories":[1830],"tags":[5714,1634,299,3364,29,1002,347,30,227256,38866,5170,8424,1441,4112,4113,4114,2915,227257],"class_list":["post-1066444","post","type-post","status-publish","format-standard","has-post-thumbnail","category-stuttgart","tag-arbeiten","tag-baden-wuerttemberg","tag-bundesliga","tag-de","tag-deutschland","tag-fans","tag-fussball","tag-germany","tag-led-leinwand","tag-leinwand","tag-mhp-arena","tag-stadion","tag-stuttgart","tag-vfb","tag-vfb-kompakt","tag-vfb-news","tag-vfb-stuttgart","tag-video-leinwand"],"share_on_mastodon":{"url":"https:\/\/pubeurope.com\/@de\/116685336060292343","error":""},"_links":{"self":[{"href":"https:\/\/www.europesays.com\/de\/wp-json\/wp\/v2\/posts\/1066444","targetHints":{"allow":["GET"]}}],"collection":[{"href":"https:\/\/www.europesays.com\/de\/wp-json\/wp\/v2\/posts"}],"about":[{"href":"https:\/\/www.europesays.com\/de\/wp-json\/wp\/v2\/types\/post"}],"author":[{"embeddable":true,"href":"https:\/\/www.europesays.com\/de\/wp-json\/wp\/v2\/users\/2"}],"replies":[{"embeddable":true,"href":"https:\/\/www.europesays.com\/de\/wp-json\/wp\/v2\/comments?post=1066444"}],"version-history":[{"count":0,"href":"https:\/\/www.europesays.com\/de\/wp-json\/wp\/v2\/posts\/1066444\/revisions"}],"wp:featuredmedia":[{"embeddable":true,"href":"https:\/\/www.europesays.com\/de\/wp-json\/wp\/v2\/media\/1066445"}],"wp:attachment":[{"href":"https:\/\/www.europesays.com\/de\/wp-json\/wp\/v2\/media?parent=1066444"}],"wp:term":[{"taxonomy":"category","embeddable":true,"href":"https:\/\/www.europesays.com\/de\/wp-json\/wp\/v2\/categories?post=1066444"},{"taxonomy":"post_tag","embeddable":true,"href":"https:\/\/www.europesays.com\/de\/wp-json\/wp\/v2\/tags?post=1066444"}],"curies":[{"name":"wp","href":"https:\/\/api.w.org\/{rel}","templated":true}]}}