{"id":1066617,"date":"2026-06-03T10:29:15","date_gmt":"2026-06-03T10:29:15","guid":{"rendered":"https:\/\/www.europesays.com\/de\/1066617\/"},"modified":"2026-06-03T10:29:15","modified_gmt":"2026-06-03T10:29:15","slug":"erst-13-personen-haben-es-geschafft-challenge-um-gratis-pizza-in-berlin-belohnt-kunden-mit-zeitgefuehl","status":"publish","type":"post","link":"https:\/\/www.europesays.com\/de\/1066617\/","title":{"rendered":"Erst 13 Personen haben es geschafft: Challenge um Gratis-Pizza in Berlin belohnt Kunden mit Zeitgef\u00fchl"},"content":{"rendered":"<p class=\"tspAYiv\">\u201eIch h\u00f6re oft das Vorurteil, T\u00fcrken k\u00f6nnten keine gute Pizza machen\u201c, sagt der Inhaber einer Pizzeria in Berlin. Am Anfang sei auch sein Restaurant ignoriert worden, weil viele G\u00e4ste bei \u201eechten Italienern\u201c speisen wollten. Aber er hat sich in der Szene durchgesetzt, ist Deutscher Meister im Pizzabacken geworden und hat eine Pizza-Akademie in Izmir gegr\u00fcndet. <\/p>\n","protected":false},"excerpt":{"rendered":"\u201eIch h\u00f6re oft das Vorurteil, T\u00fcrken k\u00f6nnten keine gute Pizza machen\u201c, sagt der Inhaber einer Pizzeria in Berlin.&hellip;\n","protected":false},"author":2,"featured_media":1066618,"comment_status":"","ping_status":"","sticky":false,"template":"","format":"standard","meta":{"footnotes":"","_share_on_mastodon":"0"},"categories":[1825],"tags":[4561,27422,296,5006,675,29,553,527,30,10941,2235,12386,966,143],"class_list":["post-1066617","post","type-post","status-publish","format-standard","has-post-thumbnail","category-berlin","tag-apps","tag-auslaender","tag-berlin","tag-bezirke","tag-chatgpt","tag-deutschland","tag-familie","tag-friedrichshain-kreuzberg","tag-germany","tag-hotel-und-gaststaetten","tag-kurioses","tag-lebensgefuehl","tag-schule","tag-tuerkei"],"share_on_mastodon":{"url":"https:\/\/pubeurope.com\/@de\/116685712236139731","error":""},"_links":{"self":[{"href":"https:\/\/www.europesays.com\/de\/wp-json\/wp\/v2\/posts\/1066617","targetHints":{"allow":["GET"]}}],"collection":[{"href":"https:\/\/www.europesays.com\/de\/wp-json\/wp\/v2\/posts"}],"about":[{"href":"https:\/\/www.europesays.com\/de\/wp-json\/wp\/v2\/types\/post"}],"author":[{"embeddable":true,"href":"https:\/\/www.europesays.com\/de\/wp-json\/wp\/v2\/users\/2"}],"replies":[{"embeddable":true,"href":"https:\/\/www.europesays.com\/de\/wp-json\/wp\/v2\/comments?post=1066617"}],"version-history":[{"count":0,"href":"https:\/\/www.europesays.com\/de\/wp-json\/wp\/v2\/posts\/1066617\/revisions"}],"wp:featuredmedia":[{"embeddable":true,"href":"https:\/\/www.europesays.com\/de\/wp-json\/wp\/v2\/media\/1066618"}],"wp:attachment":[{"href":"https:\/\/www.europesays.com\/de\/wp-json\/wp\/v2\/media?parent=1066617"}],"wp:term":[{"taxonomy":"category","embeddable":true,"href":"https:\/\/www.europesays.com\/de\/wp-json\/wp\/v2\/categories?post=1066617"},{"taxonomy":"post_tag","embeddable":true,"href":"https:\/\/www.europesays.com\/de\/wp-json\/wp\/v2\/tags?post=1066617"}],"curies":[{"name":"wp","href":"https:\/\/api.w.org\/{rel}","templated":true}]}}