{"id":1066649,"date":"2026-06-03T10:48:44","date_gmt":"2026-06-03T10:48:44","guid":{"rendered":"https:\/\/www.europesays.com\/de\/1066649\/"},"modified":"2026-06-03T10:48:44","modified_gmt":"2026-06-03T10:48:44","slug":"aachen-bahnhof-west-wegen-moeglicher-giftiger-substanz-zeitweise-gesperrt","status":"publish","type":"post","link":"https:\/\/www.europesays.com\/de\/1066649\/","title":{"rendered":"Aachen: Bahnhof West wegen m\u00f6glicher giftiger Substanz zeitweise gesperrt"},"content":{"rendered":"<p>Gefahrenstoff vermutet <\/p>\n<p>Feuerwehr-Gro\u00dfeinsatz: Bahnhof Aachen-West zeitweise gesperrt<\/p>\n<p>03.06.2026 &#8211; 07:49 UhrLesedauer: 1 Min.<\/p>\n<p><a href=\"#focus-0\" class=\"transition-colors duration-200 block text-current relative\" data-sctrack=\"FocusGalleryImage.Reference\"><img fetchpriority=\"high\" data-testid=\"Opener.Image\"   loading=\"eager\" src=\"https:\/\/www.europesays.com\/de\/wp-content\/uploads\/2026\/06\/ein-blaulicht-auf-einem-feuerwehrfahrzeug-mit-der-aufschrift-feuerwehr-in-aachen-musste-der-bahnhof-.jpeg\" alt=\"Ein Blaulicht auf einem Feuerwehrfahrzeug mit der Aufschrift Feuerwehr: In Aachen musste der Bahnhof West wegen eines m\u00f6glichen Austritts von gef\u00e4hrlichen Stoffen zeitweise gesperrt werden.\" title=\"Ein Blaulicht auf einem Feuerwehrfahrzeug mit der Aufschrift Feuerwehr: In Aachen musste der Bahnhof West wegen eines m\u00f6glichen Austritts von gef\u00e4hrlichen Stoffen zeitweise gesperrt werden.\" width=\"4000\" height=\"2250\" class=\"bg-[url:var(--lqipURL)] bg-cover bg-center flex h-full w-full max-w-full\" style=\"--lqipURL:url('https:\/\/images.t-online.de\/2026\/06\/73EvhuEs7M9k\/0x375:4000x2250\/fit-in\/150x0\/filters:blur(25)\/ein-blaulicht-auf-einem-feuerwehrfahrzeug-mit-der-aufschrift-feuerwehr-in-aachen-musste-der-bahnhof-west-wegen-eines-moeglichen-austritts-von-gefaehrlichen-stoffen-zeitweise-gesperrt-werden.jpg')\" decoding=\"async\"\/><img loading=\"lazy\" src=\"https:\/\/aachen.t-online.de\/s\/paper\/_next\/static\/media\/zoom-in.f7dae02f.svg\" alt=\"Vergr\u00f6\u00dfern des Bildes\" title=\"Vergr\u00f6\u00dfern des Bildes\" class=\"block h-[calc(var(--height)_\/_16_*_1rem)] w-[calc(var(--width)_\/_16_*_1rem)] max-w-none absolute bottom-8 right-8 rounded-4 bg-snow p-8\" style=\"--width:32;--height:32\" decoding=\"async\"\/><\/a><\/p>\n<p>Ein Blaulicht auf einem Feuerwehrfahrzeug mit der Aufschrift Feuerwehr (Symbolbild): In Aachen musste der Bahnhof West zeitweise gesperrt werden. (Quelle: IMAGO\/Eibner-Pressefoto\/Thomas Hess\/imago)<\/p>\n<p><img loading=\"lazy\" src=\"https:\/\/aachen.t-online.de\/s\/paper\/_next\/static\/media\/audio-volume.6689034c.svg\" alt=\"\" title=\"\" class=\"block h-[calc(var(--height)_\/_16_*_1rem)] w-[calc(var(--width)_\/_16_*_1rem)] max-w-none group-hover:brightness-0 group-hover:invert\" style=\"--width:16;--height:16\" decoding=\"async\"\/>Vorlesen<\/p>\n<p>Aktuelle Zeit:0:00Gesamtdauer:0:00<\/p>\n<p>1x<\/p>\n<p class=\"text-center\">Jetzt neu bei t-online:<\/p>\n<p class=\"text-center\">Schriftgr\u00f6\u00dfe anpassen!<\/p>\n<p><img loading=\"lazy\" src=\"https:\/\/aachen.t-online.de\/s\/paper\/_next\/static\/media\/font-sizes.32942e33.svg\" alt=\"\" title=\"\" class=\"block h-[calc(var(--height)_\/_16_*_1rem)] w-[calc(var(--width)_\/_16_*_1rem)] max-w-none group-hover:hidden group-aria-expanded:hidden\" style=\"--width:16;--height:16\" decoding=\"async\"\/><img loading=\"lazy\" src=\"https:\/\/aachen.t-online.de\/s\/paper\/_next\/static\/media\/font-sizes-dark-mode.e382645c.svg\" alt=\"\" title=\"\" class=\"block h-[calc(var(--height)_\/_16_*_1rem)] w-[calc(var(--width)_\/_16_*_1rem)] max-w-none hidden group-hover:block group-aria-expanded:block\" style=\"--width:16;--height:16\" decoding=\"async\"\/><img loading=\"lazy\" src=\"https:\/\/aachen.t-online.de\/s\/paper\/_next\/static\/media\/sharing-menu-icon.1eb71368.svg\" alt=\"\" title=\"\" class=\"block h-[calc(var(--height)_\/_16_*_1rem)] w-[calc(var(--width)_\/_16_*_1rem)] max-w-none group-hover:brightness-0 group-hover:invert\" style=\"--width:16;--height:16\" decoding=\"async\"\/>Artikel teilen<\/p>\n<p class=\"font-bold text-18 leading-17 user-text-lg:text-22 user-text-xl:text-24\">Eine unbekannte Fl\u00fcssigkeit verursacht am Bahnhof Aachen-West einen Gro\u00dfeinsatz von Bahn und Feuerwehr. Die Ursache ist zun\u00e4chst unklar.<\/p>\n<p class=\"text-18 leading-17 user-text-lg:text-22 user-text-xl:text-24\">Der <a class=\"transition-colors duration-200 cursor-pointer text-inherit no-underline text-salemsfur md:hover:text-magenta md:hover:border-magenta md:focus:text-magenta border-current border-b border-solid break-words\" data-tracking=\"{&quot;action&quot;:&quot;click&quot;,&quot;category&quot;:&quot;intextLink&quot;,&quot;label&quot;:&quot;\/region\/aachen\/id_101120796\/aachen-hauptbahnhof-stromausfall-von-sonntag-ist-behoben-.html&quot;}\" href=\"https:\/\/aachen.t-online.de\/region\/aachen\/id_101120796\/aachen-hauptbahnhof-stromausfall-von-sonntag-ist-behoben-.html\" data-sctrack=\"BodyAnchor\" rel=\"nofollow noopener\" target=\"_blank\">Bahnhof Aachen-West<\/a> ist am Dienstagabend (2. Juni) nach einem Feuerwehreinsatz zeitweise gesperrt worden. Zuvor hatte ein Lokf\u00fchrer bei einer Kontrolle eine Fl\u00fcssigkeit entdeckt, die in einem Strahl aus einem abgestellten Kesselwagen austrat. Sofort wurden Feuerwehr und Sicherheitskr\u00e4fte der Deutschen Bahn alarmiert, um die Lage in den Griff zu bekommen.<\/p>\n<p class=\"text-18 leading-17 user-text-lg:text-22 user-text-xl:text-24\">Gegen kurz vor 20 Uhr trafen die Einsatzkr\u00e4fte an den Gleisen ein, konnten den betroffenen Kesselwagen allerdings zun\u00e4chst nicht finden. Daher wurden die Gleise aus Sicherheitsgr\u00fcnden zun\u00e4chst gesperrt, um den Einsatz m\u00f6glichst schnell voranzutreiben.<\/p>\n<p class=\"text-18 leading-17 user-text-lg:text-22 user-text-xl:text-24\">Die Deutsche Bahn teilte mit, dass die Fl\u00fcssigkeit aus dem Kesselwagen m\u00f6glicherweise giftig und brennbar sein k\u00f6nnte. Daher r\u00fcckte die Feuerwehr in Schutzanz\u00fcgen aus. Zwischenzeitlich wurde auch eine Warnmeldung an die Bev\u00f6lkerung herausgegeben. Ein Notfallmanager des Unternehmens war ebenfalls vor Ort.<\/p>\n<p>Bahn sperrt Bahnhof Aachen-West wegen m\u00f6glichem Gefahrenstoff<\/p>\n<p class=\"text-18 leading-17 user-text-lg:text-22 user-text-xl:text-24\">Die Einsatzkr\u00e4fte richteten unweit des Kesselwagens eine Dekontaminationsstelle ein, um auf den Ernstfall vorbereitet zu sein. Kurz darauf folgte allerdings die Entwarnung: Aus dem Kesselwagen war nicht der Gefahrenstoff, sondern nur Wasser ausgetreten.<\/p>\n<p class=\"text-18 leading-17 user-text-lg:text-22 user-text-xl:text-24\">Dies hatte sich nach dem Starkregen der vergangenen Tage in einer Wanne am Kessel des Wagens gesammelt. Weil der Ablaufschlauch der Wanne undicht war, trat das Wasser in einem Strahl aus.<\/p>\n<p class=\"text-18 leading-17 user-text-lg:text-22 user-text-xl:text-24\">Die Feuerwehr konnte gemeinsam mit der Deutschen Bahn und der Bundespolizei die Sperrung schnell aufheben. Insgesamt waren alleine 80 Feuerwehrleute im Einsatz. Im Bahnverkehr kam es aufgrund der zwischenzeitlichen Sperrung zu Verz\u00f6gerungen im Laufe des Abends.<\/p>\n","protected":false},"excerpt":{"rendered":"Gefahrenstoff vermutet Feuerwehr-Gro\u00dfeinsatz: Bahnhof Aachen-West zeitweise gesperrt 03.06.2026 &#8211; 07:49 UhrLesedauer: 1 Min. Ein Blaulicht auf einem Feuerwehrfahrzeug&hellip;\n","protected":false},"author":2,"featured_media":1066650,"comment_status":"","ping_status":"","sticky":false,"template":"","format":"standard","meta":{"footnotes":"","_share_on_mastodon":"0"},"categories":[1853],"tags":[115590,1424,2037,1950,3364,2030,29,548,663,3934,985,3401,34340,30,69149,3786,13,14,15,1209,12],"class_list":["post-1066649","post","type-post","status-publish","format-standard","has-post-thumbnail","category-aachen","tag-gefahrenstoff","tag-aachen","tag-bahnhof","tag-blaulicht","tag-de","tag-deutsche-bahn","tag-deutschland","tag-eu","tag-europa","tag-europe","tag-feuerwehr","tag-feuerwehreinsatz","tag-fluessigkeit","tag-germany","tag-giftstoff","tag-grosseinsatz","tag-headlines","tag-nachrichten","tag-news","tag-nordrhein-westfalen","tag-schlagzeilen"],"share_on_mastodon":{"url":"https:\/\/pubeurope.com\/@de\/116685787311833046","error":""},"_links":{"self":[{"href":"https:\/\/www.europesays.com\/de\/wp-json\/wp\/v2\/posts\/1066649","targetHints":{"allow":["GET"]}}],"collection":[{"href":"https:\/\/www.europesays.com\/de\/wp-json\/wp\/v2\/posts"}],"about":[{"href":"https:\/\/www.europesays.com\/de\/wp-json\/wp\/v2\/types\/post"}],"author":[{"embeddable":true,"href":"https:\/\/www.europesays.com\/de\/wp-json\/wp\/v2\/users\/2"}],"replies":[{"embeddable":true,"href":"https:\/\/www.europesays.com\/de\/wp-json\/wp\/v2\/comments?post=1066649"}],"version-history":[{"count":0,"href":"https:\/\/www.europesays.com\/de\/wp-json\/wp\/v2\/posts\/1066649\/revisions"}],"wp:featuredmedia":[{"embeddable":true,"href":"https:\/\/www.europesays.com\/de\/wp-json\/wp\/v2\/media\/1066650"}],"wp:attachment":[{"href":"https:\/\/www.europesays.com\/de\/wp-json\/wp\/v2\/media?parent=1066649"}],"wp:term":[{"taxonomy":"category","embeddable":true,"href":"https:\/\/www.europesays.com\/de\/wp-json\/wp\/v2\/categories?post=1066649"},{"taxonomy":"post_tag","embeddable":true,"href":"https:\/\/www.europesays.com\/de\/wp-json\/wp\/v2\/tags?post=1066649"}],"curies":[{"name":"wp","href":"https:\/\/api.w.org\/{rel}","templated":true}]}}