{"id":1066717,"date":"2026-06-03T11:25:27","date_gmt":"2026-06-03T11:25:27","guid":{"rendered":"https:\/\/www.europesays.com\/de\/1066717\/"},"modified":"2026-06-03T11:25:27","modified_gmt":"2026-06-03T11:25:27","slug":"boldt-ist-neuer-geschaeftsfuehrer-sport-bei-hannover-96","status":"publish","type":"post","link":"https:\/\/www.europesays.com\/de\/1066717\/","title":{"rendered":"Boldt ist neuer Gesch\u00e4ftsf\u00fchrer Sport bei Hannover 96"},"content":{"rendered":"<p><strong>Jonas Boldt<\/strong> (44) ist seit Anfang Juni neuer Gesch\u00e4ftsf\u00fchrer Sport in der Hannover 96 GmbH &amp; Co. KGaA. Er verantwortet k\u00fcnftig die Lizenzmannschaft sowie die 96-Akademie des Fu\u00dfball-Zweitligisten. Kaufm\u00e4nnischer Gesch\u00e4ftsf\u00fchrer bleibt <strong>Henning Bindzus<\/strong> (42). Der Vertrag von Boldt l\u00e4uft bis Ende Mai 2029. Er war zuletzt Sportvorstand beim Fu\u00dfball-Bundesligisten Hamburger SV und davor in verschiedenen Management-Funktionen bei Bayer 04 Leverkusen.\u00a0<\/p>\n","protected":false},"excerpt":{"rendered":"Jonas Boldt (44) ist seit Anfang Juni neuer Gesch\u00e4ftsf\u00fchrer Sport in der Hannover 96 GmbH &amp; Co. KGaA.&hellip;\n","protected":false},"author":2,"featured_media":1066718,"comment_status":"","ping_status":"","sticky":false,"template":"","format":"standard","meta":{"footnotes":"","_share_on_mastodon":"0"},"categories":[1836],"tags":[3364,29,30,46,2366,45418,35537,1411,6598],"class_list":["post-1066717","post","type-post","status-publish","format-standard","has-post-thumbnail","category-hannover","tag-de","tag-deutschland","tag-germany","tag-hannover","tag-hannover-96","tag-henning-bindzus","tag-jonas-boldt","tag-niedersachsen","tag-personalien"],"share_on_mastodon":{"url":"https:\/\/pubeurope.com\/@de\/116685932383558154","error":""},"_links":{"self":[{"href":"https:\/\/www.europesays.com\/de\/wp-json\/wp\/v2\/posts\/1066717","targetHints":{"allow":["GET"]}}],"collection":[{"href":"https:\/\/www.europesays.com\/de\/wp-json\/wp\/v2\/posts"}],"about":[{"href":"https:\/\/www.europesays.com\/de\/wp-json\/wp\/v2\/types\/post"}],"author":[{"embeddable":true,"href":"https:\/\/www.europesays.com\/de\/wp-json\/wp\/v2\/users\/2"}],"replies":[{"embeddable":true,"href":"https:\/\/www.europesays.com\/de\/wp-json\/wp\/v2\/comments?post=1066717"}],"version-history":[{"count":0,"href":"https:\/\/www.europesays.com\/de\/wp-json\/wp\/v2\/posts\/1066717\/revisions"}],"wp:featuredmedia":[{"embeddable":true,"href":"https:\/\/www.europesays.com\/de\/wp-json\/wp\/v2\/media\/1066718"}],"wp:attachment":[{"href":"https:\/\/www.europesays.com\/de\/wp-json\/wp\/v2\/media?parent=1066717"}],"wp:term":[{"taxonomy":"category","embeddable":true,"href":"https:\/\/www.europesays.com\/de\/wp-json\/wp\/v2\/categories?post=1066717"},{"taxonomy":"post_tag","embeddable":true,"href":"https:\/\/www.europesays.com\/de\/wp-json\/wp\/v2\/tags?post=1066717"}],"curies":[{"name":"wp","href":"https:\/\/api.w.org\/{rel}","templated":true}]}}