{"id":1066733,"date":"2026-06-03T11:34:15","date_gmt":"2026-06-03T11:34:15","guid":{"rendered":"https:\/\/www.europesays.com\/de\/1066733\/"},"modified":"2026-06-03T11:34:15","modified_gmt":"2026-06-03T11:34:15","slug":"strassen-geld-und-motorboote-kreuzer-online","status":"publish","type":"post","link":"https:\/\/www.europesays.com\/de\/1066733\/","title":{"rendered":"Stra\u00dfen, Geld und Motorboote \u2014 kreuzer online"},"content":{"rendered":"<p>Die Stadtratssitzung beginnt mit einer Schweigeminute. \u00bbWir wollen der Opfer der schrecklichen Amokfahrt in Leipzig gedenken\u00ab, sagt Oberb\u00fcrgermeister Burkhard Jung, \u00bbes ist ein dunkler Moment, ein schwerer Moment.\u00ab Man d\u00fcrfe nun nicht zulassen, dass in den \u00f6ffentlichen Debatten die betroffenen Menschen aus dem Blick geraten. Jung bedankt sich bei den Helfenden, f\u00fcr eine kurze Zeit steht der gesamte Stadtrat in schweigender Einheit zusammen. Dann beginnen wieder die Diskussionen. In der um Olympia teilt Katharina Subat (PARTEI) ihr pers\u00f6nliches Damaskus-Erlebnis, in dem Brie und Sport-B\u00fcrgermeister Heiko Rosenthal (Linke) in Olympioniken-Robe die Hautrollen spielen. Besprochen werden au\u00dferdem: <a href=\"https:\/\/kreuzer-leipzig.de\/2026\/06\/03\/leipzig-politik-cossi?preview=true\" rel=\"nofollow noopener\" target=\"_blank\">Motorboote auf dem Cospudener Se<\/a>e, die <a href=\"https:\/\/kreuzer-leipzig.de\/2026\/06\/03\/leipzig-politik-afd\" rel=\"nofollow noopener\" target=\"_blank\">Finanzierung der Fraktionen<\/a> und <a href=\"https:\/\/kreuzer-leipzig.de\/2026\/06\/03\/politik-leipzig-stadtrat\" rel=\"nofollow noopener\" target=\"_blank\">die Erschlie\u00dfung neuer Stra\u00dfen<\/a> \u2013 und das bitte bis 20 Uhr! Denn dann muss Oberb\u00fcrgermeister Burkhard Jung (SPD) n\u00e4mlich los, zum Conference-League-Finale, den B\u00fcrgermeister von Madrid treffen. Oder war es Mailand? Naja, Hauptsache Italien. <\/p>\n","protected":false},"excerpt":{"rendered":"Die Stadtratssitzung beginnt mit einer Schweigeminute. \u00bbWir wollen der Opfer der schrecklichen Amokfahrt in Leipzig gedenken\u00ab, sagt Oberb\u00fcrgermeister&hellip;\n","protected":false},"author":2,"featured_media":1066734,"comment_status":"","ping_status":"","sticky":false,"template":"","format":"standard","meta":{"footnotes":"","_share_on_mastodon":"0"},"categories":[1832],"tags":[3364,29,30,80,71,16,859,26667,8862],"class_list":["post-1066733","post","type-post","status-publish","format-standard","has-post-thumbnail","category-leipzig","tag-de","tag-deutschland","tag-germany","tag-kultur","tag-leipzig","tag-politik","tag-sachsen","tag-stadtleben","tag-termine"],"share_on_mastodon":{"url":"https:\/\/pubeurope.com\/@de\/116685967596838329","error":""},"_links":{"self":[{"href":"https:\/\/www.europesays.com\/de\/wp-json\/wp\/v2\/posts\/1066733","targetHints":{"allow":["GET"]}}],"collection":[{"href":"https:\/\/www.europesays.com\/de\/wp-json\/wp\/v2\/posts"}],"about":[{"href":"https:\/\/www.europesays.com\/de\/wp-json\/wp\/v2\/types\/post"}],"author":[{"embeddable":true,"href":"https:\/\/www.europesays.com\/de\/wp-json\/wp\/v2\/users\/2"}],"replies":[{"embeddable":true,"href":"https:\/\/www.europesays.com\/de\/wp-json\/wp\/v2\/comments?post=1066733"}],"version-history":[{"count":0,"href":"https:\/\/www.europesays.com\/de\/wp-json\/wp\/v2\/posts\/1066733\/revisions"}],"wp:featuredmedia":[{"embeddable":true,"href":"https:\/\/www.europesays.com\/de\/wp-json\/wp\/v2\/media\/1066734"}],"wp:attachment":[{"href":"https:\/\/www.europesays.com\/de\/wp-json\/wp\/v2\/media?parent=1066733"}],"wp:term":[{"taxonomy":"category","embeddable":true,"href":"https:\/\/www.europesays.com\/de\/wp-json\/wp\/v2\/categories?post=1066733"},{"taxonomy":"post_tag","embeddable":true,"href":"https:\/\/www.europesays.com\/de\/wp-json\/wp\/v2\/tags?post=1066733"}],"curies":[{"name":"wp","href":"https:\/\/api.w.org\/{rel}","templated":true}]}}