{"id":1066852,"date":"2026-06-03T12:45:17","date_gmt":"2026-06-03T12:45:17","guid":{"rendered":"https:\/\/www.europesays.com\/de\/1066852\/"},"modified":"2026-06-03T12:45:17","modified_gmt":"2026-06-03T12:45:17","slug":"neue-allianz-von-kiel-bis-duisburg-acht-seehaefen-schliessen-sich-zusammen","status":"publish","type":"post","link":"https:\/\/www.europesays.com\/de\/1066852\/","title":{"rendered":"Neue Allianz: Von Kiel bis Duisburg \u2013 Acht Seeh\u00e4fen schlie\u00dfen sich zusammen"},"content":{"rendered":"<p class=\"is-first-paragraph\" data-external=\"Article.FirstParagraph\">Acht bedeutende See- und Binnenh\u00e4fen schlie\u00dfen sich zusammen und gr\u00fcnden die Allianz \u201eDeutsche Seeh\u00e4fen\u201c. \u201eDie deutschen H\u00e4fen stehen vor gewaltigen Transformationsaufgaben\u201c, teilte Holger Banik vom Hafenunternehmen Niedersachsen Ports (NPorts) mit. \u201eDiese k\u00f6nnen wir nur gemeinsam mit Bund und L\u00e4ndern bew\u00e4ltigen.\u201c<\/p>\n<p>Der neuen Allianz geh\u00f6ren neben NPorts die Hafengesellschaften Hamburg Port Authority, Bremenports, Rostock Port, L\u00fcbeck Port Authority, Brunsb\u00fcttel Ports, Seehafen Kiel sowie der Duisburger Hafen an. <\/p>\n<p>Die Allianz versteht sich nach eigenen Angaben als gemeinsame Ansprechpartnerin f\u00fcr Bund und L\u00e4nder bei den Herausforderungen der kommenden Jahre \u2013 von der Energiewende \u00fcber die Modernisierung der Infrastruktur bis hin zu steigenden Anforderungen an Resilienz und Sicherheit.<\/p>\n<p>Die Hafenbetreiber wollen mit dem Zusammenschluss erreichen, dass die H\u00e4fen als Infrastruktur von nationaler Bedeutung anerkannt werden. Sie fordern, dass sich der Bund st\u00e4rker bei der Finanzierung einbringt, insbesondere bei Investitionen in Energie, Sicherheit und Infrastruktur. Au\u00dferdem setzt sich die Allianz f\u00fcr schnellere Planungs- und Genehmigungsverfahren ein. <\/p>\n<p>Die H\u00e4fen stehen unter erheblichem Handlungsdruck: Der Modernisierungsbedarf bel\u00e4uft sich nach eigenen Berechnungen auf rund 15 Milliarden Euro. Ihre Positionen m\u00f6chte die Allianz erstmals am 10. Juni (18.30 Uhr) in der Hamburger Landesvertretung in Berlin vorstellen.<\/p>\n<p>Zentralverband spricht von zeitlich befristeter Initiative<\/p>\n<p>Die Hafenwirtschaft und einige Hafenverwaltungen sind im Zentralverband der deutschen Seehafenbetriebe (ZDS) in Hamburg organisiert. Der ZDS teilte der Deutschen Presse-Agentur mit, es handle sich um eine zeitlich befristete Initiative und der ZDS unterst\u00fctze diese. \u201eAngesichts der aktuellen Herausforderungen ist entschlossenes Handeln dringend erforderlich.\u201c<\/p>\n","protected":false},"excerpt":{"rendered":"Acht bedeutende See- und Binnenh\u00e4fen schlie\u00dfen sich zusammen und gr\u00fcnden die Allianz \u201eDeutsche Seeh\u00e4fen\u201c. \u201eDie deutschen H\u00e4fen stehen&hellip;\n","protected":false},"author":2,"featured_media":1066853,"comment_status":"","ping_status":"","sticky":false,"template":"","format":"standard","meta":{"footnotes":"","_share_on_mastodon":"0"},"categories":[1838],"tags":[3364,29,3715,30,693,692,8923,1209,9820,5226,45,55],"class_list":["post-1066852","post","type-post","status-publish","format-standard","has-post-thumbnail","category-duisburg","tag-de","tag-deutschland","tag-duisburg","tag-germany","tag-hafen","tag-hamburg","tag-lauterbach-joern","tag-nordrhein-westfalen","tag-reedereien","tag-schifffahrt","tag-texttospeech","tag-wirtschaft"],"share_on_mastodon":{"url":"https:\/\/pubeurope.com\/@de\/116686246961685991","error":""},"_links":{"self":[{"href":"https:\/\/www.europesays.com\/de\/wp-json\/wp\/v2\/posts\/1066852","targetHints":{"allow":["GET"]}}],"collection":[{"href":"https:\/\/www.europesays.com\/de\/wp-json\/wp\/v2\/posts"}],"about":[{"href":"https:\/\/www.europesays.com\/de\/wp-json\/wp\/v2\/types\/post"}],"author":[{"embeddable":true,"href":"https:\/\/www.europesays.com\/de\/wp-json\/wp\/v2\/users\/2"}],"replies":[{"embeddable":true,"href":"https:\/\/www.europesays.com\/de\/wp-json\/wp\/v2\/comments?post=1066852"}],"version-history":[{"count":0,"href":"https:\/\/www.europesays.com\/de\/wp-json\/wp\/v2\/posts\/1066852\/revisions"}],"wp:featuredmedia":[{"embeddable":true,"href":"https:\/\/www.europesays.com\/de\/wp-json\/wp\/v2\/media\/1066853"}],"wp:attachment":[{"href":"https:\/\/www.europesays.com\/de\/wp-json\/wp\/v2\/media?parent=1066852"}],"wp:term":[{"taxonomy":"category","embeddable":true,"href":"https:\/\/www.europesays.com\/de\/wp-json\/wp\/v2\/categories?post=1066852"},{"taxonomy":"post_tag","embeddable":true,"href":"https:\/\/www.europesays.com\/de\/wp-json\/wp\/v2\/tags?post=1066852"}],"curies":[{"name":"wp","href":"https:\/\/api.w.org\/{rel}","templated":true}]}}