{"id":1066889,"date":"2026-06-03T13:06:18","date_gmt":"2026-06-03T13:06:18","guid":{"rendered":"https:\/\/www.europesays.com\/de\/1066889\/"},"modified":"2026-06-03T13:06:18","modified_gmt":"2026-06-03T13:06:18","slug":"hellmann-bleibt-bis-2031-im-vorstand-von-eintracht-frankfurt","status":"publish","type":"post","link":"https:\/\/www.europesays.com\/de\/1066889\/","title":{"rendered":"Hellmann bleibt bis 2031 im Vorstand von Eintracht Frankfurt"},"content":{"rendered":"<p class=\"paragraph --regular --color\" data-v-ad2bcb75=\"\" data-v-5c4b7507=\"\">Hellmann arbeitet seit 2001 f\u00fcr Eintracht Frankfurt, seit 2012 ist er Vorstandsmitglied des Bundesligisten. Als Mitglied des Vorstands hat der 54-J\u00e4hrige einen gro\u00dfen Anteil am wirtschaftlichen Erfolg der Eintracht, die mittlerweile einen Jahresumsatz von knapp 400 Millionen Euro erzielen. Seit Sommer 2022 sitzt Hellmann au\u00dferdem im Pr\u00e4sidium der Deutschen Fu\u00dfball Liga.<\/p>\n","protected":false},"excerpt":{"rendered":"Hellmann arbeitet seit 2001 f\u00fcr Eintracht Frankfurt, seit 2012 ist er Vorstandsmitglied des Bundesligisten. Als Mitglied des Vorstands&hellip;\n","protected":false},"author":2,"featured_media":1066890,"comment_status":"","ping_status":"","sticky":false,"template":"","format":"standard","meta":{"footnotes":"","_share_on_mastodon":"0"},"categories":[1829],"tags":[5650,5651,5652,5654,5655,29,2050,2051,30,5660,2052,5656,5653,5657,1427,14,5659,5658,5661,4544,5662],"class_list":["post-1066889","post","type-post","status-publish","format-standard","has-post-thumbnail","category-frankfurt-am-main","tag-alzey","tag-bad-kreuznach","tag-bad-sobernheim","tag-bingen","tag-buerstadt","tag-deutschland","tag-frankfurt","tag-frankfurt-am-main","tag-germany","tag-guntersblum","tag-hessen","tag-ingelheim","tag-kirn","tag-lampertheim","tag-mainz","tag-nachrichten","tag-nierstein","tag-oppenheim","tag-ruesselsheim","tag-wiesbaden","tag-worms"],"share_on_mastodon":{"url":"","error":""},"_links":{"self":[{"href":"https:\/\/www.europesays.com\/de\/wp-json\/wp\/v2\/posts\/1066889","targetHints":{"allow":["GET"]}}],"collection":[{"href":"https:\/\/www.europesays.com\/de\/wp-json\/wp\/v2\/posts"}],"about":[{"href":"https:\/\/www.europesays.com\/de\/wp-json\/wp\/v2\/types\/post"}],"author":[{"embeddable":true,"href":"https:\/\/www.europesays.com\/de\/wp-json\/wp\/v2\/users\/2"}],"replies":[{"embeddable":true,"href":"https:\/\/www.europesays.com\/de\/wp-json\/wp\/v2\/comments?post=1066889"}],"version-history":[{"count":0,"href":"https:\/\/www.europesays.com\/de\/wp-json\/wp\/v2\/posts\/1066889\/revisions"}],"wp:featuredmedia":[{"embeddable":true,"href":"https:\/\/www.europesays.com\/de\/wp-json\/wp\/v2\/media\/1066890"}],"wp:attachment":[{"href":"https:\/\/www.europesays.com\/de\/wp-json\/wp\/v2\/media?parent=1066889"}],"wp:term":[{"taxonomy":"category","embeddable":true,"href":"https:\/\/www.europesays.com\/de\/wp-json\/wp\/v2\/categories?post=1066889"},{"taxonomy":"post_tag","embeddable":true,"href":"https:\/\/www.europesays.com\/de\/wp-json\/wp\/v2\/tags?post=1066889"}],"curies":[{"name":"wp","href":"https:\/\/api.w.org\/{rel}","templated":true}]}}