{"id":1066933,"date":"2026-06-03T13:30:10","date_gmt":"2026-06-03T13:30:10","guid":{"rendered":"https:\/\/www.europesays.com\/de\/1066933\/"},"modified":"2026-06-03T13:30:10","modified_gmt":"2026-06-03T13:30:10","slug":"damit-es-solche-schlaege-nicht-gibt-kreml-reagiert-auf-ukrainischen-drohnenangriff","status":"publish","type":"post","link":"https:\/\/www.europesays.com\/de\/1066933\/","title":{"rendered":"\u201eDamit es solche Schl\u00e4ge nicht gibt\u201c \u2013 Kreml reagiert auf ukrainischen Drohnenangriff"},"content":{"rendered":"<p class=\"is-first-paragraph\" data-external=\"Article.FirstParagraph\">Der Kreml nutzt den ukrainischen Drohnenangriff auf St. Petersburg vor einem internationalen Wirtschaftsforum in der Ostseemetropole zur Begr\u00fcndung f\u00fcr die Fortsetzung des Kriegs in der Ukraine. \u201eAllgemein kann ich sagen, dass wir die milit\u00e4rische Spezialoperation auch deswegen fortf\u00fchren, damit es solche Schl\u00e4ge nicht gibt\u201c, sagte Kremlsprecher Dmitri Peskow russischen Nachrichtenagenturen zufolge. Der Kreml k\u00fcndigte zudem\u201eReaktionen\u201c auf die Angriffe an.<\/p>\n<p>Ein direkter Vergeltungsschlag l\u00e4ge aber im Verantwortungsbereich des Verteidigungsministeriums, wich er dabei der Frage nach einer Reaktion auf die Angriffe aus.<\/p>\n<p>Der Gouverneur Alexander Beglow teilte mit, dass \u201emehrere\u201c Infrastruktureinrichtungen besch\u00e4digt wurden. Es sei niemand get\u00f6tet worden.<\/p>\n<p>Russlands Pr\u00e4sident Wladimir Putin hat den Krieg gegen die Ukraine vor mehr als vier Jahren befohlen. Das russische Milit\u00e4r greift seither systematisch St\u00e4dte und Gemeinden in der Ukraine an und t\u00f6tet dabei auch viele Zivilisten. Inzwischen ist auch die Ukraine zu massiven Drohnenangriffen auf Russlands Hinterland \u00fcbergegangen. Ziel sind neben milit\u00e4rischen Anlagen vor allem Objekte der \u00d6lindustrie.<\/p>\n<p>In St. Petersburg, wo Putin gerade das internationale Wirtschaftsforum SPIEF startet, bei dem er auch westliche Unternehmer und Wirtschaftsvertreter erwartet, haben <a class=\"is-link c-block-items__link c-link--rich-text-renderer\" href=\"https:\/\/www.welt.de\/politik\/deutschland\/article6a1fbb93639e3d502fd49706\/ukraine-beschiesst-st-petersburg-kurz-vor-putin-forum-cdu-mann-bezeichnet-afd-gaeste-als-dumm.html\" data-internal-tracking-enabled=\"true\" data-internal-tracking=\"{&quot;action&quot;:&quot;click&quot;,&quot;label&quot;:&quot;link&quot;,&quot;name&quot;:&quot;Inline Element&quot;,&quot;data&quot;:{&quot;source&quot;:&quot;&quot;,&quot;target&quot;:&quot;https:\/\/www.welt.de\/politik\/deutschland\/article6a1fbb93639e3d502fd49706\/ukraine-beschiesst-st-petersburg-kurz-vor-putin-forum-cdu-mann-bezeichnet-afd-gaeste-als-dumm.html&quot;,&quot;trackingName&quot;:&quot;&quot;,&quot;trackingLabel&quot;:&quot;&quot;}}\" rel=\"nofollow noopener\" target=\"_blank\">Medienberichten zufolge <\/a>ukrainische Drohnen \u00d6lanlagen im Hafen und Milit\u00e4robjekte in der Flottenbasis Kronstadt getroffen.<\/p>\n<p>Kiew zufolge zielten die Angriffe darauf ab, die f\u00fcr Moskau bedeutsame mehrt\u00e4gige Wirtschaftskonferenz zu st\u00f6ren, bei der auch Pr\u00e4sident Wladimir Putin erwartet wird. <\/p>\n<p>Neben dem \u00d6lterminal wurde auch ein rein milit\u00e4risches Ziel im Stadtbezirk Kronstadt getroffen, wo die russische Kriegsflotte ihren St\u00fctzpunkt in der Ostsee hat. In sozialen Netzwerken kursierten Aufnahmen von einer schwarzen Rauchwolke. Der Flugverkehr am St. Petersburger Flughafen Pulkowo war vor\u00fcbergehend eingeschr\u00e4nkt.<\/p>\n<p>Vor Beginn hatten die Beh\u00f6rden Einwohner und G\u00e4ste vor Drohnenangriffen gewarnt. \u201eAchtung! Es besteht Drohnengefahr auf dem Gebiet von St. Petersburg, m\u00f6glich sind St\u00f6rungen des mobilen Internets\u201c, hie\u00df es in der versandten SMS.<\/p>\n<p><b>Mehr von WELT in Google sehen<\/b><\/p>\n<p><b>Google zeigt zu vielen Themen passende Nachrichten an. Nutzer k\u00f6nnen nun festlegen, welche Quellen ihnen bevorzugt angezeigt werden:<\/b><\/p>\n<p><a class=\"is-link c-block-items__link is-external c-link--rich-text-renderer\" href=\"https:\/\/eur01.safelinks.protection.outlook.com\/?url=https%3A%2F%2Fwww.google.com%2Fpreferences%2Fsource%3Fq%3Dwelt.de&amp;data=05%7C02%7Cfriedrich.steffes-lay%40axelspringer.com%7C2e19b5087a32458cc28408deb7f78165%7Ca1e7a36c6a4847689d653f679c0f3b12%7C0%7C0%7C639150470817003708%7CUnknown%7CTWFpbGZsb3d8eyJFbXB0eU1hcGkiOnRydWUsIlYiOiIwLjAuMDAwMCIsIlAiOiJXaW4zMiIsIkFOIjoiTWFpbCIsIldUIjoyfQ%3D%3D%7C0%7C%7C%7C&amp;sdata=XR3jzu8lAryzJFzaUbOUbuYteSFsBNlXPRpqCtmMBn0%3D&amp;reserved=0\" rel=\"nofollow noopener\" data-internal-tracking-enabled=\"true\" data-internal-tracking=\"{&quot;action&quot;:&quot;click&quot;,&quot;label&quot;:&quot;link&quot;,&quot;name&quot;:&quot;Inline Element&quot;,&quot;data&quot;:{&quot;source&quot;:&quot;&quot;,&quot;target&quot;:&quot;https:\/\/eur01.safelinks.protection.outlook.com\/?url=https%3A%2F%2Fwww.google.com%2Fpreferences%2Fsource%3Fq%3Dwelt.de&amp;data=05%7C02%7Cfriedrich.steffes-lay%40axelspringer.com%7C2e19b5087a32458cc28408deb7f78165%7Ca1e7a36c6a4847689d653f679c0f3b12%7C0%7C0%7C639150470817003708%7CUnknown%7CTWFpbGZsb3d8eyJFbXB0eU1hcGkiOnRydWUsIlYiOiIwLjAuMDAwMCIsIlAiOiJXaW4zMiIsIkFOIjoiTWFpbCIsIldUIjoyfQ%3D%3D%7C0%7C%7C%7C&amp;sdata=XR3jzu8lAryzJFzaUbOUbuYteSFsBNlXPRpqCtmMBn0%3D&amp;reserved=0&quot;,&quot;trackingName&quot;:&quot;&quot;,&quot;trackingLabel&quot;:&quot;&quot;}}\" target=\"_blank\"><b>WELT als bevorzugtes Medium festlegen<\/b><\/a><\/p>\n","protected":false},"excerpt":{"rendered":"Der Kreml nutzt den ukrainischen Drohnenangriff auf St. Petersburg vor einem internationalen Wirtschaftsforum in der Ostseemetropole zur Begr\u00fcndung&hellip;\n","protected":false},"author":2,"featured_media":1066934,"comment_status":"","ping_status":"","sticky":false,"template":"","format":"standard","meta":{"footnotes":"","_share_on_mastodon":"0"},"categories":[3],"tags":[70023,13,14,15,110,21620,111,115,12,116,45,10,8,9,11,317,103,112,117,104],"class_list":["post-1066933","post","type-post","status-publish","format-standard","has-post-thumbnail","category-welt","tag-dmitrij","tag-headlines","tag-nachrichten","tag-news","tag-newsteam","tag-peskow","tag-putin","tag-russland-ukraine-krieg-24-2-2022","tag-schlagzeilen","tag-selenskyj","tag-texttospeech","tag-top-news","tag-top-meldungen","tag-topmeldungen","tag-topnews","tag-ukraine","tag-welt","tag-wladimir","tag-wolodymyr","tag-world"],"share_on_mastodon":{"url":"https:\/\/pubeurope.com\/@de\/116686423884215816","error":""},"_links":{"self":[{"href":"https:\/\/www.europesays.com\/de\/wp-json\/wp\/v2\/posts\/1066933","targetHints":{"allow":["GET"]}}],"collection":[{"href":"https:\/\/www.europesays.com\/de\/wp-json\/wp\/v2\/posts"}],"about":[{"href":"https:\/\/www.europesays.com\/de\/wp-json\/wp\/v2\/types\/post"}],"author":[{"embeddable":true,"href":"https:\/\/www.europesays.com\/de\/wp-json\/wp\/v2\/users\/2"}],"replies":[{"embeddable":true,"href":"https:\/\/www.europesays.com\/de\/wp-json\/wp\/v2\/comments?post=1066933"}],"version-history":[{"count":0,"href":"https:\/\/www.europesays.com\/de\/wp-json\/wp\/v2\/posts\/1066933\/revisions"}],"wp:featuredmedia":[{"embeddable":true,"href":"https:\/\/www.europesays.com\/de\/wp-json\/wp\/v2\/media\/1066934"}],"wp:attachment":[{"href":"https:\/\/www.europesays.com\/de\/wp-json\/wp\/v2\/media?parent=1066933"}],"wp:term":[{"taxonomy":"category","embeddable":true,"href":"https:\/\/www.europesays.com\/de\/wp-json\/wp\/v2\/categories?post=1066933"},{"taxonomy":"post_tag","embeddable":true,"href":"https:\/\/www.europesays.com\/de\/wp-json\/wp\/v2\/tags?post=1066933"}],"curies":[{"name":"wp","href":"https:\/\/api.w.org\/{rel}","templated":true}]}}