{"id":1067194,"date":"2026-06-03T15:57:16","date_gmt":"2026-06-03T15:57:16","guid":{"rendered":"https:\/\/www.europesays.com\/de\/1067194\/"},"modified":"2026-06-03T15:57:16","modified_gmt":"2026-06-03T15:57:16","slug":"stau-auf-a8-bei-muenchen-aktuelle-verkehrslage-heute-3-6","status":"publish","type":"post","link":"https:\/\/www.europesays.com\/de\/1067194\/","title":{"rendered":"Stau auf A8 bei M\u00fcnchen: Aktuelle Verkehrslage heute (3.6.)"},"content":{"rendered":"<p class=\"mb-6 text-xs md:text-m lg:text-l font-serif group-[.font-sans]:font-sans \">\n    Wer fr\u00fchmorgens auf das Autobahndreieck <a href=\"https:\/\/www.augsburger-allgemeine.de\/orte\/aa-muenchen\" target=\"_self\" class=\"underline \" rel=\"nofollow noopener\">M\u00fcnchen<\/a>\/Eschenried f\u00e4hrt, kennt das leidige Problem. Jeden Morgen staut es sich an der Stelle, an der die A8 zur <a href=\"https:\/\/www.augsburger-allgemeine.de\/schlagworte\/aa-a99\" target=\"_self\" class=\"underline \" rel=\"nofollow noopener\">A99<\/a> f\u00fchrt. Gr\u00fcnde daf\u00fcr gibt es viele: Zu viel Verkehr, <a href=\"https:\/\/www.augsburger-allgemeine.de\/ammersee\/a96-tunnel-eching-lkw-zu-hoch-loest-hoehenkontrolle-aus-langer-stau-113782370\" target=\"_self\" class=\"underline \" rel=\"nofollow noopener\">ausgel\u00f6ste H\u00f6henkontrolle am Allacher Tunnel<\/a>, <a href=\"https:\/\/www.augsburger-allgemeine.de\/bayern\/a8-richtung-muenchen-unfaelle-und-bauarbeiten-sorgen-fuer-mega-stau-im-berufsverkehr-24-05-114273540\" target=\"_self\" class=\"underline \" rel=\"nofollow noopener\">Baustellen<\/a>. Selbst kleine Unf\u00e4lle k\u00f6nnen dann dazu f\u00fchren, dass Autofahrerinnen und Autofahrer deutlich mehr Zeit einplanen m\u00fcssen. So ist die Lage im Berufsverkehr.\n  <\/p>\n<p>            Aktuell Verkehrsinfos: Stau auf der A8 und A99 am Mittwoch, 3. Juni<\/p>\n<p class=\"mb-6 text-xs md:text-m lg:text-l font-serif group-[.font-sans]:font-sans \">\n    Ein <strong class=\"font-bold\">Unfall sorgt auf der A8 in Richtung Stuttgart<\/strong> derzeit f\u00fcr Verz\u00f6gerungen. Zwischen Dachau\/F\u00fcrstenfeldbruck und Sulzemoss ist der linke Fahrstreifen blockiert. Laut dem Verkehrsmelder BayernInfo besteht Gefahr durch eine ungesicherte Unfallstelle und Personen auf der Fahrbahn. Es staut sich \u00fcber fast acht Kilometer. Autofahrerinnen und Autofahrer brauchen fast <strong class=\"font-bold\">30 Minuten<\/strong> l\u00e4nger (Stand 17.14 Uhr).\n  <\/p>\n<p class=\"mb-6 text-xs md:text-m lg:text-l font-serif group-[.font-sans]:font-sans \">\n    Und auch auf der A99 M\u00fcnchen-Nord Richtung M\u00fcnchen-S\u00fcd-West staut es sich. Der Standstreifen ist nach einem Unfall mit einem Lastwagen zwischen den Anschlussstellen M\u00fcnchen-Feldmoching und M\u00fcnchen-Ludwigsfeld blockiert. Rund eine Viertelstunde brauchen Verkehrsteilnehmer l\u00e4nger (Stand 17.14 Uhr).\n  <\/p>\n<p>            Stau auf der A8 am Allacher Tunnel: Das sind die Gr\u00fcnde<\/p>\n<p class=\"mb-6 text-xs md:text-m lg:text-l font-serif group-[.font-sans]:font-sans \">\n    Aber warum staut es sich an dieser Stelle rund um den Allacher Tunnel immer wieder? Die Antwort ist laut der Autobahn GmbH \u201erelativ einfach\u201c: Es fahren schlicht zu viele Fahrzeuge durch den Tunnel. \u201eGerade bei der Einf\u00e4delung der Eschenrieder Spange in den Autobahnring A99 tritt ein Kapazit\u00e4tsengpass auf\u201c, schreibt ein Sprecher auf Nachfrage. \u00c4hnliches passiert im Feierabendverkehr in der Gegenrichtung. In dem sogenannten Grenzleistungsbereich reichen dann schon kleine St\u00f6rungen, wie ein Pannenfahrzeug, damit der Verkehr zum Erliegen kommt. \u201eVor allem die \u00dcberlastung der Anschlussstelle M\u00fcnchen-Ludwigsfeld mit regelm\u00e4\u00dfigen R\u00fcckstauungen auf die A99 versch\u00e4rft die Situation\u201c, so der Sprecher.\n  <\/p>\n<p class=\"mb-6 text-xs md:text-m lg:text-l font-serif group-[.font-sans]:font-sans \">\n    Nach Angaben der Verkehrspolizei ist <a href=\"https:\/\/www.augsburger-allgemeine.de\/bayern\/diese-strasse-in-bayern-hat-die-meisten-fahrspuren-05-05-2026-113117360\" target=\"_self\" class=\"underline \" rel=\"nofollow noopener\">die A99 die am st\u00e4rksten befahrene Autobahn in Bayern<\/a>. Der Allacher Tunnel ist im M\u00fcnchner Westen eine Hauptverkehrsverbindung und ist mit einer DTV (Durchschnittliche T\u00e4gliche Verkehrsst\u00e4rke) von \u00fcber 132.000 Fahrzeugen am Tag grunds\u00e4tzlich eine stark befahrene Verkehrsachse. Allein von Januar bis Mai 2026 verzeichnet die Polizei auf dieser Strecke 227 Unf\u00e4lle. Meistens handelte es sich um Kleinunf\u00e4lle. Als Hauptursachen nennen die Beamten zu wenig Sicherheitsabstand und Fehler beim Fahrstreifenwechsel.\n  <\/p>\n<p class=\"mb-6 text-xs md:text-m lg:text-l font-serif group-[.font-sans]:font-sans \">\n    <a href=\"https:\/\/www.augsburger-allgemeine.de\/bayern\/a99-sanierung-allacher-tunnel-muenchen-angst-vor-verkehrschaos-politiker-fordern-schnelle-massnahmen-07-11-2025-112716392\" target=\"_self\" class=\"underline \" rel=\"nofollow noopener\">Ab dem kommenden Jahr saniert die Autobahn GmbH den Allacher Tunnel<\/a>. Neben der Erneuerung der Betriebstechnik, m\u00fcssen auch Sch\u00e4den am Beton und an den Entw\u00e4sserungsleitungen saniert werden. Damit der Verkehr nicht vollst\u00e4ndig zum Erliegen kommt, d\u00fcrfen Autofahrerinnen und Autofahrer in den Hauptverkehrszeiten \u00fcber den Seitenstreifen fahren. Auch die Anschlussstelle Ludwigsfeld baut die Autobahn GmbH um, um die Situation zu entlasten.\n  <\/p>\n<p>            Kann man das Autobahndreieck und den Allacher Tunnel umfahren?<\/p>\n<p class=\"mb-6 text-xs md:text-m lg:text-l font-serif group-[.font-sans]:font-sans \">\n    Geeignete, leistungsf\u00e4hige Ausweichrouten gibt es nur sehr begrenzt\u00a0\u2013 vor allem f\u00fcr Pendlerinnen und Pendler aus der n\u00e4heren Umgebung. Aus Frankfurt k\u00f6nnen Autofahrerinnen und Autofahrer \u00fcber die A6 und <a href=\"https:\/\/www.augsburger-allgemeine.de\/schlagworte\/aa-a9\" target=\"_self\" class=\"underline \" rel=\"nofollow noopener\">A9<\/a> \u00fcber N\u00fcrnberg fahren. Weitere Alternativstrecken f\u00fcr den regionalen Verkehr aus dem Raum Ulm und Augsburg mit dem Ziel Ingolstadt, Regensburg oder Landshut verlaufen auf den Bundesfernstra\u00dfen B16 und B300. F\u00fcr den lokalen Verkehr kommen nur die Bundesfernstra\u00dfen B471 \u00fcber Dachau oder die B2 durch das Stadtgebiet M\u00fcnchen infrage. Grunds\u00e4tzlich ist das Stra\u00dfennetz im Raum M\u00fcnchen aber laut Autobahn GmbH nicht auf die aktuelle Verkehrsbelastung ausgelegt.\n  <\/p>\n","protected":false},"excerpt":{"rendered":"Wer fr\u00fchmorgens auf das Autobahndreieck M\u00fcnchen\/Eschenried f\u00e4hrt, kennt das leidige Problem. Jeden Morgen staut es sich an der&hellip;\n","protected":false},"author":2,"featured_media":1037503,"comment_status":"","ping_status":"","sticky":false,"template":"","format":"standard","meta":{"footnotes":"","_share_on_mastodon":"0"},"categories":[1827],"tags":[25731,2461,772,24213,29,2451,190615,514,30,1268,227355,5716,1284],"class_list":["post-1067194","post","type-post","status-publish","format-standard","has-post-thumbnail","category-muenchen","tag-a99","tag-baustelle","tag-bayern","tag-dachau","tag-deutschland","tag-die-autobahn-gmbh-des-bundes","tag-eschenried","tag-fahrzeug","tag-germany","tag-muenchen","tag-muenchen-ludwigsfeld","tag-stau","tag-unfall"],"share_on_mastodon":{"url":"https:\/\/pubeurope.com\/@de\/116687001879798373","error":""},"_links":{"self":[{"href":"https:\/\/www.europesays.com\/de\/wp-json\/wp\/v2\/posts\/1067194","targetHints":{"allow":["GET"]}}],"collection":[{"href":"https:\/\/www.europesays.com\/de\/wp-json\/wp\/v2\/posts"}],"about":[{"href":"https:\/\/www.europesays.com\/de\/wp-json\/wp\/v2\/types\/post"}],"author":[{"embeddable":true,"href":"https:\/\/www.europesays.com\/de\/wp-json\/wp\/v2\/users\/2"}],"replies":[{"embeddable":true,"href":"https:\/\/www.europesays.com\/de\/wp-json\/wp\/v2\/comments?post=1067194"}],"version-history":[{"count":0,"href":"https:\/\/www.europesays.com\/de\/wp-json\/wp\/v2\/posts\/1067194\/revisions"}],"wp:featuredmedia":[{"embeddable":true,"href":"https:\/\/www.europesays.com\/de\/wp-json\/wp\/v2\/media\/1037503"}],"wp:attachment":[{"href":"https:\/\/www.europesays.com\/de\/wp-json\/wp\/v2\/media?parent=1067194"}],"wp:term":[{"taxonomy":"category","embeddable":true,"href":"https:\/\/www.europesays.com\/de\/wp-json\/wp\/v2\/categories?post=1067194"},{"taxonomy":"post_tag","embeddable":true,"href":"https:\/\/www.europesays.com\/de\/wp-json\/wp\/v2\/tags?post=1067194"}],"curies":[{"name":"wp","href":"https:\/\/api.w.org\/{rel}","templated":true}]}}