{"id":1067260,"date":"2026-06-03T16:35:18","date_gmt":"2026-06-03T16:35:18","guid":{"rendered":"https:\/\/www.europesays.com\/de\/1067260\/"},"modified":"2026-06-03T16:35:18","modified_gmt":"2026-06-03T16:35:18","slug":"gewitter-in-karlsruhe-bis-zum-wochenende-csd-parade-muss-mir-regen-rechnen","status":"publish","type":"post","link":"https:\/\/www.europesays.com\/de\/1067260\/","title":{"rendered":"Gewitter in Karlsruhe bis zum Wochenende: CSD-Parade muss mir Regen rechnen"},"content":{"rendered":"<p>            3. Juni, 17.20 Uhr: Gewitter am Donnerstag und Freitag m\u00f6glich<\/p>\n<p class=\"mb-6 text-xs md:text-m lg:text-l font-serif group-[.font-sans]:font-sans \">\n    Die hochsommerliche Phase in <a href=\"https:\/\/www.ka-news.de\/promis\/karlsruhe-kulturlandschaft-technologieregion-und-residenz-des-rechts-die-faecherstadt-im-ueberblick-art-2783253\" target=\"_self\" class=\"underline \" rel=\"nofollow noopener\">Karlsruhe<\/a> ist vorerst vorbei. \u201eEs geht leider <strong class=\"font-bold\">recht wechselhaft<\/strong> weiter\u201c, sagt Wetterexperte Uwe Schickedanz vom Deutschen Wetterdienst gegen\u00fcber der Redaktion am 3. Juni. Wer am <strong class=\"font-bold\">Donnerstag, 4. Juni,<\/strong> die Sonne erwischen will, sollte demnach fr\u00fch aufstehen. Denn sie zeige sich nur in den fr\u00fchen Morgenstunden.<strong class=\"font-bold\"> Gegen 9 Uhr ziehen vermehrt Wolken auf, die sich den restlichen Tag halten sollen<\/strong>. \u00dcber den Tag hinweg kann es immer wieder zu<strong class=\"font-bold\"> Regenschauern <\/strong>kommen. Die Temperaturen liegen bei <strong class=\"font-bold\">knapp \u00fcber 20 Grad.<\/strong>\n  <\/p>\n<p>    <img decoding=\"async\" src=\"https:\/\/www.europesays.com\/de\/wp-content\/uploads\/2026\/06\/gewitter-karlsruhe-31-0526.jpg\" alt=\"Gewitter \u00fcber Karlsruhe am 31. Mai 2026.\" title=\"Gewitter \u00fcber Karlsruhe am 31. Mai 2026.\" loading=\"lazy\" class=\"h-full w-full object-cover\"\/><\/p>\n<p>      Icon vergr\u00f6\u00dfern<\/p>\n<p>    Gewitter \u00fcber Karlsruhe am 31. Mai 2026.<br \/>\n    Foto: Thomas Riedel<\/p>\n<p>        Schlie\u00dfen <\/p>\n<p>      Icon Schlie\u00dfen<\/p>\n<p>        Icon vergr\u00f6\u00dfern<\/p>\n<p>        Icon verkleinern<\/p>\n<p>      Icon Pfeil bewegen<\/p>\n<p>    Gewitter \u00fcber Karlsruhe am 31. Mai 2026.<br \/>\n    Foto: Thomas Riedel<\/p>\n<p class=\"mb-6 text-xs md:text-m lg:text-l font-serif group-[.font-sans]:font-sans \">\n    Auch der <strong class=\"font-bold\">Freitag, 5. Juni<\/strong>, ist \u00fcberwiegend <strong class=\"font-bold\">bew\u00f6lkt und regnerisch<\/strong>. Au\u00dferdem sind<strong class=\"font-bold\"> einzelne Gewitter<\/strong> auch im Stadtgebiet m\u00f6glich. Es k\u00fchlt etwas ab und die Temperaturen erreichen maximal 20 Grad. \u201eAm sp\u00e4ten Nachmittag k\u00f6nnten Regenpausen und Wolkenl\u00fccken auftreten\u201c, sagt der Wetterexperte.\n  <\/p>\n<p>            3. Juni, 17.20 Uhr: Samstag wird freundlicher<\/p>\n<p class=\"mb-6 text-xs md:text-m lg:text-l font-serif group-[.font-sans]:font-sans \">\n    Gute Nachrichten f\u00fcr alle<a href=\"https:\/\/www.ka-news.de\/karlsruhe\/freizeit-und-veranstaltungen\/csd-karlsruhe-2026-demonstration-motto-und-programm-im-ueberblick-8-4-26-113814526\" target=\"_self\" class=\"underline \" rel=\"nofollow noopener\"> CSD<\/a>-Besucher: Am <strong class=\"font-bold\">Samstag, 6. Juni, <\/strong>sollen die Temperaturen auf bis zu <strong class=\"font-bold\">24 Grad<\/strong> steigen. Das Risiko f\u00fcr Gewitter sinkt im Vergleich zum Vortag. Trotzdem kann der Meteorologe nicht vollst\u00e4ndig Entwarnung geben. <strong class=\"font-bold\">\u201eEinzelne Regenschauer und auch Gewitter k\u00f6nnen nicht ganz ausgeschlossen werden\u201c<\/strong>, sagt Schickedanz.\n  <\/p>\n<p>    <img decoding=\"async\" src=\"https:\/\/www.europesays.com\/de\/wp-content\/uploads\/2026\/06\/img1700-1.jpg\" alt=\"Gewitter \u00fcber Karlsruhe am 31.05.2026\" title=\"Gewitter \u00fcber Karlsruhe am 31.05.2026\" loading=\"lazy\" class=\"h-full w-full object-cover\"\/><\/p>\n<p>      Icon vergr\u00f6\u00dfern<\/p>\n<p>    Gewitter \u00fcber Karlsruhe am 31.05.2026<br \/>\n    Foto: Thomas Riedel<\/p>\n<p>        Schlie\u00dfen <\/p>\n<p>      Icon Schlie\u00dfen<\/p>\n<p>        Icon vergr\u00f6\u00dfern<\/p>\n<p>        Icon verkleinern<\/p>\n<p>      Icon Pfeil bewegen<\/p>\n<p>    Gewitter \u00fcber Karlsruhe am 31.05.2026<br \/>\n    Foto: Thomas Riedel<\/p>\n<p class=\"mb-6 text-xs md:text-m lg:text-l font-serif group-[.font-sans]:font-sans \">\n    Zum <strong class=\"font-bold\">Sonntag, 7. Juni<\/strong>, wird das Wetter wieder freundlicher und es werden<strong class=\"font-bold\"> kaum noch Schauer<\/strong> erwartet. \u201eIn <a href=\"https:\/\/www.ka-news.de\/karlsruhe\" target=\"_self\" class=\"underline \" rel=\"nofollow noopener\">Karlsruhe<\/a> ist wieder ein <strong class=\"font-bold\">angenehmer Fr\u00fchsommertag<\/strong> m\u00f6glich\u201c, sagt der Meteorologe. Die Temperaturen sollen auf<strong class=\"font-bold\"> 25 Grad<\/strong> steigen.\n  <\/p>\n<p>            3. Juni, 7.38 Uhr: Mittwoch bleibt \u00fcberwiegend trocken<\/p>\n<p class=\"mb-6 text-xs md:text-m lg:text-l font-serif group-[.font-sans]:font-sans \">\n    Der starke Regen am Dienstagnachmittag sorgte nach ersten Einsch\u00e4tzungen der Polizei\u00a0<strong class=\"font-bold\">f\u00fcr keine witterungsbedingten Unf\u00e4lle<\/strong>\u00a0in Karlsruhe und der Region und blieb insgesamt unauff\u00e4llig, wie ein Polizeisprecher der Redaktion mitteilte.\n  <\/p>\n<p class=\"mb-6 text-xs md:text-m lg:text-l font-serif group-[.font-sans]:font-sans \">\n    Am Mittwoch kann es in Karlsruhe laut kachelmannwetter zwar vereinzelt zu Niederschl\u00e4gen kommen,\u00a0<strong class=\"font-bold\">gr\u00f6\u00dftenteils\u00a0wird aber\u00a0trockenes Wetter\u00a0<\/strong>erwartet. Am Donnerstag wird hingegen wieder ein kleines Gewitter mit Niederschlag\u00a0<strong class=\"font-bold\">zur Mittagszeit\u00a0und am Abend<\/strong> erwartet.\n  <\/p>\n<p>            Am Dienstag gibt es Regen ab 14 Uhr<\/p>\n<p class=\"mb-6 text-xs md:text-m lg:text-l font-serif group-[.font-sans]:font-sans \">\n    F\u00fcr Karlsruhe und die Region sind wieder Gewitter angek\u00fcndigt. Sp\u00e4testens am <strong class=\"font-bold\">Dienstagnachmittag gegen 14 Uhr wird in Karlsruhe mit anhaltendem Regen<\/strong> bis in die Abendstunden gerechnet, wie ein DWD-Meteorologe der Redaktion mitteilt.\n  <\/p>\n<p class=\"mb-6 text-xs md:text-m lg:text-l font-serif group-[.font-sans]:font-sans \">\n    Am <strong class=\"font-bold\">Mittwoch werden in Karlsruhe vereinzelte Schauer<\/strong> erwartet. Diese zweite Gewitterfront soll deutlich schw\u00e4cher ausfallen und bis zum Wochenende abklingen. Gute Aussichten: <strong class=\"font-bold\">Sp\u00e4testens ab Sonntag sieht es laut DWD-Meteorologe bei rund 25 Grad wieder freundlicher aus.<\/strong>\n  <\/p>\n<p>    <img decoding=\"async\" src=\"https:\/\/www.europesays.com\/de\/wp-content\/uploads\/2026\/06\/img1563.jpg\" alt=\"Gewitter \u00fcber Karlsruhe am 31.05.2026\" title=\"Gewitter \u00fcber Karlsruhe am 31.05.2026\" loading=\"lazy\" class=\"h-full w-full object-cover\"\/><\/p>\n<p>      Icon vergr\u00f6\u00dfern<\/p>\n<p>    Gewitter \u00fcber Karlsruhe am 31.05.2026<br \/>\n    Foto: Thomas Riedel<\/p>\n<p>        Schlie\u00dfen <\/p>\n<p>      Icon Schlie\u00dfen<\/p>\n<p>        Icon vergr\u00f6\u00dfern<\/p>\n<p>        Icon verkleinern<\/p>\n<p>      Icon Pfeil bewegen<\/p>\n<p>    Gewitter \u00fcber Karlsruhe am 31.05.2026<br \/>\n    Foto: Thomas Riedel<\/p>\n<p>            1. Juni 2026: N\u00e4chstes Gewitter am Dienstag<\/p>\n<p class=\"mb-6 text-xs md:text-m lg:text-l font-serif group-[.font-sans]:font-sans \">\n    Am<strong class=\"font-bold\"> Dienstag, 2. Juni,<\/strong> drohen im Raum Karlsruhe erneut kr\u00e4ftige Gewitter, teilt ein DWD-Sprecher dieser Redaktion mit: \u201eWir rechnen mit einer <strong class=\"font-bold\">Intensit\u00e4t wie am Sonntag<\/strong>.\u201c Ab dem Nachmittag setzt anhaltender Regen ein, lokal kann das Unwetter mit Hagel st\u00e4rker ausfallen.\n  <\/p>\n<p class=\"mb-6 text-xs md:text-m lg:text-l font-serif group-[.font-sans]:font-sans \">\n    F\u00fcr <strong class=\"font-bold\">Mittwoch, 3. Juni, und Donnerstag, 4. Juni,<\/strong> erwartet der DWD eine <strong class=\"font-bold\">zweite Gewitterfront<\/strong>, allerdings deutlich schw\u00e4cher. Nachmittags sind einzelne Schauer bis in die sp\u00e4ten Abendstunden m\u00f6glich.\n  <\/p>\n<p>            31. Mai 2026: Unwettersch\u00e4den in Bretten und Bruchsal<\/p>\n<p class=\"mb-6 text-xs md:text-m lg:text-l font-serif group-[.font-sans]:font-sans \">\n    Nach den schw\u00fclen und warmen Sommertagen haben am Sonntag, 31. Mai, kr\u00e4ftige Gewitter den S\u00fcdwesten Deutschlands erreicht. Vielerorts kam es zu \u00dcberflutungen von Stra\u00dfen.\n  <\/p>\n<p class=\"mb-6 text-xs md:text-m lg:text-l font-serif group-[.font-sans]:font-sans \">\n    In <strong class=\"font-bold\">Bretten kam es wegen Starkregen und Hagel zu \u00fcberfluteten Stra\u00dfen und vollgelaufenen Kellern<\/strong>, wie die Polizei Karlsruhe der Redaktion am Montagmorgen mitteilt. Da das Wasser in der Kanalisation nicht gefasst werden konnte, wurden teilweise auch die Schachtdeckel nach oben gedr\u00fcckt.\n  <\/p>\n<p>    <img decoding=\"async\" src=\"https:\/\/www.europesays.com\/de\/wp-content\/uploads\/2026\/06\/img1544.jpg\" alt=\"Gewitter \u00fcber Karlsruhe am 31.05.2026\" title=\"Gewitter \u00fcber Karlsruhe am 31.05.2026\" loading=\"lazy\" class=\"h-full w-full object-cover\"\/><\/p>\n<p>      Icon vergr\u00f6\u00dfern<\/p>\n<p>    Gewitter \u00fcber Karlsruhe am 31.05.2026<br \/>\n    Foto: Thomas Riedel<\/p>\n<p>        Schlie\u00dfen <\/p>\n<p>      Icon Schlie\u00dfen<\/p>\n<p>        Icon vergr\u00f6\u00dfern<\/p>\n<p>        Icon verkleinern<\/p>\n<p>      Icon Pfeil bewegen<\/p>\n<p>    Gewitter \u00fcber Karlsruhe am 31.05.2026<br \/>\n    Foto: Thomas Riedel<\/p>\n<p class=\"mb-6 text-xs md:text-m lg:text-l font-serif group-[.font-sans]:font-sans \">\n    <strong class=\"font-bold\">T\u00f6dlicher Verkehrsunfall bei Bruchsal durch Aquaplaning:<\/strong> Am Nachmittag zog eine beeindruckende Gewitterfront \u00fcber den Kreis <a href=\"https:\/\/www.ka-news.de\/promis\/karlsruhe-kulturlandschaft-technologieregion-und-residenz-des-rechts-die-faecherstadt-im-ueberblick-art-2783253\" target=\"_self\" class=\"underline \" rel=\"nofollow noopener\">Karlsruhe<\/a> hinweg und sorgte f\u00fcr einen heftigen Wetterumschwung. Dunkle Wolken t\u00fcrmten sich am Himmel auf, ehe sich die Gewitterzellen entluden. Gefolgt von Starkregen, zahlreichen Blitzen und Donnerschl\u00e4gen. Die traurige Nachricht: <a href=\"https:\/\/www.ka-news.de\/bruchsal\/verkehrsunfall-auf-b35-bei-bruchsal-fordert-tote-nach-unwetter-2-6-26-114351181\" target=\"_self\" class=\"underline \" rel=\"nofollow noopener\">Durch die rutschigen Stra\u00dfen kamen bei einem Verkehrsunfall sogar zwei Personen ums Leben.<\/a>\n  <\/p>\n<p class=\"mb-6 text-xs md:text-m lg:text-l font-serif group-[.font-sans]:font-sans \">\n    <strong class=\"font-bold\">Gewitter bringen Abk\u00fchlung in die Region: <\/strong>Nach dem Durchzug der Gewitter beruhigte sich die Wetterlage wieder. Zur\u00fcck blieb eine sp\u00fcrbare Abk\u00fchlung, die die dr\u00fcckende Schw\u00fcle der vergangenen Tage beendete. <a href=\"https:\/\/www.ka-news.de\/karlsruhe\/unwetterwarnung-fuer-karlsruhe-gewitter-mit-starkregen-sturm-und-hagel-am-sonntag-erwartet-31-05-26-114338881\" target=\"_self\" class=\"underline \" rel=\"nofollow noopener\">Meteorologen hatten die Gewitter bereits im Vorfeld angek\u00fcndigt<\/a>. <strong class=\"font-bold\">In den kommenden Tagen sollen die Temperaturen zun\u00e4chst auf bis zu 25 Grad klettern. Ab Dienstag, 2. Juni, kann es erneut Gewitter geben. <\/strong>Ansonsten erwartet die F\u00e4cherstadt einen Mix aus Sonne und Wolken.\n  <\/p>\n","protected":false},"excerpt":{"rendered":"3. Juni, 17.20 Uhr: Gewitter am Donnerstag und Freitag m\u00f6glich Die hochsommerliche Phase in Karlsruhe ist vorerst vorbei.&hellip;\n","protected":false},"author":2,"featured_media":1067261,"comment_status":"","ping_status":"","sticky":false,"template":"","format":"standard","meta":{"footnotes":"","_share_on_mastodon":"0"},"categories":[1844],"tags":[1634,63057,82877,3364,950,29,2415,30,19634,8903,121,88422,4028,197331],"class_list":["post-1067260","post","type-post","status-publish","format-standard","has-post-thumbnail","category-karlsruhe","tag-baden-wuerttemberg","tag-bretten","tag-bruchsal","tag-de","tag-deutscher-wetterdienst","tag-deutschland","tag-feiertag","tag-germany","tag-gewitter","tag-karlsruhe","tag-polizei","tag-polizeisprecher","tag-unwetter","tag-uwe-schickedanz"],"share_on_mastodon":{"url":"https:\/\/pubeurope.com\/@de\/116687151839491502","error":""},"_links":{"self":[{"href":"https:\/\/www.europesays.com\/de\/wp-json\/wp\/v2\/posts\/1067260","targetHints":{"allow":["GET"]}}],"collection":[{"href":"https:\/\/www.europesays.com\/de\/wp-json\/wp\/v2\/posts"}],"about":[{"href":"https:\/\/www.europesays.com\/de\/wp-json\/wp\/v2\/types\/post"}],"author":[{"embeddable":true,"href":"https:\/\/www.europesays.com\/de\/wp-json\/wp\/v2\/users\/2"}],"replies":[{"embeddable":true,"href":"https:\/\/www.europesays.com\/de\/wp-json\/wp\/v2\/comments?post=1067260"}],"version-history":[{"count":0,"href":"https:\/\/www.europesays.com\/de\/wp-json\/wp\/v2\/posts\/1067260\/revisions"}],"wp:featuredmedia":[{"embeddable":true,"href":"https:\/\/www.europesays.com\/de\/wp-json\/wp\/v2\/media\/1067261"}],"wp:attachment":[{"href":"https:\/\/www.europesays.com\/de\/wp-json\/wp\/v2\/media?parent=1067260"}],"wp:term":[{"taxonomy":"category","embeddable":true,"href":"https:\/\/www.europesays.com\/de\/wp-json\/wp\/v2\/categories?post=1067260"},{"taxonomy":"post_tag","embeddable":true,"href":"https:\/\/www.europesays.com\/de\/wp-json\/wp\/v2\/tags?post=1067260"}],"curies":[{"name":"wp","href":"https:\/\/api.w.org\/{rel}","templated":true}]}}