{"id":1067268,"date":"2026-06-03T16:39:16","date_gmt":"2026-06-03T16:39:16","guid":{"rendered":"https:\/\/www.europesays.com\/de\/1067268\/"},"modified":"2026-06-03T16:39:16","modified_gmt":"2026-06-03T16:39:16","slug":"elektriker-erleidet-massiven-stromschlag-rettungshubschrauber-landet-im-bielefelder-buergerpark","status":"publish","type":"post","link":"https:\/\/www.europesays.com\/de\/1067268\/","title":{"rendered":"Elektriker erleidet massiven Stromschlag, Rettungshubschrauber landet im Bielefelder B\u00fcrgerpark"},"content":{"rendered":"<p id=\"absatz1\" class=\"em_text\">Bielefeld. Rettungshubschrauber Christoph 13 ist am Mittwoch, 3. Juni, gegen 12 Uhr mitten im B\u00fcrgerpark im Bielefelder Westen gelandet. Der Helikopter brachte einen Notarzt, der einen verletzten Elektroinstallateur versorgen sollte. Nach Informationen der Redaktion soll er bei Reparaturarbeiten an einer Trafostation einen massiven Stromschlag abbekommen haben.<\/p>\n<p id=\"absatz2\" class=\"em_text\">Der Elektriker eines Subunternehmens war im Auftrag der Stadtwerke dabei, ein defektes Kabel an einer sogenannten Netzstation zu reparieren, best\u00e4tigte auf Anfrage ein Sprecher der Stadtwerke. Dabei soll es zu einem Arbeitsunfall gekommen sein. Die Feuerwehr-Leitstelle sprach in diesem Zusammenhang von einem internistischen Notfall.<\/p>\n<p id=\"absatz3\" class=\"em_text\">Weil an Netzstationen das Mittelspannungsnetz mit 10.000 bis 36.000 Volt auf Niederspannung f\u00fcr den Verbrauch im h\u00e4uslichen Umfeld umgewandelt wird, mussten die Disponenten bei der ersten Meldung von einem schweren Unfall ausgehen.<\/p>\n<p>Arbeiter soll schwere Vebrennungen erlitten haben<\/p>\n<p class=\"em_text\">Deshalb sendeten sie einen Notarzt per Rettungshubschrauber zum Einsatzort. Der f\u00e4hrt in vielen F\u00e4llen nach der ersten Behandlung mit dem Patienten im Rettungswagen ins Krankenhaus und betreut ihn bis zur \u00dcbergabe im Krankenhaus. Nur selten werden Patienten tats\u00e4chlich auch im Hubschrauber in die Klinik transportiert.<\/p>\n<p id=\"absatz5\"><b class=\"bold\">Arbeitsunfall in Bielefeld<\/b>: <a href=\"https:\/\/www.nw.de\/lokal\/bielefeld\/mitte\/24035441_Arbeitsunfall-in-Bielefeld-Bauarbeiter-verletzt-sich-beim-Steineschneiden.html\" rel=\"nofollow noopener\" target=\"_blank\">Bauarbeiter verletzt sich beim Steineschneiden <\/a><\/p>\n<p id=\"absatz6\" class=\"em_text\">Nach bisher nicht best\u00e4tigten Informationen soll der Arbeiter schwere Verbrennungen erlitten haben. Weitere Details zu dem Arbeitsunfall wollten weder der Rettungsdienst noch die Stadtwerke mitteilen. Die Polizei wurde in den Einsatz nicht involviert. Auch die Kripo hat nicht \u2013 wie bei Arbeitsunf\u00e4llen \u00fcblich \u2013 die Ermittlungen in dem Fall aufgenommen. In der Regel \u00fcbergibt die Kripo die ersten Erkenntnisse anschlie\u00dfend dem Amt f\u00fcr Arbeitssicherheit, die bei der Bezirksregierung Detmold angedockt ist.<\/p>\n<p id=\"absatz7\" class=\"em_text\">Der B\u00fcrgerpark blieb w\u00e4hrend des Einsatzes offen. W\u00e4hrend Start und Landung des Rettungshubschraubers mussten Besucher allerdings weitr\u00e4umig Abstand halten.<\/p>\n<p id=\"absatz8\"><b class=\"bold\">Zum Thema<\/b>: <a href=\"https:\/\/www.nw.de\/lokal\/bielefeld\/mitte\/23915458_Schwerer-Arbeitsunfall-in-der-Bielefelder-City-Bauarbeiter-faellt-in-Baugrube.html\" rel=\"nofollow noopener\" target=\"_blank\">Schwerer Arbeitsunfall in der Bielefelder City: Bauarbeiter f\u00e4llt in Baugrube<\/a> <\/p>\n","protected":false},"excerpt":{"rendered":"Bielefeld. Rettungshubschrauber Christoph 13 ist am Mittwoch, 3. Juni, gegen 12 Uhr mitten im B\u00fcrgerpark im Bielefelder Westen&hellip;\n","protected":false},"author":2,"featured_media":1067269,"comment_status":"","ping_status":"","sticky":false,"template":"","format":"standard","meta":{"footnotes":"","_share_on_mastodon":"0"},"categories":[1841],"tags":[5184,1605,39329,3364,29,985,30,23442,983,16392,9307,1611,1606,198343,736,164252,16384,1613,1209,121,6995,54478,121268],"class_list":["post-1067268","post","type-post","status-publish","format-standard","has-post-thumbnail","category-bielefeld","tag-arbeitsunfall","tag-bielefeld","tag-buergerpark","tag-de","tag-deutschland","tag-feuerwehr","tag-germany","tag-helikopter","tag-kripo","tag-label_blaulicht","tag-label_foto","tag-label_informiere-mich","tag-label_m-80","tag-meta_artikelklasse_aboanker","tag-meta_copyrights_nw","tag-meta_eo_zusammenfassung","tag-meta_themen_blaulicht_sicherheit","tag-meta_userneeds_informieremich","tag-nordrhein-westfalen","tag-polizei","tag-rettungshubschrauber","tag-stromschlag","tag-trafostation"],"share_on_mastodon":{"url":"https:\/\/pubeurope.com\/@de\/116687167168669393","error":""},"_links":{"self":[{"href":"https:\/\/www.europesays.com\/de\/wp-json\/wp\/v2\/posts\/1067268","targetHints":{"allow":["GET"]}}],"collection":[{"href":"https:\/\/www.europesays.com\/de\/wp-json\/wp\/v2\/posts"}],"about":[{"href":"https:\/\/www.europesays.com\/de\/wp-json\/wp\/v2\/types\/post"}],"author":[{"embeddable":true,"href":"https:\/\/www.europesays.com\/de\/wp-json\/wp\/v2\/users\/2"}],"replies":[{"embeddable":true,"href":"https:\/\/www.europesays.com\/de\/wp-json\/wp\/v2\/comments?post=1067268"}],"version-history":[{"count":0,"href":"https:\/\/www.europesays.com\/de\/wp-json\/wp\/v2\/posts\/1067268\/revisions"}],"wp:featuredmedia":[{"embeddable":true,"href":"https:\/\/www.europesays.com\/de\/wp-json\/wp\/v2\/media\/1067269"}],"wp:attachment":[{"href":"https:\/\/www.europesays.com\/de\/wp-json\/wp\/v2\/media?parent=1067268"}],"wp:term":[{"taxonomy":"category","embeddable":true,"href":"https:\/\/www.europesays.com\/de\/wp-json\/wp\/v2\/categories?post=1067268"},{"taxonomy":"post_tag","embeddable":true,"href":"https:\/\/www.europesays.com\/de\/wp-json\/wp\/v2\/tags?post=1067268"}],"curies":[{"name":"wp","href":"https:\/\/api.w.org\/{rel}","templated":true}]}}