{"id":1067391,"date":"2026-06-03T17:46:20","date_gmt":"2026-06-03T17:46:20","guid":{"rendered":"https:\/\/www.europesays.com\/de\/1067391\/"},"modified":"2026-06-03T17:46:20","modified_gmt":"2026-06-03T17:46:20","slug":"kieler-woche-2026-sicherheit-durch-messerverbot-kameras-und-sandsaecke","status":"publish","type":"post","link":"https:\/\/www.europesays.com\/de\/1067391\/","title":{"rendered":"Kieler Woche 2026: Sicherheit durch Messerverbot, Kameras und Sands\u00e4cke"},"content":{"rendered":"<p>        <img decoding=\"async\" src=\"https:\/\/www.europesays.com\/de\/wp-content\/uploads\/2026\/06\/sicherheitskonzept-102.webp\" alt=\"Polizeibeamte gehen Streife auf der Festmeile der Kieler Woche.\" title=\"Polizeibeamte gehen Streife auf der Festmeile der Kieler Woche. | picture alliance\/dpa | Frank Molter\" class=\"responsive\"\/><\/p>\n<p>\n                Stand: 03.06.2026 19:16 Uhr<\/p>\n<p class=\"preface\">Damit drei Millionen Menschen bei der Kieler Woche unbeschwert feiern k\u00f6nnen, planen die Stadt Kiel und die Polizei monatelang die Sicherheit f\u00fcr das gr\u00f6\u00dfte Volksfest im Norden.<\/p>\n<p class=\"textauthor\">von Carsten Salzwedel<\/p>\n<p class=\"\">Die wei\u00dfen Plastiks\u00e4cke, gef\u00fcllt mit etwa 1.000 Kubikmeter Sand, stehen unterhalb einer Wiese am Kieler Schloss. Sie hei\u00dfen Big Bags und werden in nicht mal mehr drei Wochen feiernde Menschen vor tonnenschweren Autos sch\u00fctzen.<\/p>\n<p>                    <a href=\"https:\/\/www.europesays.com\/de\/wp-content\/uploads\/2026\/06\/kiwo-168.webp\" class=\"zoomimage\" title=\"Bild vergr\u00f6\u00dfern\"><\/p>\n<p>        <img decoding=\"async\" src=\"https:\/\/www.europesays.com\/de\/wp-content\/uploads\/2026\/06\/kiwo-168.webp\" alt=\"Big Bags an einer Stra\u00dfe in Kiel.\" title=\"400 solcher Bigbags sorgen auf der Kieler Woche f\u00fcr Sicherheit. Sie geh\u00f6ren zum Durchfahrtsschutz und sollen verhindern, dass Fahrzeuge auf Eventareale gesteuert werden. | NDR, Carsten Salzwedel\" class=\"responsive\" loading=\"lazy\"\/><\/p>\n<p>                    <\/a><\/p>\n<p>                    400 solcher Bigbags sorgen auf der Kieler Woche f\u00fcr Sicherheit. Sie geh\u00f6ren zum Durchfahrtsschutz und sollen verhindern, dass Fahrzeuge auf Eventareale gesteuert werden.<\/p>\n<p class=\"\">Sie sind Teil des Durchfahrtschutzes, erkl\u00e4rt Daniel Lorenzen. Er ist bei der Stadt <a href=\"https:\/\/www.ndr.de\/nachrichten\/schleswig-holstein\/Kiel-Aktuelle-Nachrichten-News-und-Videos,kiel7262.html\" title=\"Kiel - Aktuelle Nachrichten und Videos\" rel=\"nofollow noopener\" target=\"_blank\">Kiel<\/a> f\u00fcr die Sicherheit auf der Kieler Woche (KiWo) zust\u00e4ndig. Dort, wo etwa Polizei, Rettungswagen oder morgens Getr\u00e4nkelieferanten durch die Absperrungen m\u00fcssen, gibt es Schwerlastplatten mit versenkbaren Pollern.<\/p>\n<p>    Bew\u00e4hrtes Sicherheitskonzept der vergangenen Jahre angepasst<\/p>\n<p class=\"\">Das <a href=\"https:\/\/www.ndr.de\/nachrichten\/schleswig-holstein\/kieler_woche\/Kieler-Woche-2025-mehr-Sicherheit-durch-mehr-Polizei-Barrieren-und-Kameras,kielerwoche3812.html\" title=\"Kieler Woche 2025: Sicherheit durch mehr Polizei, Barrieren und Kameras\" rel=\"nofollow noopener\" target=\"_blank\">Sicherheitskonzept der vergangenen Jahre<\/a> hat sich laut Polizei bew\u00e4hrt. Die Planer von Stadt und Polizei haben es leicht angepasst. Wie gewohnt gibt es am Hauptbahnhof, am Kleinen Kiel und im Polizeirevier der Wasserschutzpolizei an der Kiellinie Anlaufstellen f\u00fcr hilfesuchende Menschen. &#8222;Wir haben keine konkrete Gef\u00e4hrdung, die beurteilt worden ist. Es ist, dass die Kieler Woche nach wie vor ein sicheres Familienfest ist,&#8220; sagt Stephanie Lage von der Polizei Kiel.<\/p>\n<p>\n            <strong>Video:<\/strong><br \/>\n            Kieler Woche: So arbeitet das Sicherheits-Team (4 Min)\n        <\/p>\n<p>    Besucherstr\u00f6me Herausforderung H\u00f6rnbr\u00fccke<\/p>\n<p class=\"\">Die Klappbr\u00fccke \u00fcber die H\u00f6rn, direkt gegen\u00fcber vom Hauptbahnhof, ist defekt. Sie bleibt es auch, wird bis zur Kieler Woche auch nicht mehr repariert. Besucherinnen und Besucher m\u00fcssen auf die kleine Behelfsbr\u00fccke ausweichen: zwei Meter Breite, statt sechs Meter.<\/p>\n<p>                    <a href=\"https:\/\/www.europesays.com\/de\/wp-content\/uploads\/2026\/06\/kiwo-170.webp\" class=\"zoomimage\" title=\"Bild vergr\u00f6\u00dfern\"><\/p>\n<p>        <img decoding=\"async\" src=\"https:\/\/www.europesays.com\/de\/wp-content\/uploads\/2026\/06\/kiwo-170.webp\" alt=\"Klappbr\u00fccke \u00fcber die H\u00f6rn in Kiel.\" title=\"Klappt nicht. Die H\u00f6rnbr\u00fccke ist defekt und bleibt hochgeklappt. Die Besucherstr\u00f6me steuern die Veranstalter \u00fcber die schmalere wei\u00dfe Behelfsbr\u00fccke. | NDR, Carsten Salzwedel\" class=\"responsive\" loading=\"lazy\"\/><\/p>\n<p>                    <\/a><\/p>\n<p>                    Klappt nicht. Die H\u00f6rnbr\u00fccke ist defekt und bleibt hochgeklappt. Die Besucherstr\u00f6me steuern die Veranstalter \u00fcber die schmalere wei\u00dfe Behelfsbr\u00fccke.<\/p>\n<p class=\"\">An der Br\u00fccke haben die Veranstalter einen Kameraturm eingeplant. Der liefert Live-Bilder ins Lagezentrum. Falls es zu voll wird, soll es hier eine Einbahnstra\u00dfenregelung geben. Dann geht es nur von der Gardener Seite Richtung Hauptbahnhof. Wer vom Westufer zum Ostufer will, muss in dem Fall den Umweg rund um die H\u00f6rn nehmen.<\/p>\n<p>    Public Viewing zu Fu\u00dfball-Weltmeisterschaft<\/p>\n<p class=\"\">Auch beim Public Viewing spielen die Besucherstr\u00f6me eine gro\u00dfe Rolle. Deutschland spielt am 20. Juni, dem ersten Kieler-Woche-Sonnabend gegen die Elfenbeink\u00fcste. Anpfiff ist um 22 Uhr. Am Donnerstag, 25. Juni, geht es gegen Ecuador aufs Gr\u00fcn.<\/p>\n<p class=\"\">W\u00e4hrend der Spiele rechnet die Stadt mit vielen Fans in den Bereichen, in denen die WM-Spiele \u00fcbertragen werden. Als gr\u00f6\u00dfte Locations haben die Veranstalter die Rathausb\u00fchne und die F\u00f6rdeb\u00fchne eingeplant. Aber auch auf weiteren kleinen Fl\u00e4chen wird es Public Viewing geben. Vor allem nach Abpfiff gehen die KiWo-Planer von erh\u00f6hten Besucherstr\u00f6men aus.<\/p>\n<p>        <img decoding=\"async\" src=\"https:\/\/www.europesays.com\/de\/wp-content\/uploads\/2026\/06\/wm-2026-turnierbaum-100.webp\" alt=\"Der Turnierbaum der WM 2026\" title=\"Der Turnierbaum der WM 2026 | ARD\" class=\"responsive\" loading=\"lazy\"\/><\/p>\n<p>Termine, Ergebnisse, \u00dcbertragung<\/p>\n<p>Die Fu\u00dfball-WM der M\u00e4nner findet vom 11. Juni bis 19. Juli 2026 in Kanada, Mexiko und den USA statt, mit 48 Teams und 104 Spielen. Alle Spiele und Ansto\u00dfzeiten hier im \u00fcbersichtlichen Spielplan.<\/p>\n<p>    Messerverbotszonen auf der gesamten Kieler Woche<\/p>\n<p class=\"\">Messer sind auf der Kieler Woche verboten. Alle Eventareale sind als Messerverbotszonen ausgewiesen. Die Polizei k\u00fcndigt Kontrollen an: in Uniform und in Zivil. &#8222;Wir haben in den letzten beiden Jahren mehr Messerangriffe gehabt&#8220;, erkl\u00e4rt Stephanie Lage von der Polizei Kiel. 2025 haben sich fast alle Besucher an das Verbot gehalten. Die Polizei hat 441 Menschen kontrolliert und dabei vier Messer gefunden.<\/p>\n<p>    Sicherheit f\u00fcr drei Millionen Menschen<\/p>\n<p class=\"\">400 Big Bags werden die Mitarbeitenden der Stadt bis zum Beginn der Kieler Woche rund um die Eventareale wie Rathausmarkt, Kiellinie und Schlossgarten verteilt haben. Hinzu kommen sechs mobile Sperren.<\/p>\n<p class=\"\">Die Sicherheitsma\u00dfnahmen mitsamt Mitarbeitern kosten die Stadt gut 180.000 Euro. Das Kieler-Woche-B\u00fcro rechnet auch dieses Jahr mit etwa drei Millionen Besuchern. Wie viele Einsatzkr\u00e4fte von der Polizei auf dem Volksfest im Dienst sind, sagen die Beamten nicht, aber Polizistin Stephanie Lage erkl\u00e4rt: &#8222;Wir sind sehr gut vorbereitet.&#8220;<\/p>\n<p>        <img decoding=\"async\" src=\"https:\/\/www.europesays.com\/de\/wp-content\/uploads\/2026\/06\/kiwo-146.webp\" alt=\"Ein Entwurf f\u00fcr das Kieler Woche Design 2026.\" title=\"Ein Entwurf f\u00fcr das Kieler Woche Design 2026. | Landeshauptstadt Kiel, Erik Brandt\" class=\"responsive\" loading=\"lazy\"\/><\/p>\n<p>Sechs B\u00fcros waren im Rennen. Am Ende entschied sich die Jury f\u00fcr den Entwurf eines Grafikdesigners aus den USA.<\/p>\n<p>        <img decoding=\"async\" src=\"https:\/\/www.europesays.com\/de\/wp-content\/uploads\/2026\/06\/screenshot-8788.webp\" alt=\"Einsatzkr\u00e4fte auf der Kieler Woche\" title=\"Einsatzkr\u00e4fte auf der Kieler Woche | Screenshot\" class=\"responsive\" loading=\"lazy\"\/><\/p>\n<p>Die Reportage begleitet den Kommunalen Ordnungsdienst KOD sowie Rettungssanit\u00e4ter bei ihrer Arbeit auf der Kieler Woche.<\/p>\n<p>        <img decoding=\"async\" src=\"https:\/\/www.europesays.com\/de\/wp-content\/uploads\/2026\/06\/kielerwoche-142.webp\" alt=\"Besucher gehen \u00fcber die Kieler Woche.\" title=\"Besucher gehen \u00fcber die Kieler Woche. | picture alliance\/dpa | David Hammersen\" class=\"responsive\" loading=\"lazy\"\/><\/p>\n<p>Es kamen weniger G\u00e4ste als im Vorjahr. Nach Konzerten, Segeln und Party ziehen Polizei und Stadt eine positive Bilanz.<\/p>\n","protected":false},"excerpt":{"rendered":"Stand: 03.06.2026 19:16 Uhr Damit drei Millionen Menschen bei der Kieler Woche unbeschwert feiern k\u00f6nnen, planen die Stadt&hellip;\n","protected":false},"author":2,"featured_media":1067392,"comment_status":"","ping_status":"","sticky":false,"template":"","format":"standard","meta":{"footnotes":"","_share_on_mastodon":"0"},"categories":[1852],"tags":[3364,29,548,663,3934,30,13,4949,23690,19221,14,15,121,12,1971,31229,3931,11404],"class_list":["post-1067391","post","type-post","status-publish","format-standard","has-post-thumbnail","category-kiel","tag-de","tag-deutschland","tag-eu","tag-europa","tag-europe","tag-germany","tag-headlines","tag-kiel","tag-kieler-woche","tag-messerverbot","tag-nachrichten","tag-news","tag-polizei","tag-schlagzeilen","tag-schleswig-holstein","tag-segeln","tag-sicherheit","tag-wm"],"share_on_mastodon":{"url":"https:\/\/pubeurope.com\/@de\/116687431313386851","error":""},"_links":{"self":[{"href":"https:\/\/www.europesays.com\/de\/wp-json\/wp\/v2\/posts\/1067391","targetHints":{"allow":["GET"]}}],"collection":[{"href":"https:\/\/www.europesays.com\/de\/wp-json\/wp\/v2\/posts"}],"about":[{"href":"https:\/\/www.europesays.com\/de\/wp-json\/wp\/v2\/types\/post"}],"author":[{"embeddable":true,"href":"https:\/\/www.europesays.com\/de\/wp-json\/wp\/v2\/users\/2"}],"replies":[{"embeddable":true,"href":"https:\/\/www.europesays.com\/de\/wp-json\/wp\/v2\/comments?post=1067391"}],"version-history":[{"count":0,"href":"https:\/\/www.europesays.com\/de\/wp-json\/wp\/v2\/posts\/1067391\/revisions"}],"wp:featuredmedia":[{"embeddable":true,"href":"https:\/\/www.europesays.com\/de\/wp-json\/wp\/v2\/media\/1067392"}],"wp:attachment":[{"href":"https:\/\/www.europesays.com\/de\/wp-json\/wp\/v2\/media?parent=1067391"}],"wp:term":[{"taxonomy":"category","embeddable":true,"href":"https:\/\/www.europesays.com\/de\/wp-json\/wp\/v2\/categories?post=1067391"},{"taxonomy":"post_tag","embeddable":true,"href":"https:\/\/www.europesays.com\/de\/wp-json\/wp\/v2\/tags?post=1067391"}],"curies":[{"name":"wp","href":"https:\/\/api.w.org\/{rel}","templated":true}]}}