{"id":1067459,"date":"2026-06-03T18:23:21","date_gmt":"2026-06-03T18:23:21","guid":{"rendered":"https:\/\/www.europesays.com\/de\/1067459\/"},"modified":"2026-06-03T18:23:21","modified_gmt":"2026-06-03T18:23:21","slug":"kian-soltani-bringt-filmmusik-in-die-schauburg","status":"publish","type":"post","link":"https:\/\/www.europesays.com\/de\/1067459\/","title":{"rendered":"Kian Soltani bringt Filmmusik in die Schauburg"},"content":{"rendered":"<p>Filmmusik von \u201eHerr der Ringe\u201c, \u201eFluch der Karibik\u201c und \u201eDas Parfum\u201c erklingt am kommenden Montag in der Schauburg. Zu Gast ist der international gefeierte Cellist Kian Soltani. Das Neustadt-Gefl\u00fcster verlost Freikarten.<br \/>\n<img fetchpriority=\"high\" decoding=\"async\" src=\"https:\/\/www.europesays.com\/de\/wp-content\/uploads\/2026\/06\/2026-06-03-KianSoltani-c-Marco-Borrgreve.jpg\" alt=\"Kian Soltani kommt in die Schauburg - Foto: PR\/Marco Borggreve\" width=\"2400\" height=\"1350\" class=\"size-full wp-image-238599\"  \/>Kian Soltani kommt in die Schauburg \u2013 Foto: PR\/Marco Borggreve\n<\/p>\n<p>Der 1992 in Bregenz geborene \u00d6sterreicher mit iranischen Wurzeln z\u00e4hlt heute zu den gefragtesten Cellisten seiner Generation. Bereits mit vier Jahren begann er mit dem Cellospiel, mit zw\u00f6lf studierte er an der Musik-Akademie Basel. Sp\u00e4ter spielte er unter der Leitung von Daniel Barenboim, erhielt den Leonard-Bernstein-Award und trat mit den Wiener Philharmonikern beim Lucerne Festival auf.\n<\/p>\n<p>Album mit bis zu 40 Cellostimmen<\/p>\n<p>F\u00fcr sein Album \u201eCello Unlimited\u201c widmete sich Soltani bekannten Melodien aus dem Kino. Das Werk wurde mit dem Opus Klassik in der Kategorie \u201eInnovatives H\u00f6rerlebnis\u201c ausgezeichnet. Dabei spielte der Cellist s\u00e4mtliche Stimmen selbst ein. Teilweise nahm er bis zu 40 Cellostimmen auf.\n<\/p>\n<p>Beim Konzert im Rahmen der Dresdner Musikfestspiel in der Schauburg erh\u00e4lt er Unterst\u00fctzung von weiteren Cellisten. Gemeinsam erzeugen sie den orchestralen Klang, den Soltani auf dem Album allein geschaffen hat. Auf dem Programm stehen Werke von Hans Zimmer aus \u201eFluch der Karibik\u201c und \u201eThe Da Vinci Code\u201c. Au\u00dferdem erklingt Musik von Howard Shore aus \u201eDer Herr der Ringe\u201c. Hinzu kommt der Score von Johnny Klimek, Reinhold Heil und Tom Tykwer aus \u201eDas Parfum\u201c. Zwei eigene Kompositionen von Soltani erg\u00e4nzen das Programm.<\/p>\n<p>Spielort mit Filmgeschichte<\/p>\n<p>Das Konzert findet in der Schauburg an der K\u00f6nigsbr\u00fccker Stra\u00dfe statt. Das Geb\u00e4ude entstand in den Goldenen Zwanzigern als Filmtheater und z\u00e4hlt bis heute zu den pr\u00e4genden Kulturkinos der Stadt. Damit trifft Filmmusik auf einen Ort, der seit Jahrzehnten Kinogeschichte schreibt.\n<\/p>\n<ul>\n<li>Kian Soltani und seine Cellokollegen treten am 8. Juni 2026 um 19.30 Uhr in der Schauburg auf. Der Eintritt kostet 37 Euro. Tickets unter: <a href=\"https:\/\/www.musikfestspiele.com\/de\/programm\/veranstaltungen\/detail\/kian-soltani-cello-unlimited\/653\" target=\"_blank\" rel=\"nofollow noopener\">www.musikfestspiele.com<\/a><\/li>\n<li>Das Neustadt-Gefl\u00fcster verlost einmal zwei Tickets. Der Rechtsweg ist ausgeschlossen. Bei Interesse bitte eine eindeutige Erg\u00e4nzung schreiben.<\/li>\n<\/ul>\n<p><img loading=\"lazy\" decoding=\"async\" src=\"https:\/\/www.europesays.com\/de\/wp-content\/uploads\/2026\/06\/2026-06-03-KianSoltani-c-Marco-Borrgreve2.jpg\" alt=\"Kian Soltani - Cellist&#10;Foto: PR\/Marco Borggreve\" width=\"1841\" height=\"2400\" class=\"size-full wp-image-238598\"  \/>Kian Soltani \u2013 Cellist Foto: PR\/Marco Borggreve<\/p>\n","protected":false},"excerpt":{"rendered":"Filmmusik von \u201eHerr der Ringe\u201c, \u201eFluch der Karibik\u201c und \u201eDas Parfum\u201c erklingt am kommenden Montag in der Schauburg.&hellip;\n","protected":false},"author":2,"featured_media":1067460,"comment_status":"","ping_status":"","sticky":false,"template":"","format":"standard","meta":{"footnotes":"","_share_on_mastodon":"0"},"categories":[1835],"tags":[3364,29,2386,16063,30,227396,4229,859],"class_list":["post-1067459","post","type-post","status-publish","format-standard","has-post-thumbnail","category-dresden","tag-de","tag-deutschland","tag-dresden","tag-freikarten","tag-germany","tag-kian-soltani","tag-neustadt","tag-sachsen"],"share_on_mastodon":{"url":"https:\/\/pubeurope.com\/@de\/116687577501435801","error":""},"_links":{"self":[{"href":"https:\/\/www.europesays.com\/de\/wp-json\/wp\/v2\/posts\/1067459","targetHints":{"allow":["GET"]}}],"collection":[{"href":"https:\/\/www.europesays.com\/de\/wp-json\/wp\/v2\/posts"}],"about":[{"href":"https:\/\/www.europesays.com\/de\/wp-json\/wp\/v2\/types\/post"}],"author":[{"embeddable":true,"href":"https:\/\/www.europesays.com\/de\/wp-json\/wp\/v2\/users\/2"}],"replies":[{"embeddable":true,"href":"https:\/\/www.europesays.com\/de\/wp-json\/wp\/v2\/comments?post=1067459"}],"version-history":[{"count":0,"href":"https:\/\/www.europesays.com\/de\/wp-json\/wp\/v2\/posts\/1067459\/revisions"}],"wp:featuredmedia":[{"embeddable":true,"href":"https:\/\/www.europesays.com\/de\/wp-json\/wp\/v2\/media\/1067460"}],"wp:attachment":[{"href":"https:\/\/www.europesays.com\/de\/wp-json\/wp\/v2\/media?parent=1067459"}],"wp:term":[{"taxonomy":"category","embeddable":true,"href":"https:\/\/www.europesays.com\/de\/wp-json\/wp\/v2\/categories?post=1067459"},{"taxonomy":"post_tag","embeddable":true,"href":"https:\/\/www.europesays.com\/de\/wp-json\/wp\/v2\/tags?post=1067459"}],"curies":[{"name":"wp","href":"https:\/\/api.w.org\/{rel}","templated":true}]}}