{"id":1067479,"date":"2026-06-03T18:34:16","date_gmt":"2026-06-03T18:34:16","guid":{"rendered":"https:\/\/www.europesays.com\/de\/1067479\/"},"modified":"2026-06-03T18:34:16","modified_gmt":"2026-06-03T18:34:16","slug":"fortuna-duesseldorf-aufsteiger-will-transfer-geschenk-von-f95-nutzen","status":"publish","type":"post","link":"https:\/\/www.europesays.com\/de\/1067479\/","title":{"rendered":"Fortuna D\u00fcsseldorf: Aufsteiger will Transfer-Geschenk von F95 nutzen"},"content":{"rendered":"<p class=\"richtext text-em-55 !leading-serif mx-6 desktop:mx-0\">Bei fast allen betroffenen Spielern schmerzt das sehr, sowohl die Verantwortlichen als auch die Fans. Und im Fall von King Manu ist das Unverst\u00e4ndnis besonders gro\u00df. Denn eigentlich sind Talente wie Manu oder der zuletzt ebenfalls verliehene Torh\u00fcter Ben Zich genau jene Akteure, die durch den Drittliga-Abstieg und den damit verbundenen Neuaufbau schneller als urspr\u00fcnglich vermutet hei\u00dfe Anw\u00e4rter auf Spielzeit gewesen w\u00e4ren. Bei den jungen Spielern, die zuletzt bei anderen Vereinen wertvolle Spielpraxis sammeln konnten, w\u00e4re das Motto \u201eAbstieg als Chance\u201c wohl zutreffender gewesen als in vielen anderen Bereichen.<\/p>\n<p class=\"richtext text-em-55 !leading-serif mx-6 desktop:mx-0\">Allerdings: Auch Manu und Zich k\u00f6nnen nun selbst \u00fcber ihre Zukunft entscheiden, sind ab Juli ebenfalls nicht mehr an Fortuna gebunden. Diese Chance will <a href=\"https:\/\/rp-online.de\/thema\/energie-cottbus\/\" rel=\"nofollow noopener\" target=\"_blank\">Energie Cottbus<\/a>, dorthin war Manu in der vergangenen Saison ausgeliehen, nach dem Aufstieg schnellstm\u00f6glich ergreifen und den geb\u00fcrtigen K\u00f6lner fest unter Vertrag nehmen. Wie der \u201eKicker\u201c berichtet, laufen die Verhandlungen zwischen Spieler und Verein bereits. Die Lausitzer stellen sich derzeit f\u00fcr die erste Zweitliga-Spielzeit seit 2014 auf. Dabei kann Manu nicht nur zu einem wichtigen Faktor werden, sondern auch zu einem Schn\u00e4ppchen.<\/p>\n<p class=\"richtext text-em-55 !leading-serif mx-6 desktop:mx-0\">Der Marktwert des 22-J\u00e4hrigen wird vom Portal \u201etransfermarkt.de\u201c aktuell auf 500.000 Euro taxiert. Ohne die spezielle Konstellation durch den Fortuna-Abstieg h\u00e4tte Energie wohl eine hohe sechsstellige oder vielleicht sogar siebenstellige Abl\u00f6se bieten m\u00fcssen, um den Deutsch-Ghanaer aus <a href=\"https:\/\/rp-online.de\/thema\/duesseldorf\/\" rel=\"nofollow noopener\" target=\"_blank\">D\u00fcsseldorf<\/a> loseisen zu k\u00f6nnen \u2013 ob Fortuna daran \u00fcberhaupt interessiert gewesen w\u00e4re, l\u00e4sst sich aber durchaus anzweifeln. Die Vertragskonstellation entpuppt sich nicht nur bei der Manu-Personalie als ein Geschenk f\u00fcr die Cottbusser.<\/p>\n<p class=\"richtext text-em-55 !leading-serif mx-6 desktop:mx-0\">In der abgelaufenen Saison kam Manu in 28 Drittliga-Spielen f\u00fcr Energie zum Einsatz, war \u00fcber weite Strecken der Saison absoluter Stammspieler und wurde nach seinem Wechsel im September nur in vier Partien von Verletzungen sowie einmal von einer Gelbsperre ausgebremst. Rund um die Aufstiegsfeierlichkeiten wurde deutlich: Manu passt auch menschlich ideal in das Cottbusser Teamgef\u00fcge. Nun versuchen die Verantwortlichen in der Lausitz, m\u00f6glichst schnell N\u00e4gel mit K\u00f6pfen zu machen \u2013 denn das Paket f\u00fcr Manu, der unerwartet abl\u00f6sefrei auf dem Markt ist, d\u00fcrfte auch f\u00fcr andere Klubs eine interessante Option darstellen.<\/p>\n","protected":false},"excerpt":{"rendered":"Bei fast allen betroffenen Spielern schmerzt das sehr, sowohl die Verantwortlichen als auch die Fans. Und im Fall&hellip;\n","protected":false},"author":2,"featured_media":1067480,"comment_status":"","ping_status":"","sticky":false,"template":"","format":"standard","meta":{"footnotes":"","_share_on_mastodon":"0"},"categories":[1831],"tags":[13054,35255,3364,29,24621,3405,6223,30,10871,15898,67726,13762,227399,113306,9588,13274,1209,6236,55164,3165,6168,286,227400,54638],"class_list":["post-1067479","post","type-post","status-publish","format-standard","has-post-thumbnail","category-duesseldorf","tag-abstieg","tag-aufsteiger","tag-de","tag-deutschland","tag-drittliga","tag-duesseldorf","tag-fortuna","tag-germany","tag-geschenk","tag-konstellation","tag-leihspieler","tag-liga","tag-lizenzspielerkaders","tag-manu","tag-markt","tag-marktwert","tag-nordrhein-westfalen","tag-spieler","tag-stammspieler","tag-transfermarkt","tag-verhandlungen","tag-vertrag","tag-vertragskonstellation","tag-zweitliga"],"share_on_mastodon":{"url":"https:\/\/pubeurope.com\/@de\/116687619742526568","error":""},"_links":{"self":[{"href":"https:\/\/www.europesays.com\/de\/wp-json\/wp\/v2\/posts\/1067479","targetHints":{"allow":["GET"]}}],"collection":[{"href":"https:\/\/www.europesays.com\/de\/wp-json\/wp\/v2\/posts"}],"about":[{"href":"https:\/\/www.europesays.com\/de\/wp-json\/wp\/v2\/types\/post"}],"author":[{"embeddable":true,"href":"https:\/\/www.europesays.com\/de\/wp-json\/wp\/v2\/users\/2"}],"replies":[{"embeddable":true,"href":"https:\/\/www.europesays.com\/de\/wp-json\/wp\/v2\/comments?post=1067479"}],"version-history":[{"count":0,"href":"https:\/\/www.europesays.com\/de\/wp-json\/wp\/v2\/posts\/1067479\/revisions"}],"wp:featuredmedia":[{"embeddable":true,"href":"https:\/\/www.europesays.com\/de\/wp-json\/wp\/v2\/media\/1067480"}],"wp:attachment":[{"href":"https:\/\/www.europesays.com\/de\/wp-json\/wp\/v2\/media?parent=1067479"}],"wp:term":[{"taxonomy":"category","embeddable":true,"href":"https:\/\/www.europesays.com\/de\/wp-json\/wp\/v2\/categories?post=1067479"},{"taxonomy":"post_tag","embeddable":true,"href":"https:\/\/www.europesays.com\/de\/wp-json\/wp\/v2\/tags?post=1067479"}],"curies":[{"name":"wp","href":"https:\/\/api.w.org\/{rel}","templated":true}]}}