{"id":1067650,"date":"2026-06-03T20:19:23","date_gmt":"2026-06-03T20:19:23","guid":{"rendered":"https:\/\/www.europesays.com\/de\/1067650\/"},"modified":"2026-06-03T20:19:23","modified_gmt":"2026-06-03T20:19:23","slug":"laborgebaeude-fuer-zelltherapie-grundsteinlegung-in-berlin-mitte","status":"publish","type":"post","link":"https:\/\/www.europesays.com\/de\/1067650\/","title":{"rendered":"Laborgeb\u00e4ude f\u00fcr Zelltherapie: Grundsteinlegung in Berlin-Mitte"},"content":{"rendered":"<p data-start=\"446\" data-end=\"687\">Nur rund 15 Monate nach Einreichung des Bauantrags wird durch iQ spaces auf etwa 20.000 Quadratmetern moderne Infrastruktur f\u00fcr Forschung, Entwicklung und Produktion von Life-Science-Unternehmen geschaffen. Die Fertigstellung ist f\u00fcr Anfang 2028 vorgesehen.<\/p>\n<p data-start=\"689\" data-end=\"1151\">Bereits vor Baubeginn sind rund 80 Prozent der Fl\u00e4chen langfristig vermietet. Zu den k\u00fcnftigen Nutzern z\u00e4hlen unter anderem das in direkter Nachbarschaft befindliche Bayer Co.Lab, das Berlin Center for Gene and Cell Therapies \u2013 ein gemeinsames Projekt von Bayer und der Charit\u00e9 \u2013 Universit\u00e4tsmedizin Berlin \u2013 sowie das Berlin Institute of Health in der Charit\u00e9 (BIH), das eine GMP-zertifizierte Produktionsumgebung f\u00fcr Gen- und Zelltherapien aufbauen wird.<\/p>\n<p>Finanzierung durch Bund und Stadt Berlin<\/p>\n<p data-start=\"1153\" data-end=\"1536\">Das Projekt \u201eadressiert die steigende Nachfrage nach spezialisierten Labor- und Produktionsfl\u00e4chen in etablierten Life-Science-Clustern\u201c hei\u00dft es von den Projektentwicklern und unterstreiche die wachsende Bedeutung Berlins als Standort f\u00fcr translationale Forschung und biomedizinische Innovation. Besonders die N\u00e4he zu wissenschaftlichen Einrichtungen und klinischen Partnern wird dabei als Standortvorteil hervorgehoben.<\/p>\n<p data-start=\"1538\" data-end=\"1771\">Auch die politische und wirtschaftliche Unterst\u00fctzung f\u00fcr das Vorhaben wurde bei der Veranstaltung deutlich, unter anderem durch die Teilnahme des Regierenden B\u00fcrgermeisters Kai Wegner sowie der Wirtschaftssenatorin Franziska Giffey. Die Leiter der Charit\u00e9 sowie der Pharma-Sparte von Bayer wirkten ebenso an der Grundsteinlegung mit.<\/p>\n<p data-start=\"1773\" data-end=\"1948\" data-is-last-node=\"\" data-is-only-node=\"\">Mit den Riverside Labs entsteht damit ein weiterer zentraler Baustein im Ausbau des Berliner Life-Science-\u00d6kosystems zwischen Wissenschaft, Industrie und klinischer Anwendung. Die in Hamburg sitzende iQ Spaces hat weitere Laborprojekte quer durch die Republik in Planung. Am weitesten gediehen sind Projekte in Potsdam im Science Park sowie ein eigener Laborkomplex im Businesspark Hallbergmoos, einen Steinwurf vom M\u00fcnchner Flughafen entfernt.<\/p>\n","protected":false},"excerpt":{"rendered":"Nur rund 15 Monate nach Einreichung des Bauantrags wird durch iQ spaces auf etwa 20.000 Quadratmetern moderne Infrastruktur&hellip;\n","protected":false},"author":2,"featured_media":1067651,"comment_status":"","ping_status":"","sticky":false,"template":"","format":"standard","meta":{"footnotes":"","_share_on_mastodon":"0"},"categories":[1825],"tags":[6605,227424,296,227425,7408,34944,29,30,227426],"class_list":["post-1067650","post","type-post","status-publish","format-standard","has-post-thumbnail","category-berlin","tag-bayer","tag-bayer-co-lab","tag-berlin","tag-bih","tag-charite","tag-cluster","tag-deutschland","tag-germany","tag-laborgebaeude"],"share_on_mastodon":{"url":"https:\/\/pubeurope.com\/@de\/116688032510940856","error":""},"_links":{"self":[{"href":"https:\/\/www.europesays.com\/de\/wp-json\/wp\/v2\/posts\/1067650","targetHints":{"allow":["GET"]}}],"collection":[{"href":"https:\/\/www.europesays.com\/de\/wp-json\/wp\/v2\/posts"}],"about":[{"href":"https:\/\/www.europesays.com\/de\/wp-json\/wp\/v2\/types\/post"}],"author":[{"embeddable":true,"href":"https:\/\/www.europesays.com\/de\/wp-json\/wp\/v2\/users\/2"}],"replies":[{"embeddable":true,"href":"https:\/\/www.europesays.com\/de\/wp-json\/wp\/v2\/comments?post=1067650"}],"version-history":[{"count":0,"href":"https:\/\/www.europesays.com\/de\/wp-json\/wp\/v2\/posts\/1067650\/revisions"}],"wp:featuredmedia":[{"embeddable":true,"href":"https:\/\/www.europesays.com\/de\/wp-json\/wp\/v2\/media\/1067651"}],"wp:attachment":[{"href":"https:\/\/www.europesays.com\/de\/wp-json\/wp\/v2\/media?parent=1067650"}],"wp:term":[{"taxonomy":"category","embeddable":true,"href":"https:\/\/www.europesays.com\/de\/wp-json\/wp\/v2\/categories?post=1067650"},{"taxonomy":"post_tag","embeddable":true,"href":"https:\/\/www.europesays.com\/de\/wp-json\/wp\/v2\/tags?post=1067650"}],"curies":[{"name":"wp","href":"https:\/\/api.w.org\/{rel}","templated":true}]}}