{"id":1067818,"date":"2026-06-03T22:00:20","date_gmt":"2026-06-03T22:00:20","guid":{"rendered":"https:\/\/www.europesays.com\/de\/1067818\/"},"modified":"2026-06-03T22:00:20","modified_gmt":"2026-06-03T22:00:20","slug":"thomas-mueller-anwalt-bestaetigt-ehe-aus-trennung-mit-lisa-nach-17-jahren","status":"publish","type":"post","link":"https:\/\/www.europesays.com\/de\/1067818\/","title":{"rendered":"Thomas M\u00fcller: Anwalt best\u00e4tigt Ehe-Aus \u2013 Trennung mit Lisa nach 17 Jahren"},"content":{"rendered":"<p>Nach \u00fcber 17 Jahren <\/p>\n<p>Ehe-Aus bei Thomas M\u00fcller<\/p>\n<p>Aktualisiert am 03.06.2026 &#8211; 21:09 UhrLesedauer: 3 Min.<\/p>\n<p><a href=\"#focus-0\" class=\"transition-colors duration-200 block text-current relative\" data-sctrack=\"FocusGalleryImage.Reference\"><img fetchpriority=\"high\" data-testid=\"Opener.Image\"   loading=\"eager\" src=\"https:\/\/www.europesays.com\/de\/wp-content\/uploads\/2026\/06\/lisa-li-und-thomas-mueller-bei-einem-auftritt-im-jahr-2024-das-ehepaar-war-17-jahre-lang-verheiratet.jpeg\" alt=\"Lisa (li.) und Thomas M\u00fcller bei einem Auftritt im Jahr 2024: Das Ehepaar war 17 Jahre lang verheiratet.\" title=\"Lisa (li.) und Thomas M\u00fcller bei einem Auftritt im Jahr 2024: Das Ehepaar war 17 Jahre lang verheiratet.\" width=\"3886\" height=\"2186\" class=\"bg-[url:var(--lqipURL)] bg-cover bg-center flex h-full w-full max-w-full\" style=\"--lqipURL:url('https:\/\/images.t-online.de\/2026\/06\/vIt04VboPJbU\/85x61:3886x2186\/fit-in\/150x0\/filters:blur(25)\/lisa-li-und-thomas-mueller-bei-einem-auftritt-im-jahr-2024-das-ehepaar-war-17-jahre-lang-verheiratet.jpg')\" decoding=\"async\"\/><img loading=\"lazy\" src=\"https:\/\/www.t-online.de\/s\/paper\/_next\/static\/media\/zoom-in.f7dae02f.svg\" alt=\"Vergr\u00f6\u00dfern des Bildes\" title=\"Vergr\u00f6\u00dfern des Bildes\" class=\"block h-[calc(var(--height)_\/_16_*_1rem)] w-[calc(var(--width)_\/_16_*_1rem)] max-w-none absolute bottom-8 right-8 rounded-4 bg-snow p-8\" style=\"--width:32;--height:32\" decoding=\"async\"\/><\/a><\/p>\n<p>Lisa (li.) und Thomas M\u00fcller bei einem Auftritt im Jahr 2024: Das Ehepaar war 17 Jahre lang verheiratet. (Quelle: IMAGO\/Nikita Kolinz\/imago-images-bilder)<\/p>\n<p><img loading=\"lazy\" src=\"https:\/\/www.t-online.de\/s\/paper\/_next\/static\/media\/audio-volume.6689034c.svg\" alt=\"\" title=\"\" class=\"block h-[calc(var(--height)_\/_16_*_1rem)] w-[calc(var(--width)_\/_16_*_1rem)] max-w-none group-hover:brightness-0 group-hover:invert\" style=\"--width:16;--height:16\" decoding=\"async\"\/>Vorlesen<\/p>\n<p>Aktuelle Zeit:0:00Gesamtdauer:0:00<\/p>\n<p>1x<\/p>\n<p class=\"text-center\">Jetzt neu bei t-online:<\/p>\n<p class=\"text-center\">Schriftgr\u00f6\u00dfe anpassen!<\/p>\n<p><img loading=\"lazy\" src=\"https:\/\/www.t-online.de\/s\/paper\/_next\/static\/media\/font-sizes.32942e33.svg\" alt=\"\" title=\"\" class=\"block h-[calc(var(--height)_\/_16_*_1rem)] w-[calc(var(--width)_\/_16_*_1rem)] max-w-none group-hover:hidden group-aria-expanded:hidden\" style=\"--width:16;--height:16\" decoding=\"async\"\/><img loading=\"lazy\" src=\"https:\/\/www.t-online.de\/s\/paper\/_next\/static\/media\/font-sizes-dark-mode.e382645c.svg\" alt=\"\" title=\"\" class=\"block h-[calc(var(--height)_\/_16_*_1rem)] w-[calc(var(--width)_\/_16_*_1rem)] max-w-none hidden group-hover:block group-aria-expanded:block\" style=\"--width:16;--height:16\" decoding=\"async\"\/><img loading=\"lazy\" src=\"https:\/\/www.t-online.de\/s\/paper\/_next\/static\/media\/sharing-menu-icon.1eb71368.svg\" alt=\"\" title=\"\" class=\"block h-[calc(var(--height)_\/_16_*_1rem)] w-[calc(var(--width)_\/_16_*_1rem)] max-w-none group-hover:brightness-0 group-hover:invert\" style=\"--width:16;--height:16\" decoding=\"async\"\/>Artikel teilen<\/p>\n<p class=\"font-bold text-18 leading-17 user-text-lg:text-22 user-text-xl:text-24\">Der Weltmeister von 2014 und Ehefrau Lisa haben sich zu einem einschneidenden Schritt entschieden. Ihr Medienanwalt gibt eine Erkl\u00e4rung ab \u2013 und verbindet diese mit einer deutlichen Ansage.<\/p>\n<p class=\"text-18 leading-17 user-text-lg:text-22 user-text-xl:text-24\">Die Ehe von <a class=\"transition-colors duration-200 cursor-pointer text-inherit no-underline text-salemsfur md:hover:text-magenta md:hover:border-magenta md:focus:text-magenta border-current border-b border-solid break-words\" data-tracking=\"{&quot;action&quot;:&quot;click&quot;,&quot;category&quot;:&quot;intextLink&quot;,&quot;label&quot;:&quot;\/themen\/thomas-mueller\/&quot;}\" href=\"https:\/\/www.t-online.de\/themen\/thomas-mueller\/\" data-sctrack=\"BodyAnchor\" rel=\"nofollow noopener\" target=\"_blank\">Thomas M\u00fcller<\/a> und Gattin Lisa ist offenbar an ihrem Ende angelangt. Dies berichtet am Mittwochabend die &#8222;Bild&#8220;-Zeitung unter Berufung auf den Medienanwalt der M\u00fcllers. &#8222;Das Paar hat sich einvernehmlich vor einiger Zeit getrennt&#8220;, wird Christian Schertz vom Boulevard-Blatt zitiert.<\/p>\n<p class=\"text-18 leading-17 user-text-lg:text-22 user-text-xl:text-24\">Und weiter: &#8222;Weitere Erkl\u00e4rungen werden nicht abgegeben. Ich bitte, die Privatsph\u00e4re meiner Mandanten zu respektieren und von weiteren Anfragen Abstand zu nehmen.&#8220; Das bedeute auch: Mehr Informationen oder weitere Stellungnahmen dazu werde es nicht geben.<\/p>\n<ul class=\"text-18 leading-17 block pl-24 *:pb-16 *:before:inline-block *:before:size-8 *:before:bg-magenta *:before:-ml-[20px] *:before:mb-2 *:before:mr-12 *:before:mt-0\">\n<li><strong class=\"font-bold\">So begann ihr Liebes-Drama:<\/strong> <a class=\"transition-colors duration-200 cursor-pointer text-inherit no-underline text-salemsfur md:hover:text-magenta md:hover:border-magenta md:focus:text-magenta border-current border-b border-solid break-words\" data-tracking=\"{&quot;action&quot;:&quot;click&quot;,&quot;category&quot;:&quot;intextLink&quot;,&quot;label&quot;:&quot;\/unterhaltung\/stars\/id_100515992\/trennung-bei-thomas-und-lisa-mueller-wie-das-liebes-drama-begann.html&quot;}\" href=\"https:\/\/www.t-online.de\/unterhaltung\/stars\/id_100515992\/trennung-bei-thomas-und-lisa-mueller-wie-das-liebes-drama-begann.html\" data-sctrack=\"BodyAnchor\" rel=\"nofollow noopener\" target=\"_blank\">Ehe-Aus f\u00fcr Thomas und Lisa M\u00fcller<\/a><\/li>\n<li><strong class=\"font-bold\">Ex-Bayern-Spieler:<\/strong> <a class=\"transition-colors duration-200 cursor-pointer text-inherit no-underline text-salemsfur md:hover:text-magenta md:hover:border-magenta md:focus:text-magenta border-current border-b border-solid break-words\" data-tracking=\"{&quot;action&quot;:&quot;click&quot;,&quot;category&quot;:&quot;intextLink&quot;,&quot;label&quot;:&quot;\/sport\/fussball\/id_101143974\/lisa-mueller-und-thomas-mueller-berater-koegl-ist-ihr-schattenmann.html&quot;}\" href=\"https:\/\/www.t-online.de\/sport\/fussball\/id_101143974\/lisa-mueller-und-thomas-mueller-berater-koegl-ist-ihr-schattenmann.html\" data-sctrack=\"BodyAnchor\" rel=\"nofollow noopener\" target=\"_blank\">Der Schattenmann hinter Thomas und Lisa M\u00fcller<\/a><\/li>\n<\/ul>\n<p>Im Video | Solche Aufnahmen von Thomas und Lisa M\u00fcller geh\u00f6ren nun der Vergangenheit an<\/p>\n<p><img loading=\"lazy\" src=\"https:\/\/www.t-online.de\/s\/paper\/_next\/static\/media\/loading-indicator-magenta.1f35d8de.svg\" alt=\"Video l\u00e4dt\" title=\"Video l\u00e4dt\" class=\"block h-[calc(var(--height)_\/_16_*_1rem)] w-[calc(var(--width)_\/_16_*_1rem)] max-w-none undefined\" style=\"--width:32;--height:32\" decoding=\"async\"\/>Player wird geladenQuelle: t-online<\/p>\n<p>Ehe-Aus bei Weltmeister: Lisa und Thomas M\u00fcller trennen sich<\/p>\n<p class=\"text-18 leading-17 user-text-lg:text-22 user-text-xl:text-24\">Schon seit Monaten hatte es anhaltende Spekulationen \u00fcber die Beziehung der M\u00fcllers gegeben. Thomas M\u00fcller, der w\u00e4hrend der anstehenden WM bei den Spielen als Experte bei MagentaTV im Einsatz sein wird, steht mittlerweile in Kanada unter Vertrag. <a class=\"transition-colors duration-200 cursor-pointer text-inherit no-underline text-salemsfur md:hover:text-magenta md:hover:border-magenta md:focus:text-magenta border-current border-b border-solid break-words\" data-tracking=\"{&quot;action&quot;:&quot;click&quot;,&quot;category&quot;:&quot;intextLink&quot;,&quot;label&quot;:&quot;\/themen\/lisa-mueller\/&quot;}\" href=\"https:\/\/www.t-online.de\/themen\/lisa-mueller\/\" data-sctrack=\"BodyAnchor\" rel=\"nofollow noopener\" target=\"_blank\">Lisa M\u00fcller<\/a> zog nach seinem Wechsel nicht mit ihrem Ehemann nach Nordamerika, blieb stattdessen in Bayern.<\/p>\n<p class=\"text-18 leading-17 user-text-lg:text-22 user-text-xl:text-24\">Das Paar hatte 2009 geheiratet. W\u00e4hrend Offensiv-Star M\u00fcller beim <a class=\"transition-colors duration-200 cursor-pointer text-inherit no-underline text-salemsfur md:hover:text-magenta md:hover:border-magenta md:focus:text-magenta border-current border-b border-solid break-words\" data-tracking=\"{&quot;action&quot;:&quot;click&quot;,&quot;category&quot;:&quot;intextLink&quot;,&quot;label&quot;:&quot;\/themen\/fc-bayern-muenchen\/&quot;}\" href=\"https:\/\/www.t-online.de\/themen\/fc-bayern-muenchen\/\" data-sctrack=\"BodyAnchor\" rel=\"nofollow noopener\" target=\"_blank\">FC Bayern<\/a> und in der Nationalmannschaft zum Publikumsliebling aufstieg und mit dem deutschen Rekordmeister unter anderem zweimal die <a class=\"transition-colors duration-200 cursor-pointer text-inherit no-underline text-salemsfur md:hover:text-magenta md:hover:border-magenta md:focus:text-magenta border-current border-b border-solid break-words\" data-tracking=\"{&quot;action&quot;:&quot;click&quot;,&quot;category&quot;:&quot;intextLink&quot;,&quot;label&quot;:&quot;\/sport\/ergebnisse-tabelle\/fussball\/champions-league-m\/ergebnisse\/sdc_fmdo-5\/champions-league-m-aktueller-spieltag.html&quot;}\" href=\"https:\/\/www.t-online.de\/sport\/ergebnisse-tabelle\/fussball\/champions-league-m\/ergebnisse\/sdc_fmdo-5\/champions-league-m-aktueller-spieltag.html\" data-sctrack=\"BodyAnchor\" rel=\"nofollow noopener\" target=\"_blank\">Champions League<\/a> gewann, machte sich Lisa M\u00fcller als erfolgreiche Dressurreiterin einen Namen. Auch in der Politik engagierte sie sich, trat im Dezember 2025 nach einem Praktikum bei der bayrischen Landtagspr\u00e4sidentin Ilse Aigner der <a class=\"transition-colors duration-200 cursor-pointer text-inherit no-underline text-salemsfur md:hover:text-magenta md:hover:border-magenta md:focus:text-magenta border-current border-b border-solid break-words\" data-tracking=\"{&quot;action&quot;:&quot;click&quot;,&quot;category&quot;:&quot;intextLink&quot;,&quot;label&quot;:&quot;\/themen\/csu\/&quot;}\" href=\"https:\/\/www.t-online.de\/themen\/csu\/\" data-sctrack=\"BodyAnchor\" rel=\"nofollow noopener\" target=\"_blank\">CSU<\/a> bei.<\/p>\n<p class=\"text-18 leading-17 user-text-lg:text-22 user-text-xl:text-24\">Der Profi-Fu\u00dfballer folgte seiner Frau bei der Begeisterung f\u00fcr Pferde und den Reitsport. Die beiden lebten gemeinsam auf einem Gest\u00fct nahe M\u00fcnchen, auch er ritt manchmal, begleitete Lisa auf Turniere. Erst im vergangenen Februar sagte sie bei einer Veranstaltung: &#8222;Er als Sportler wei\u00df, wie sehr ich f\u00fcr meinen Sport lebe. Ich als Sportlerin wei\u00df, wie sehr er f\u00fcr seinen Sport lebt.&#8220;<\/p>\n<p>Lisa M\u00fcller zog schon 2024 einen Schlussstrich<\/p>\n<p class=\"text-18 leading-17 user-text-lg:text-22 user-text-xl:text-24\">Damals war sie auch auf die Fernbeziehung auf zwei Kontinenten angesprochen worden. Der 131-malige Nationalspieler steht seit dem vergangenen Sommer bei den <a class=\"transition-colors duration-200 cursor-pointer text-inherit no-underline text-salemsfur md:hover:text-magenta md:hover:border-magenta md:focus:text-magenta border-current border-b border-solid break-words\" data-tracking=\"{&quot;action&quot;:&quot;click&quot;,&quot;category&quot;:&quot;intextLink&quot;,&quot;label&quot;:&quot;\/themen\/vancouver-whitecaps-fc\/&quot;}\" href=\"https:\/\/www.t-online.de\/themen\/vancouver-whitecaps-fc\/\" data-sctrack=\"BodyAnchor\" rel=\"nofollow noopener\" target=\"_blank\">Vancouver Whitecaps<\/a> in der nordamerikanischen Profiliga MLS unter Vertrag. Seine Frau ging nicht mit und blieb in Bayern. Sie k\u00fcmmert sich weiter um das gemeinsame Gest\u00fct Gut Wettlkam. &#8222;Die Entscheidung ist uns nicht leichtgefallen, dass wir auf zwei Kontinenten weiter arbeiten&#8220;, sagte Lisa M\u00fcller. Es sei auch nie die Frage gewesen, &#8222;dass wir unser Gest\u00fct f\u00fcr ein Jahr alleine lassen&#8220;.<\/p>\n","protected":false},"excerpt":{"rendered":"Nach \u00fcber 17 Jahren Ehe-Aus bei Thomas M\u00fcller Aktualisiert am 03.06.2026 &#8211; 21:09 UhrLesedauer: 3 Min. Lisa (li.)&hellip;\n","protected":false},"author":2,"featured_media":1067819,"comment_status":"","ping_status":"","sticky":false,"template":"","format":"standard","meta":{"footnotes":"","_share_on_mastodon":"0"},"categories":[5],"tags":[772,9492,30428,13,2498,14,15,12,3197,10,8,9,11],"class_list":["post-1067818","post","type-post","status-publish","format-standard","has-post-thumbnail","category-nachrichten","tag-bayern","tag-bild-zeitung","tag-christian-schertz","tag-headlines","tag-magentatv","tag-nachrichten","tag-news","tag-schlagzeilen","tag-thomas-mueller","tag-top-news","tag-top-meldungen","tag-topmeldungen","tag-topnews"],"share_on_mastodon":{"url":"https:\/\/pubeurope.com\/@de\/116688430950605249","error":""},"_links":{"self":[{"href":"https:\/\/www.europesays.com\/de\/wp-json\/wp\/v2\/posts\/1067818","targetHints":{"allow":["GET"]}}],"collection":[{"href":"https:\/\/www.europesays.com\/de\/wp-json\/wp\/v2\/posts"}],"about":[{"href":"https:\/\/www.europesays.com\/de\/wp-json\/wp\/v2\/types\/post"}],"author":[{"embeddable":true,"href":"https:\/\/www.europesays.com\/de\/wp-json\/wp\/v2\/users\/2"}],"replies":[{"embeddable":true,"href":"https:\/\/www.europesays.com\/de\/wp-json\/wp\/v2\/comments?post=1067818"}],"version-history":[{"count":0,"href":"https:\/\/www.europesays.com\/de\/wp-json\/wp\/v2\/posts\/1067818\/revisions"}],"wp:featuredmedia":[{"embeddable":true,"href":"https:\/\/www.europesays.com\/de\/wp-json\/wp\/v2\/media\/1067819"}],"wp:attachment":[{"href":"https:\/\/www.europesays.com\/de\/wp-json\/wp\/v2\/media?parent=1067818"}],"wp:term":[{"taxonomy":"category","embeddable":true,"href":"https:\/\/www.europesays.com\/de\/wp-json\/wp\/v2\/categories?post=1067818"},{"taxonomy":"post_tag","embeddable":true,"href":"https:\/\/www.europesays.com\/de\/wp-json\/wp\/v2\/tags?post=1067818"}],"curies":[{"name":"wp","href":"https:\/\/api.w.org\/{rel}","templated":true}]}}