{"id":1067911,"date":"2026-06-03T22:52:19","date_gmt":"2026-06-03T22:52:19","guid":{"rendered":"https:\/\/www.europesays.com\/de\/1067911\/"},"modified":"2026-06-03T22:52:19","modified_gmt":"2026-06-03T22:52:19","slug":"fortuna-duesseldorf-f95-zukunft-trotz-kreuzbandriss-arabi-tueftelt-an-besonderem-plan","status":"publish","type":"post","link":"https:\/\/www.europesays.com\/de\/1067911\/","title":{"rendered":"Fortuna D\u00fcsseldorf: F95-Zukunft trotz Kreuzbandriss? Arabi t\u00fcftelt an besonderem Plan"},"content":{"rendered":"<p class=\"text_ohne_einzug richtext text-em-55 !leading-serif mx-6 desktop:mx-0\">Es war ein Dienstag im Februar, als f\u00fcr Kenneth Schmidt die schlimmste Phase seiner noch jungen Profikarriere begann. Die erste Trainingseinheit nach dem Karnevalswochenende neigte sich ihrem Ende entgegen, da ging der Innenverteidiger von Fortuna zu Boden, blieb dort unter besorgten Blicken seiner Teamkameraden liegen und wurde kurz darauf mit Tr\u00e4nen im Gesicht vom Platz gefahren. Tags darauf best\u00e4tigten sich die schlimmsten Bef\u00fcrchtungen: Der geb\u00fcrtige Freiburger hatte sich einen Kreuzbandriss zugezogen.<\/p>\n","protected":false},"excerpt":{"rendered":"Es war ein Dienstag im Februar, als f\u00fcr Kenneth Schmidt die schlimmste Phase seiner noch jungen Profikarriere begann.&hellip;\n","protected":false},"author":2,"featured_media":1067912,"comment_status":"","ping_status":"","sticky":false,"template":"","format":"standard","meta":{"footnotes":"","_share_on_mastodon":"0"},"categories":[1831],"tags":[18019,3364,29,79274,3405,30,84941,1209,84942,8630,23325,43238,12074],"class_list":["post-1067911","post","type-post","status-publish","format-standard","has-post-thumbnail","category-duesseldorf","tag-daniel","tag-de","tag-deutschland","tag-dinkelborg","tag-duesseldorf","tag-germany","tag-kenneth","tag-nordrhein-westfalen","tag-nowak","tag-patrick","tag-schmidt","tag-thiel","tag-tobias"],"share_on_mastodon":{"url":"https:\/\/pubeurope.com\/@de\/116688633714529124","error":""},"_links":{"self":[{"href":"https:\/\/www.europesays.com\/de\/wp-json\/wp\/v2\/posts\/1067911","targetHints":{"allow":["GET"]}}],"collection":[{"href":"https:\/\/www.europesays.com\/de\/wp-json\/wp\/v2\/posts"}],"about":[{"href":"https:\/\/www.europesays.com\/de\/wp-json\/wp\/v2\/types\/post"}],"author":[{"embeddable":true,"href":"https:\/\/www.europesays.com\/de\/wp-json\/wp\/v2\/users\/2"}],"replies":[{"embeddable":true,"href":"https:\/\/www.europesays.com\/de\/wp-json\/wp\/v2\/comments?post=1067911"}],"version-history":[{"count":0,"href":"https:\/\/www.europesays.com\/de\/wp-json\/wp\/v2\/posts\/1067911\/revisions"}],"wp:featuredmedia":[{"embeddable":true,"href":"https:\/\/www.europesays.com\/de\/wp-json\/wp\/v2\/media\/1067912"}],"wp:attachment":[{"href":"https:\/\/www.europesays.com\/de\/wp-json\/wp\/v2\/media?parent=1067911"}],"wp:term":[{"taxonomy":"category","embeddable":true,"href":"https:\/\/www.europesays.com\/de\/wp-json\/wp\/v2\/categories?post=1067911"},{"taxonomy":"post_tag","embeddable":true,"href":"https:\/\/www.europesays.com\/de\/wp-json\/wp\/v2\/tags?post=1067911"}],"curies":[{"name":"wp","href":"https:\/\/api.w.org\/{rel}","templated":true}]}}