{"id":1067956,"date":"2026-06-03T23:17:24","date_gmt":"2026-06-03T23:17:24","guid":{"rendered":"https:\/\/www.europesays.com\/de\/1067956\/"},"modified":"2026-06-03T23:17:24","modified_gmt":"2026-06-03T23:17:24","slug":"filmfest-emden-startet-international-und-publikumsfreundlich","status":"publish","type":"post","link":"https:\/\/www.europesays.com\/de\/1067956\/","title":{"rendered":"Filmfest Emden startet: International und publikumsfreundlich"},"content":{"rendered":"<p>        <img decoding=\"async\" src=\"https:\/\/www.europesays.com\/de\/wp-content\/uploads\/2026\/06\/sommeraufasphaltsezene-100.webp\" alt=\"Christoph Maria Herbst (r.) und Mala Emde sitzen im Dunkeln vor einem Hochhaus - Szene aus &quot;Sommer auf Asphalt&quot;\" title=\"Christoph Maria Herbst (r.) und Mala Emde sitzen im Dunkeln vor einem Hochhaus - Szene aus &quot;Sommer auf Asphalt&quot; | W\u00fcste Medien, Frizzi Kurkhaus\" class=\"responsive\"\/><\/p>\n<p>AUDIO: Das Filmfest Emden-Norderney: Nahbar und international (4 Min)<\/p>\n<p>\n                Stand: 03.06.2026 23:30 Uhr<\/p>\n<p class=\"preface\">Am Mittwoch ist das Filmfest Emden-Norderney gestartet. Zu Gast sind prominente  Schauspielstars, darunter Christoph Maria Herbst im Er\u00f6ffnungsfilm &#8222;Sommer auf Asphalt&#8220;. Am letzten Festival-Tag kommt Nora Tschirner nach Emden.<\/p>\n<p class=\"textauthor\">von <a href=\"https:\/\/www.ndr.de\/kultur\/florian-schmidt,florianschmidt100.html\" rel=\"nofollow noopener\" target=\"_blank\">Florian Schmidt<\/a><\/p>\n<p class=\"\">Das Filmfest Emden-Norderney versteht sich seit Jahren als &#8222;Festival am Meer&#8220; &#8211; nahbar, publikumsfreundlich und trotzdem international. Mehr als 30 Premieren und Erstauff\u00fchrungen stehen diesmal auf dem Programm.<\/p>\n<p>    Nora Tschirner und Florian Lukas werden geehrt<\/p>\n<p class=\"\">Nach einem Talk im Festspielhaus am Wall wird Nora Tschirner am Abend des 10. Juni nachtr\u00e4glich mit dem <a href=\"https:\/\/www.ndr.de\/kultur\/film\/Nora-Tschirner-wird-beim-Filmfest-Emden-Norderney-ausgezeichnet,filmfestemden250.html\" title=\"Nora Tschirner wird beim Filmfest Emden-Norderney ausgezeichnet\" rel=\"nofollow noopener\" target=\"_blank\">Emder Schauspielpreis 2025<\/a> ausgezeichnet. Im vergangenen Jahr war sie krank geworden und konnte die Auszeichnung nicht entgegennehmen. Anschlie\u00dfend wird ihr j\u00fcngster Film <a href=\"https:\/\/www.ndr.de\/kultur\/film\/tipps\/schwarzhumorige-komoedie-no-hit-wonder-singen-fuer-die-heilung,nohitwonder-100.html\" title=\"Schwarzhumorige Kom\u00f6die &quot;No Hit Wonder&quot;: Singen f\u00fcr die Heilung\" rel=\"nofollow noopener\" target=\"_blank\">&#8222;No Hit Wonder&#8220;<\/a> von Regisseur Florian Dietrich gezeigt.<\/p>\n<p class=\"\">Der Emder Schauspielpreis ist mit 10.000 Euro dotiert. Preistr\u00e4ger in diesem Jahr ist Florian Lukas: Er sei ein &#8222;versierter, sehr wandlungsf\u00e4higer Schauspieler&#8220;, sagte der k\u00fcnstlerische Leiter des Festivals, Edzard Wagenaar. Lukas habe weit mehr als 140 Rollen gespielt. Gezeigt werden insgesamt f\u00fcnf seiner Filme, unter anderem &#8222;Absolute Giganten&#8220;, &#8222;Nordwand&#8220; und &#8222;Rosenthal&#8220;.<\/p>\n<p>    Florian Lukas bei allen seinen Filmen vor Ort<\/p>\n<p class=\"\">Der Schauspieler hat angek\u00fcndigt, bei allen f\u00fcnf Filmvorf\u00fchrungen pers\u00f6nlich dabei zu sein. Wagenaar erz\u00e4hlt: &#8222;Florian Lukas mit dem Emder Schauspielpreis auszuzeichnen, ist eigentlich l\u00e4ngst \u00fcberf\u00e4llig. Er ist einer der ganz gro\u00dfen deutschen Charakterdarsteller. Ein Ausnahmetalent, wandlungsf\u00e4hig, intensiv und ein absolut netter und zugewandter Mensch, der sich total freut, nach Jahren, wo er nicht mehr hier gewesen ist, wieder mal an die K\u00fcste zu kommen.&#8220;<\/p>\n<p>\n            <strong>Video:<\/strong><br \/>\n            Trailer: &#8222;Sommer auf Asphalt&#8220; mit Mala Emde und Christoph Maria Herbst (1 Min)\n        <\/p>\n<p>    Zum Auftakt: Christoph Maria Herbst und &#8222;Sommer auf Asphalt&#8220;<\/p>\n<p class=\"\">Er\u00f6ffnet wurde das 36. Internationale Filmfest Emden-Norderney von Schauspieler Christoph Maria Herbst und Schauspielerin Mala Emde. Zum Auftakt am 3. Juni zeigte das Festival die Premiere der NDR Koproduktion &#8222;<a href=\"https:\/\/www.ndr.de\/kultur\/film\/tipps\/sommer-auf-asphalt-sommerleichte-vater-tochter-komoedie,sommer-auf-asphalt-102.html\" title=\"&quot;Sommer auf Asphalt&quot;: Sommerleichte Vater-Tochter-Kom\u00f6die\" rel=\"nofollow noopener\" target=\"_blank\">Sommer auf Asphalt<\/a>&#8222;, in dem die beiden die Hauptrollen spielen. Der Film ist eine warmherzige Vater-Tochter-Kom\u00f6die \u00fcber Selbstbestimmung, Familie und Zugeh\u00f6rigkeit. Regie f\u00fchrte Simon Ostermann nach dem Drehbuch von Brix Vinzent Koethe.<\/p>\n<p class=\"\">Zum weiteren Ensemble geh\u00f6ren etwa Moritz F\u00fchrmann, Aaron Hilmer und als G\u00e4ste Heinz Strunk und Jan Ullrich. Die Kom\u00f6die soll im Herbst 2026 in der ARD-Mediathek gezeigt werden.<\/p>\n<p>        <img decoding=\"async\" src=\"https:\/\/www.europesays.com\/de\/wp-content\/uploads\/2026\/06\/sommer-auf-asphalt-100.webp\" alt=\"Dreh Menschen sitzen f\u00fcr ein Drehstartfoto auf einem Sofa vor einer Garage.\" title=\"Dreh Menschen sitzen f\u00fcr ein Drehstartfoto auf einem Sofa vor einer Garage. | NDR, W\u00fcste Medien, Frizzi Kurkhaus\" class=\"responsive\" loading=\"lazy\"\/><\/p>\n<p>Die NDR Ko-Produktion hat heute Abend Weltpremiere &#8211; Hauptdarsteller Christoph Maria Herbst im Gespr\u00e4ch \u00fcber die Dreharbeiten.<\/p>\n<p>    &#8222;Der Heimatlose&#8220;: Deutschlandpremiere auf Norderney<\/p>\n<p>                    <a href=\"https:\/\/www.europesays.com\/de\/wp-content\/uploads\/2026\/06\/derheimatloseszene-102.webp\" class=\"zoomimage\" title=\"Bild vergr\u00f6\u00dfern\"><\/p>\n<p>        <img decoding=\"async\" src=\"https:\/\/www.europesays.com\/de\/wp-content\/uploads\/2026\/06\/derheimatloseszene-102.webp\" alt=\"Viele Menschen in historischen Kost\u00fcmen sitzen in einem Kreis auf Norderney - Szene aus dem Film &quot;Der Heimatlose&quot;\" title=\"In Kai St\u00e4nnickes Drama, zum Teil auf Norderney gedreht, geht es um einen ehemaligen Insulaner, der in seiner Heimat nicht erkannt wird. | Florian Mag\" class=\"responsive\" loading=\"lazy\"\/><\/p>\n<p>                    <\/a><\/p>\n<p>                    In Kai St\u00e4nnickes Drama, zum Teil auf Norderney gedreht, geht es um einen ehemaligen Insulaner, der in seiner Heimat nicht erkannt wird.<\/p>\n<p class=\"\">Festivalleiter Edzard Wagenaar setzt dabei auf gro\u00dfe Emotionen und auf Filme mit regionaler Verbindung: &#8222;&#8218;Der Heimatlose&#8216; ist in weiten Teilen auf Norderney gedreht worden und mit Unterst\u00fctzung der Insel und vielen, vielen, vielen Norderneyern, die dort als Statisten in diesem Film mitgewirkt haben.&#8220;<\/p>\n<p class=\"\">Das d\u00fcstere Heimkehr-Drama zwischen Nordsee, Erinnerung und Identit\u00e4t erz\u00e4hlt von einem Mann, der nach Jahren zur\u00fcckkehrt &#8211; und pl\u00f6tzlich um seine eigene Identit\u00e4t k\u00e4mpfen muss.<\/p>\n<p class=\"\">Das bei der Berlinale ausgezeichnete Drama wird auf Norderney am Samstag vorgef\u00fchrt: in Anwesenheit des Regisseurs Kai St\u00e4nicke und des Filmteams. F\u00fcr Wagenaar ist die Vorf\u00fchrung auf der Insel ein Heimspiel im besten Sinne: &#8222;Der Heimatlose kehrt heim und Cast und Crew-Mitglieder sind am Samstagabend, also an einem der Haupttag im Inselkino auf Norderney. Das wird eine Riesenparty werden.&#8220;<\/p>\n<p>    Schwerpunkt auf Inklusion<\/p>\n<p>                    <a href=\"https:\/\/www.europesays.com\/de\/wp-content\/uploads\/2026\/06\/goldenspurtlefilm-100.webp\" class=\"zoomimage\" title=\"Bild vergr\u00f6\u00dfern\"><\/p>\n<p>        <img decoding=\"async\" src=\"https:\/\/www.europesays.com\/de\/wp-content\/uploads\/2026\/06\/goldenspurtlefilm-100.webp\" alt=\"Zwei \u00e4ltere M\u00e4nner schrauben an einem Pappschild mit der Aufschrift &quot;the Golden Spurtle&quot; (Filmfest Emden-Norderney)\" title=\"In &quot;The Golden Spurtle&quot; geht es um eine Porridge-Meisterschaft in Schottland. | Dogwoof\" class=\"responsive\" loading=\"lazy\"\/><\/p>\n<p>                    <\/a><\/p>\n<p>                    In &#8222;The Golden Spurtle&#8220; geht es um eine Porridge-Meisterschaft in Schottland.<\/p>\n<p class=\"\">Neben gro\u00dfen Premieren und internationalen Produktionen setzt das Festival im Kurzfilmprogramm einen Schwerpunkt auf Inklusion: &#8222;Da geht es um Autismus, um Sehbehinderung, da geht es um Down-Syndrom und am Ende sogar um einen Film, der komplett ohne Worte tats\u00e4chlich in Geb\u00e4rdensprache inszeniert wird&#8220;, k\u00fcndigt Wagenaar an.<\/p>\n<p class=\"\">Au\u00dferdem laufen internationale Produktionen \u00fcber Klimawandel, k\u00fcnstliche Intelligenz oder gesellschaftliche Konflikte &#8211; von der Arktis-Dokumentation &#8222;Frost Without Snow and Ice&#8220; bis zum Social-Media-Film &#8222;Molly vs THE MACHINES&#8220;. Und es wird einen Schwerpunkt zum Thema &#8222;Film &amp; Food&#8220; geben &#8211; unter anderem in einem schottischen Beitrag \u00fcber Porridge.<\/p>\n<p>        <img decoding=\"async\" src=\"https:\/\/www.europesays.com\/de\/wp-content\/uploads\/2026\/06\/herbst-280.webp\" alt=\"Christoph Maria Herbst blickt mit Grimasse in die Kamera.\" title=\"Christoph Maria Herbst blickt mit Grimasse in die Kamera. | picture alliance \/ dpa |Jens Kalaene\" class=\"responsive\" loading=\"lazy\"\/><\/p>\n<p>Der Film &#8222;Sommer auf Asphalt&#8220; er\u00f6ffnet das 36. Internationale Filmfest Emden-Norderney. In einer der Hauptrollen: Christoph Maria Herbst.<\/p>\n<p>        <img decoding=\"async\" src=\"https:\/\/www.europesays.com\/de\/wp-content\/uploads\/2026\/06\/screenshot1916928.webp\" alt=\"In einem kleineren Museum stehen zwei historische Fahrr\u00e4der auf einem Holzpodest.\" title=\"In einem kleineren Museum stehen zwei historische Fahrr\u00e4der auf einem Holzpodest. | Screenshot\" class=\"responsive\" loading=\"lazy\"\/><\/p>\n<p>Dinus Vo\u00df brennt f\u00fcr historische Motor- und Fahrr\u00e4der. Sein Museum im ostfriesischen Emden \u00f6ffnet er immer auf Anfrage. <\/p>\n<p>        <img decoding=\"async\" src=\"https:\/\/www.europesays.com\/de\/wp-content\/uploads\/2026\/06\/drehbuchpreisemden100.webp\" alt=\"Zwei Autorinnen (Rabeah Rahimi und Leonore Lukschy) freuen sich bei der Preisverleihung beim Filmfest Emden \u00fcber den Emder Drehbuchpreis:\" title=\"Zwei Autorinnen (Rabeah Rahimi und Leonore Lukschy) freuen sich bei der Preisverleihung beim Filmfest Emden \u00fcber den Emder Drehbuchpreis: | Internationales Filmfest Emden-Norderney, Tobias Bruns\" class=\"responsive\" loading=\"lazy\"\/><\/p>\n<p>Traditionell werden beim Filmfest Emden unverfilmte Drehb\u00fccher ausgezeichnet. Am Freitag ging das Preisgeld von 10.000 Euro an die Autorinnen von &#8222;Dieterstan&#8220;.<\/p>\n<p>        <img decoding=\"async\" src=\"https:\/\/www.europesays.com\/de\/wp-content\/uploads\/2026\/06\/emdenrathaus100.webp\" alt=\"Museumsschiffe liegen vor dem Emder Rathaus auf dem Ratsdelft.\" title=\"Museumsschiffe liegen vor dem Emder Rathaus auf dem Ratsdelft. | imago images \/ Peter Schickert\" class=\"responsive\" loading=\"lazy\"\/><\/p>\n<p>Museumsschiffe am Rathaus, dicke P\u00f6tte im Industriehafen: Emden hat maritimes Flair. Die Kunsthalle zeigt Meisterwerke.<\/p>\n","protected":false},"excerpt":{"rendered":"AUDIO: Das Filmfest Emden-Norderney: Nahbar und international (4 Min) Stand: 03.06.2026 23:30 Uhr Am Mittwoch ist das Filmfest&hellip;\n","protected":false},"author":2,"featured_media":1067957,"comment_status":"","ping_status":"","sticky":false,"template":"","format":"standard","meta":{"footnotes":"","_share_on_mastodon":"0"},"categories":[155],"tags":[590,29,45694,214,11494,3184,30,14,15,1411,110039,93299,104003,473,227514,5284,215],"class_list":["post-1067956","post","type-post","status-publish","format-standard","has-post-thumbnail","category-unterhaltung","tag-aktuell","tag-deutschland","tag-emden","tag-entertainment","tag-filmfest","tag-filmfestival","tag-germany","tag-nachrichten","tag-news","tag-niedersachsen","tag-nora-tschirner","tag-norderney","tag-ostfriesland-und-inseln","tag-schauspielerin","tag-schauspielpreis","tag-spielfilm","tag-unterhaltung"],"share_on_mastodon":{"url":"https:\/\/pubeurope.com\/@de\/116688733978324708","error":""},"_links":{"self":[{"href":"https:\/\/www.europesays.com\/de\/wp-json\/wp\/v2\/posts\/1067956","targetHints":{"allow":["GET"]}}],"collection":[{"href":"https:\/\/www.europesays.com\/de\/wp-json\/wp\/v2\/posts"}],"about":[{"href":"https:\/\/www.europesays.com\/de\/wp-json\/wp\/v2\/types\/post"}],"author":[{"embeddable":true,"href":"https:\/\/www.europesays.com\/de\/wp-json\/wp\/v2\/users\/2"}],"replies":[{"embeddable":true,"href":"https:\/\/www.europesays.com\/de\/wp-json\/wp\/v2\/comments?post=1067956"}],"version-history":[{"count":0,"href":"https:\/\/www.europesays.com\/de\/wp-json\/wp\/v2\/posts\/1067956\/revisions"}],"wp:featuredmedia":[{"embeddable":true,"href":"https:\/\/www.europesays.com\/de\/wp-json\/wp\/v2\/media\/1067957"}],"wp:attachment":[{"href":"https:\/\/www.europesays.com\/de\/wp-json\/wp\/v2\/media?parent=1067956"}],"wp:term":[{"taxonomy":"category","embeddable":true,"href":"https:\/\/www.europesays.com\/de\/wp-json\/wp\/v2\/categories?post=1067956"},{"taxonomy":"post_tag","embeddable":true,"href":"https:\/\/www.europesays.com\/de\/wp-json\/wp\/v2\/tags?post=1067956"}],"curies":[{"name":"wp","href":"https:\/\/api.w.org\/{rel}","templated":true}]}}