{"id":1068097,"date":"2026-06-04T00:40:27","date_gmt":"2026-06-04T00:40:27","guid":{"rendered":"https:\/\/www.europesays.com\/de\/1068097\/"},"modified":"2026-06-04T00:40:27","modified_gmt":"2026-06-04T00:40:27","slug":"fame-fighting-international-haben-sie-diesen-schraegen-auftritt-gesehen-unterhaltung","status":"publish","type":"post","link":"https:\/\/www.europesays.com\/de\/1068097\/","title":{"rendered":"Fame Fighting International: Haben Sie diesen schr\u00e4gen Auftritt gesehen? | Unterhaltung"},"content":{"rendered":"<p><a class=\"skip-content skip-content--link\" href=\"#in-content-skip-link-target-v-0-0\">TTS-Player \u00fcberspringen\u21b5<\/a><a id=\"in-content-skip-link-target-v-0-0\" class=\"skip-content--target-link-hidden skip-content skip-content--target-link\" href=\"#in-content-skip-link-target-v-0-0\">Artikel weiterlesen<\/a><\/p>\n<p>Leverkusen (Nordrhein-Westfalen) \u2013 <b>Hat sich Stromberg hier in der T\u00fcr geirrt? Bei der Pressekonferenz zum BILD-Boxspektakel Fame Fighting International fiel ein Mann besonders ins Auge: Nathan Barnatt (45), besser bekannt als \u201eDad\u201c. Genau so m\u00f6chte der US-Entertainer auch genannt werden \u2013 und zwischen all den muskelbepackten K\u00e4mpfern wirkt er tats\u00e4chlich eher wie der etwas schr\u00e4ge Familienvater als ein echter Fighter.<\/b><\/p>\n<p><img decoding=\"async\" width=\"992\" height=\"1178\" alt=\"Vor jedem K\u00e4mpfer stand bei der Pressekonferenz ein ordentliches Namensschild. Nathan Barnatt strich aber kurzerhand seinen Namen durch und schrieb stattdessen \u201eDad\u201c darauf\" src=\"https:\/\/www.europesays.com\/de\/wp-content\/uploads\/2026\/06\/3a637f8beef95d359af5cfeb5047926e,e4a616d7.jpeg\"   class=\"portrait\" loading=\"lazy\"\/><\/p>\n<p class=\"fig__caption__text\">Vor jedem K\u00e4mpfer stand bei der Pressekonferenz ein ordentliches Namensschild. Nathan Barnatt strich aber kurzerhand seinen Namen durch und schrieb stattdessen \u201eDad\u201c darauf<\/p>\n<p>Foto: Patric Fouad<\/p>\n<p>Mit seinem Auftreten erinnert er manche Zuschauer sogar an TV-Kultfigur Bernd Stromberg. W\u00e4hrend die anderen Teilnehmer ihre Muskeln spielen lassen, sorgt \u201eDad\u201c vor allem mit seiner ungew\u00f6hnlichen Ausstrahlung f\u00fcr Aufmerksamkeit. Am Samstag wird er live gegen Gegner Ediz Tasci (31) in den Ring steigen. BILD \u00fcbertr\u00e4gt die Megashow live und exklusiv. <a href=\"https:\/\/www.bild.de\/specials\/premium-event\/fame-fighting-international-bei-bild-hier-anmelden-fuer-die-box-show-des-jahres-69da5a8163f4b33e84862750?gad_source=1&amp;gbraid=0AAAAADeHvq-JeNIKWX1pE8TIx7M64ZM_i&amp;gad_campaignid=23863668861&amp;gclid=Cj0KCQjw_vnQBhCxARIsADcZyxIp2lsjiW-psZY2I5TmFE0COLi9Yo0XFuoqRXC_EkI96enpUdi1-HgaAuDrEALw_wcB&amp;cid=sea.ca.pr.aq.bp.livestream_ff_int_1.pm.ga..23858471501\" class=\"text-link\" rel=\"nofollow noopener\" target=\"_blank\">Jetzt schon HIER anmelden! <\/a>Und auch, wenn \u201eDad\u201c harmlos aussieht, ist er nicht zu untersch\u00e4tzen.<\/p>\n<p><img decoding=\"async\" width=\"992\" height=\"1178\" alt=\"Rund 40.000 Follower hat \u201eDad\u201c bei Instagram \u2013 und dort begl\u00fcckt er seine Follower auch mit verdammt viel Gesichtsakrobatik\" src=\"https:\/\/www.europesays.com\/de\/wp-content\/uploads\/2026\/06\/a235627d802a555151b512de15fee7da,2efc2f0f.jpeg\"   class=\"portrait\" loading=\"lazy\"\/><\/p>\n<p class=\"fig__caption__text\">Rund 40.000 Follower hat \u201eDad\u201c bei Instagram \u2013 und dort begl\u00fcckt er seine Follower auch mit verdammt viel Gesichtsakrobatik<\/p>\n<p>Foto: Patric Fouad<\/p>\n<p>Vom Comedy-Nerd zum Kult-Boxer<\/p>\n<p>Wer Nathan Barnatt zum ersten Mal sieht, denkt eher an einen verr\u00fcckten Comedian als an einen Faustk\u00e4mpfer. Der US-Amerikaner sammelte auf YouTube Millionen Klicks mit schr\u00e4gem Humor, Tanz-Einlagen und skurrilen Videos. Doch hinter der kuriosen Fassade steckt ein ernstzunehmender Athlet. Unter seinem Alter Ego \u201eDad\u201c wagte Barnatt 2022 den Schritt in die Welt des Influencer-Boxens \u2013 und sorgte sofort f\u00fcr Aufsehen. Beim ersten \u201eCreator Clash\u201c in Florida schickte er seinen Gegner, YouTuber Matt Watson, bereits nach 22 Sekunden (!) auf die Bretter \u2013 einer der schnellsten Siege der Szene.<\/p>\n<p><img decoding=\"async\" width=\"992\" height=\"558\" alt=\"Mit wenigen Worten, aber vielen Blicken zog der K\u00e4mpfer die Aufmerksamkeit bei der Pressekonferenz auf sich\" src=\"https:\/\/www.europesays.com\/de\/wp-content\/uploads\/2026\/06\/650f679e85d4ad50189ef20e314975d3,47dad0b1.jpeg\"   class=\"landscape\" loading=\"lazy\"\/><\/p>\n<p class=\"fig__caption__text\">Mit wenigen Worten, aber vielen Blicken zog der K\u00e4mpfer die Aufmerksamkeit bei der Pressekonferenz auf sich <\/p>\n<p>Foto: BILD<\/p>\n<p>Wer blinzelt, verliert<\/p>\n<p>Auch seinen n\u00e4chsten Kampf gewann \u201eDad\u201c, ehe er sich zunehmend in der internationalen Influencer-Boxszene etablierte. 2026 wechselte Barnatt auf die gro\u00dfe B\u00fchne von Misfits-Boxing. Mit Mitte 40 geh\u00f6rt Barnatt zu den \u00e4ltesten aktiven Gesichtern der Szene \u2013 und zugleich zu den ungew\u00f6hnlichsten. Das liegt auch an seiner Mimik. Denn mit weit aufgerissenen, erschrockenen Augen sa\u00df er fast die kompletten zwei Stunden w\u00e4hrend der Pressekonferenz an seinem Tisch. Nach dem Motto: \u201eWer blinzelt, verliert.\u201c<\/p>\n<p><img decoding=\"async\" width=\"992\" height=\"558\" alt=\"Bei diesem Blick brennen beim Gegen\u00fcber doch alle Synapsen durch\" src=\"https:\/\/www.europesays.com\/de\/wp-content\/uploads\/2026\/06\/5b27be12271f668b9d443172e225fce9,95734dfd.jpeg\"   class=\"landscape\" loading=\"lazy\"\/><\/p>\n<p class=\"fig__caption__text\">Bei diesem Blick brennen beim Gegen\u00fcber doch alle Synapsen durch<\/p>\n<p>Foto: BILD<\/p>\n<p>Mehr zum ThemaKuriose Szenen beim Face-Off<\/p>\n<p>Auch Gegner Ediz Tasci wusste beim Face-Off offenbar nicht, ob er gleich boxen oder ein Bewerbungsgespr\u00e4ch f\u00fchren sollte. Als sein Gegner im Hemd und mit Krawatte vor ihm stand, konnte sich der Streamer das Lachen einfach nicht verkneifen. W\u00e4hrend die anderen K\u00e4mpfer auf harte Schl\u00e4ge setzten, wirkte sein Kontrahent eher so, als wollte er noch schnell die Quartalszahlen pr\u00e4sentieren. Entsprechend schwer ist es Ediz gefallen, die Situation ernst zu nehmen.<\/p>\n<p><img decoding=\"async\" width=\"992\" height=\"558\" alt=\"Wer k\u00f6nnte da noch ernst bleiben? Ediz (31, l.) zumindest nicht. Schon beim Face-off musste sich der Streamer das Lachen verkneifen, als ihm Nathan Barnatt in seiner \u201eDad\u201c-Rolle gegen\u00fcberstand\" src=\"https:\/\/www.europesays.com\/de\/wp-content\/uploads\/2026\/06\/8c98cd458c0a586a61e8e79dba8607f1,f5f28e1d.jpeg\"   class=\"landscape\" loading=\"lazy\"\/><\/p>\n<p class=\"fig__caption__text\">Wer k\u00f6nnte da noch ernst bleiben? Ediz (31, l.) zumindest nicht. Schon beim Face-off musste sich der Streamer das Lachen verkneifen, als ihm Nathan Barnatt in seiner \u201eDad\u201c-Rolle gegen\u00fcberstand<\/p>\n<p>Foto: BILD<\/p>\n<p><img decoding=\"async\" width=\"992\" height=\"558\" alt=\"Noch sieht alles flauschig und lustig aus. Am Samstag aber will der \u201eDad\u201c seine Siegesserie fortf\u00fchren\" src=\"https:\/\/www.europesays.com\/de\/wp-content\/uploads\/2026\/06\/09bb467a1ffbb7bc4cc9f68e5ef537a9,b58e19e4.jpeg\"   class=\"landscape\" loading=\"lazy\"\/><\/p>\n<p class=\"fig__caption__text\">Noch sieht alles flauschig und lustig aus. Am Samstag aber will der \u201eDad\u201c seine Siegesserie fortf\u00fchren<\/p>\n<p>Foto: BILD<\/p>\n<p>W\u00e4hrend Gaga-Auftritt von \u201eDad\u201c: Schmerzen-Versprechen an Ediz<a class=\"anchor video-teaser__anchor\" href=\"https:\/\/www.bild.de\/unterhaltung\/waehrend-psycho-auftritt-von-dad-schmerzen-versprechen-an-ediz-6a205e00639e3d502fd4a74f\" rel=\"nofollow noopener\" target=\"_blank\"><img decoding=\"async\" width=\"992\" height=\"558\" alt=\"\" src=\"https:\/\/www.europesays.com\/de\/wp-content\/uploads\/2026\/06\/9922ecdc63aae8a98f758d620da23297-landscape,f5ee9a81.jpeg\"   class=\"landscape teaser__image\" loading=\"lazy\"\/><\/a><\/p>\n<p>Quelle: BILD03.06.2026<\/p>\n<p>Am 6. Juni bekommt es die deutsche Promibox-Elite in der Ostermann-Arena in Leverkusen mit den weltweit schlagkr\u00e4ftigsten Reality-Boxern zu tun. Die deutschen Fame Fighter gegen die Promi-Klopper von der britischen Box-Promotion \u201eMisfits\u201c! \u00dcbertragen wird das Spektakel von BILD in Zusammenarbeit mit \u201eThe Sun\u201c. Es ist DAS Box-L\u00e4nderspiel vor der Fu\u00dfball-WM!<\/p>\n","protected":false},"excerpt":{"rendered":"TTS-Player \u00fcberspringen\u21b5Artikel weiterlesen Leverkusen (Nordrhein-Westfalen) \u2013 Hat sich Stromberg hier in der T\u00fcr geirrt? Bei der Pressekonferenz zum&hellip;\n","protected":false},"author":2,"featured_media":1068098,"comment_status":"","ping_status":"","sticky":false,"template":"","format":"standard","meta":{"footnotes":"","_share_on_mastodon":"0"},"categories":[155],"tags":[520,29,214,23937,30,153,37487,1487,215],"class_list":["post-1068097","post","type-post","status-publish","format-standard","has-post-thumbnail","category-unterhaltung","tag-boxen","tag-deutschland","tag-entertainment","tag-fame-fighting","tag-germany","tag-influencer","tag-kampfsport","tag-reality-stars","tag-unterhaltung"],"share_on_mastodon":{"url":"https:\/\/pubeurope.com\/@de\/116689058981301985","error":""},"_links":{"self":[{"href":"https:\/\/www.europesays.com\/de\/wp-json\/wp\/v2\/posts\/1068097","targetHints":{"allow":["GET"]}}],"collection":[{"href":"https:\/\/www.europesays.com\/de\/wp-json\/wp\/v2\/posts"}],"about":[{"href":"https:\/\/www.europesays.com\/de\/wp-json\/wp\/v2\/types\/post"}],"author":[{"embeddable":true,"href":"https:\/\/www.europesays.com\/de\/wp-json\/wp\/v2\/users\/2"}],"replies":[{"embeddable":true,"href":"https:\/\/www.europesays.com\/de\/wp-json\/wp\/v2\/comments?post=1068097"}],"version-history":[{"count":0,"href":"https:\/\/www.europesays.com\/de\/wp-json\/wp\/v2\/posts\/1068097\/revisions"}],"wp:featuredmedia":[{"embeddable":true,"href":"https:\/\/www.europesays.com\/de\/wp-json\/wp\/v2\/media\/1068098"}],"wp:attachment":[{"href":"https:\/\/www.europesays.com\/de\/wp-json\/wp\/v2\/media?parent=1068097"}],"wp:term":[{"taxonomy":"category","embeddable":true,"href":"https:\/\/www.europesays.com\/de\/wp-json\/wp\/v2\/categories?post=1068097"},{"taxonomy":"post_tag","embeddable":true,"href":"https:\/\/www.europesays.com\/de\/wp-json\/wp\/v2\/tags?post=1068097"}],"curies":[{"name":"wp","href":"https:\/\/api.w.org\/{rel}","templated":true}]}}