{"id":1068133,"date":"2026-06-04T01:02:31","date_gmt":"2026-06-04T01:02:31","guid":{"rendered":"https:\/\/www.europesays.com\/de\/1068133\/"},"modified":"2026-06-04T01:02:31","modified_gmt":"2026-06-04T01:02:31","slug":"bielefeld-mann-tappt-in-liebesbetrug-falle-im-internet","status":"publish","type":"post","link":"https:\/\/www.europesays.com\/de\/1068133\/","title":{"rendered":"Bielefeld: Mann tappt in Liebesbetrug-Falle im Internet"},"content":{"rendered":"<p>Ein Bielefelder ist Opfer eines Liebesbetrugs \u00fcber ein soziales Netzwerk geworden. Gestern erstattete er Anzeige bei der Polizei.<\/p>\n<p>Kontaktaufnahme \u00fcber ein soziales Netzwerk<\/p>\n<p>Eine angeblich junge Frau hatte ihn im Mai kontaktiert. Sp\u00e4ter schrieben sie mehrmals t\u00e4glich miteinander \u00fcber einen Messenger-Dienst.<\/p>\n<p>Forderungen und Entlarvung des Betrugs<\/p>\n<p>Sie schickte Fotos und bat ihn schlie\u00dflich um eine Guthabenkarte. Als sie danach immer weitere Karten forderte, erkannte der Mann den Betrug und ging zur Polizei.<\/p>\n","protected":false},"excerpt":{"rendered":"Ein Bielefelder ist Opfer eines Liebesbetrugs \u00fcber ein soziales Netzwerk geworden. Gestern erstattete er Anzeige bei der Polizei.&hellip;\n","protected":false},"author":2,"featured_media":1068134,"comment_status":"","ping_status":"","sticky":false,"template":"","format":"standard","meta":{"footnotes":"","_share_on_mastodon":"0"},"categories":[1841],"tags":[1605,3364,29,30,62454,166574,1209,121,158798],"class_list":["post-1068133","post","type-post","status-publish","format-standard","has-post-thumbnail","category-bielefeld","tag-bielefeld","tag-de","tag-deutschland","tag-germany","tag-liebesbetrug","tag-messenger-dienst","tag-nordrhein-westfalen","tag-polizei","tag-soziales-netzwerk"],"share_on_mastodon":{"url":"https:\/\/pubeurope.com\/@de\/116689144802535882","error":""},"_links":{"self":[{"href":"https:\/\/www.europesays.com\/de\/wp-json\/wp\/v2\/posts\/1068133","targetHints":{"allow":["GET"]}}],"collection":[{"href":"https:\/\/www.europesays.com\/de\/wp-json\/wp\/v2\/posts"}],"about":[{"href":"https:\/\/www.europesays.com\/de\/wp-json\/wp\/v2\/types\/post"}],"author":[{"embeddable":true,"href":"https:\/\/www.europesays.com\/de\/wp-json\/wp\/v2\/users\/2"}],"replies":[{"embeddable":true,"href":"https:\/\/www.europesays.com\/de\/wp-json\/wp\/v2\/comments?post=1068133"}],"version-history":[{"count":0,"href":"https:\/\/www.europesays.com\/de\/wp-json\/wp\/v2\/posts\/1068133\/revisions"}],"wp:featuredmedia":[{"embeddable":true,"href":"https:\/\/www.europesays.com\/de\/wp-json\/wp\/v2\/media\/1068134"}],"wp:attachment":[{"href":"https:\/\/www.europesays.com\/de\/wp-json\/wp\/v2\/media?parent=1068133"}],"wp:term":[{"taxonomy":"category","embeddable":true,"href":"https:\/\/www.europesays.com\/de\/wp-json\/wp\/v2\/categories?post=1068133"},{"taxonomy":"post_tag","embeddable":true,"href":"https:\/\/www.europesays.com\/de\/wp-json\/wp\/v2\/tags?post=1068133"}],"curies":[{"name":"wp","href":"https:\/\/api.w.org\/{rel}","templated":true}]}}