{"id":1068149,"date":"2026-06-04T01:11:30","date_gmt":"2026-06-04T01:11:30","guid":{"rendered":"https:\/\/www.europesays.com\/de\/1068149\/"},"modified":"2026-06-04T01:11:30","modified_gmt":"2026-06-04T01:11:30","slug":"vietnam-und-frankreich-sind-bereit-fuer-den-heritage-abend-beim-diff-2026","status":"publish","type":"post","link":"https:\/\/www.europesays.com\/de\/1068149\/","title":{"rendered":"Vietnam und Frankreich sind bereit f\u00fcr den \u201eHeritage\u201c-Abend beim DIFF 2026."},"content":{"rendered":"<p style=\"text-align: justify;\">Unter dem Motto \u201eKulturerbe\u201c arbeiten beide Teams mit Hochdruck an der Fertigstellung der letzten Etappen und versprechen einen Wettbewerb voller kultureller Identit\u00e4t, der Vergangenheit, Gegenwart und Zukunft miteinander verbindet. <\/p>\n<p><img decoding=\"async\" style=\"cursor:pointer\" alt=\"Vietnam und Frankreich sind bereit f\u00fcr den \u201eHeritage\u201c-Abend beim DIFF 2026 \u2013 Foto 1\" src=\"https:\/\/www.europesays.com\/de\/wp-content\/uploads\/2026\/06\/1780532292249_dji0247_mwuq.jpeg\" data-original=\"https:\/\/media.baovanhoa.vn\/uploaded\/trananhduong\/2026_06_04\/dji0247_mwuq.jpg\"\/> Nach und nach wurden die Artilleriestellungen des vietnamesischen Teams Z121 und des franz\u00f6sischen Teams am Ufer des Han-Flusses entdeckt.<\/p>\n<p style=\"text-align: justify;\"> <strong>Z121 ist entschlossen, die Geschichte Vietnams durch Feuerwerk zu erz\u00e4hlen.<\/strong><\/p>\n<p style=\"text-align: justify;\"> Nach ihrer ersten Teilnahme und dem starken Eindruck im Jahr 2025 kehrte das Team Z121 &#8211; Vietnam 2 zum DIFF zur\u00fcck und erkl\u00e4rte, dass es sich f\u00fcr die diesj\u00e4hrige Saison umfassender vorbereitet habe.<\/p>\n<p style=\"text-align: justify;\"> Oberst Tran Anh Manh, stellvertretender Direktor der Chemischen Kompanie 21 (Z121), erkl\u00e4rte, der Erfolg bei DIFF 2025 sei zwar ein Grund zum Stolz, habe aber auch viele wertvolle Erkenntnisse gebracht. Von der Anordnung der Artilleriestellungen und der Auswahl der Artillerietypen bis hin zur Synchronisation mit <a class=\"data-link\" data-org-href=\"https:\/\/www.vietnam.vn\/category\/am-nhac\" href=\"https:\/\/www.vietnam.vn\/category\/am-nhac\" title=\"Musik\" target=\"_blank\" rel=\"nofollow noopener\">der Musik<\/a> sei alles akribisch vorbereitet worden, um bei dieser R\u00fcckkehr noch besser zu sein.<\/p>\n<p style=\"text-align: justify;\"> Laut Oberst Tran Anh Manh laufen die Vorbereitungen f\u00fcr das DIFF 2026 bereits seit etwa sechs Monaten. Das Team organisierte zahlreiche professionelle Workshops, um Musik auszuw\u00e4hlen, Drehb\u00fccher zu entwickeln, Effekte zu entwerfen und jedem Mitglied spezifische Aufgaben zuzuweisen, um Auff\u00fchrungen h\u00f6chster Qualit\u00e4t zu gew\u00e4hrleisten. <\/p>\n<p><img decoding=\"async\" style=\"cursor:pointer\" alt=\"Vietnam und Frankreich sind bereit f\u00fcr den \u201eHeritage\u201c-Abend beim DIFF 2026 \u2013 Foto 2\" src=\"https:\/\/www.europesays.com\/de\/wp-content\/uploads\/2026\/06\/1780532293162_dsc02826_omrv.jpeg\" data-original=\"https:\/\/media.baovanhoa.vn\/uploaded\/trananhduong\/2026_06_04\/dsc02826_omrv.jpg\"\/> Unter dem Motto DIFF 2026 m\u00f6chte Z121 dem Publikum und den internationalen Freunden das Bild eines sch\u00f6nen Vietnams vermitteln, das reich an Identit\u00e4t ist, sich aktiv in die internationale Gemeinschaft integriert und bereit ist, selbstbewusst in die Zukunft zu gehen. <img decoding=\"async\" style=\"cursor:pointer\" alt=\"Vietnam und Frankreich sind bereit f\u00fcr den \u201eHeritage\u201c-Abend beim DIFF 2026 \u2013 Foto 3\" src=\"https:\/\/www.europesays.com\/de\/wp-content\/uploads\/2026\/06\/1780532296834_dsc02910_xwbw.jpeg\" data-original=\"https:\/\/media.baovanhoa.vn\/uploaded\/trananhduong\/2026_06_04\/dsc02910_xwbw.jpg\"\/><\/p>\n<p style=\"text-align: justify;\"> Der H\u00f6hepunkt der diesj\u00e4hrigen Show von Z121 ist die Geschichte eines Vietnams mit starker Identit\u00e4t, das sich aktiv in die Weltgemeinschaft integriert und stetig in die Zukunft schreitet. Die von Z121 selbst produzierten Feuerwerkseffekte werden genutzt, um Bilder von Vietnams Land und Leuten sowie die Entwicklungsbestrebungen des Landes darzustellen.<\/p>\n<p style=\"text-align: justify;\"> Insbesondere wird das Team das Bild der Palme in seine Darbietung einbeziehen \u2013 ein bekanntes Symbol des angestammten Landes der Hung-K\u00f6nige, wo die Einheit stationiert ist. Dieses Bild soll dazu beitragen, die ungebrochene Vitalit\u00e4t, den unersch\u00fctterlichen Geist und das Streben nach Aufstieg des vietnamesischen Volkes zu vermitteln. <\/p>\n<p><img decoding=\"async\" style=\"cursor:pointer\" src=\"https:\/\/www.europesays.com\/de\/wp-content\/uploads\/2026\/06\/1780532297025_dn2_pqcv.jpeg\" alt=\"Das DIFF 2026 startet mit einem Paukenschlag und untermauert damit seinen Status als Feuerwerksfestival von Weltrang.\" data-original=\"https:\/\/media.baovanhoa.vn\/zoom\/480_270\/uploaded\/trananhduong\/2026_05_30\/dn2_pqcv.jpg\"\/><\/p>\n<p style=\"text-align: justify;\"> Im Anschluss an DIFF 2025 hat Z121 auch massiv in Performance-Technologie investiert. Die Einheit nutzt nun 3D-Feuerwerkssimulationstechnologie umfassend bei der Planung und Effektpr\u00fcfung vor der Umsetzung, was zu einer verbesserten Genauigkeit und k\u00fcnstlerischen Qualit\u00e4t der Vorf\u00fchrungen beitr\u00e4gt.<\/p>\n<p style=\"text-align: justify;\"> Mit \u00fcber 30 Jahren Erfahrung in der Feuerwerksherstellung exportiert Z121 seine Produkte mittlerweile in zahlreiche internationale M\u00e4rkte wie die USA, Japan und Dubai. Laut Unternehmensf\u00fchrung dient die DIFF nicht nur als Plattform zur F\u00f6rderung vietnamesischer Feuerwerksmarken, sondern er\u00f6ffnet auch M\u00f6glichkeiten f\u00fcr internationale Kooperationen und tr\u00e4gt so schrittweise dazu bei, Vietnams Feuerwerkskunst weltweit bekannt zu machen. <\/p>\n<p><img decoding=\"async\" style=\"cursor:pointer\" alt=\"Vietnam und Frankreich sind bereit f\u00fcr den \u201eHeritage\u201c-Abend beim DIFF 2026 \u2013 Foto 5\" src=\"https:\/\/www.europesays.com\/de\/wp-content\/uploads\/2026\/06\/1780532299943_dsc02995_qklt.jpeg\" data-original=\"https:\/\/media.baovanhoa.vn\/uploaded\/trananhduong\/2026_06_04\/dsc02995_qklt.jpg\"\/> Die Teilnahme am DIFF er\u00f6ffnet Vietnam viele M\u00f6glichkeiten, sich st\u00e4rker an internationalen Feuerwerksveranstaltungen zu beteiligen. <img decoding=\"async\" style=\"cursor:pointer\" alt=\"Vietnam und Frankreich sind bereit f\u00fcr den \u201eHeritage\u201c-Abend beim DIFF 2026 \u2013 Foto 6\" src=\"https:\/\/www.europesays.com\/de\/wp-content\/uploads\/2026\/06\/1780532304167_dsc02917_rhrl.jpeg\" data-original=\"https:\/\/media.baovanhoa.vn\/uploaded\/trananhduong\/2026_06_04\/dsc02917_rhrl.jpg\"\/><\/p>\n<p style=\"text-align: justify;\"> <strong>Das franz\u00f6sische Team zelebrierte die Kultur von Da Nang mit Musik und Licht.<\/strong><\/p>\n<p style=\"text-align: justify;\"> Das franz\u00f6sische Team gab sein Deb\u00fct beim DIFF und pr\u00e4sentierte eine einzigartige Perspektive auf das Thema \u201eKulturerbe\u201c, indem es sich von der Geschichte, Kultur und Entwicklung von Da Nang inspirieren lie\u00df.<\/p>\n<p style=\"text-align: justify;\"> Arnaud Fouriau, Kapit\u00e4n des franz\u00f6sischen Teams, erkl\u00e4rte, dass die Mitglieder den Gro\u00dfteil der Feuerwerksinstallationen abgeschlossen h\u00e4tten. Das Team konzentriere sich nun auf die letzten Anschl\u00fcsse und technischen \u00dcberpr\u00fcfungen, um einen reibungslosen Ablauf der Vorf\u00fchrung zu gew\u00e4hrleisten.<\/p>\n<p style=\"text-align: justify;\"> Trotz einiger kleinerer Schwierigkeiten beim Transport der Ausr\u00fcstung verliefen die Vorbereitungen reibungslos. Das franz\u00f6sische Team lobte die Professionalit\u00e4t des DIFF-Organisationskomitees sowie die engagierte Unterst\u00fctzung der Experten und des technischen Personals in Da Nang. <\/p>\n<p><img decoding=\"async\" style=\"cursor:pointer\" alt=\"Vietnam und Frankreich sind bereit f\u00fcr den \u201eHeritage\u201c-Abend beim DIFF 2026 \u2013 Foto 7\" src=\"https:\/\/www.europesays.com\/de\/wp-content\/uploads\/2026\/06\/1780532290641_dji0261_pqpe.jpeg\" data-original=\"https:\/\/media.baovanhoa.vn\/uploaded\/trananhduong\/2026_06_04\/dji0261_pqpe.jpg\"\/> Das franz\u00f6sische Team nimmt zum ersten Mal am DIFF teil. <img decoding=\"async\" style=\"cursor:pointer\" alt=\"Vietnam und Frankreich sind bereit f\u00fcr den \u201eHeritage\u201c-Abend beim DIFF 2026 \u2013 Foto 8\" src=\"https:\/\/www.europesays.com\/de\/wp-content\/uploads\/2026\/06\/1780532305276_dsc03057_yozj.jpeg\" data-original=\"https:\/\/media.baovanhoa.vn\/uploaded\/trananhduong\/2026_06_04\/dsc03057_yozj.jpg\"\/><\/p>\n<p style=\"text-align: justify;\"> Laut Arnaud Fouriau zielt der Auftritt des Teams darauf ab, die Sch\u00f6nheit von Da Nang durch seine reiche Geschichte und lokale kulturelle Identit\u00e4t zu feiern. Die Musik spielt dabei eine entscheidende Rolle als Br\u00fccke, die diese Werte dem Publikum auf emotionale Weise vermittelt.<\/p>\n<p style=\"text-align: justify;\"> F\u00fcr das franz\u00f6sische Team bedeutet \u201eKulturerbe\u201c nicht nur bewahrte Werte aus der Vergangenheit, sondern auch das Fundament f\u00fcr die Zukunft. Mithilfe von Feuerwerk, Klang und visuellen Effekten m\u00f6chte das Team die Verbindung zwischen Vergangenheit, Gegenwart und Zukunft von Da Nang und Vietnam veranschaulichen.<\/p>\n<p style=\"text-align: justify;\"> Der Kapit\u00e4n der franz\u00f6sischen Mannschaft sagte, die Auff\u00fchrung sei von traditionellen kulturellen Werten, pulsierender Energie und Errungenschaften inspiriert, die zu Da Nangs Ruf als \u201elebenswerte Stadt\u201c beigetragen haben.<\/p>\n<p style=\"text-align: justify;\"> Er lobte au\u00dferdem die Freundlichkeit und Gastfreundschaft der Einheimischen und bezeichnete das DIFF als eines der gr\u00f6\u00dften, international anerkannten Feuerwerksfestivals mit einer zunehmend starken Anziehungskraft innerhalb der globalen Feuerwerksgemeinschaft. <\/p>\n<p><img decoding=\"async\" style=\"cursor:pointer\" alt=\"Vietnam und Frankreich sind bereit f\u00fcr den \u201eHeritage\u201c-Abend beim DIFF 2026 \u2013 Foto 9\" src=\"https:\/\/www.europesays.com\/de\/wp-content\/uploads\/2026\/06\/1780532305476_dsc03149_mzek.jpeg\" data-original=\"https:\/\/media.baovanhoa.vn\/uploaded\/trananhduong\/2026_06_04\/dsc03149_mzek.jpg\"\/> Die franz\u00f6sischen Teammitglieder haben die Installationsarbeiten am Feuerwerk im Wesentlichen abgeschlossen. <img decoding=\"async\" style=\"cursor:pointer\" alt=\"Vietnam und Frankreich sind bereit f\u00fcr den \u201eHeritage\u201c-Abend beim DIFF 2026 \u2013 Foto 10\" src=\"https:\/\/www.europesays.com\/de\/wp-content\/uploads\/2026\/06\/1780532305660_dsc03244_ahcv.jpeg\" data-original=\"https:\/\/media.baovanhoa.vn\/uploaded\/trananhduong\/2026_06_04\/dsc03244_ahcv.jpg\"\/> Die Auff\u00fchrung des franz\u00f6sischen Teams hatte zum Ziel, die Sch\u00f6nheit von Da Nang durch seine reiche Geschichte und seine lokale kulturelle Identit\u00e4t zu feiern.<\/p>\n<p style=\"text-align: justify;\"> Dank der akribischen Vorbereitung beider Teams verspricht der zweite Abend des DIFF 2026 ein fesselndes Aufeinandertreffen zweier unterschiedlicher Kulturen zu werden. Auf der einen Seite wird mit einheimischem Feuerwerk eine Geschichte \u00fcber vietnamesische Identit\u00e4t und Zukunftsvisionen erz\u00e4hlt, auf der anderen Seite eine emotional bewegende internationale Perspektive auf das Erbe und die Entwicklung der Stadt am Han-Fluss.<\/p>\n<p style=\"text-align: justify;\"> Das Publikum freut sich auf die \u00dcberraschungen, die am Abend des 6. Juni den Himmel \u00fcber Da Nang erleuchten werden, wenn Musik, Licht und Feuerwerkskunst miteinander verschmelzen, um Geschichten des kulturellen Erbes in einer grenzenlosen Sprache zu erz\u00e4hlen.<\/p>\n<p style=\"text-align: justify;\"> Nach dem zweiten Wettbewerbsabend finden die weiteren Abende des DIFF 2026 jeweils samstags statt. Konkret treten am 13. Juni Japan und Italien zum Thema \u201eKultur\u201c gegeneinander an; am 20. Juni Deutschland und Macau (China) zum Thema \u201eKreativit\u00e4t\u201c; und am 27. Juni Australien und Portugal zum Thema \u201eVision\u201c. Das gro\u00dfe Finale findet am 11. Juli statt. <\/p>\n<p class=\"mb-0\"> Quelle: https:\/\/baovanhoa.vn\/du-lich\/viet-nam-va-phap-san-sang-cho-dem-di-san-tai-diff-2026-233990.html<\/p>\n","protected":false},"excerpt":{"rendered":"Unter dem Motto \u201eKulturerbe\u201c arbeiten beide Teams mit Hochdruck an der Fertigstellung der letzten Etappen und versprechen einen&hellip;\n","protected":false},"author":2,"featured_media":1068150,"comment_status":"","ping_status":"","sticky":false,"template":"","format":"standard","meta":{"footnotes":"","_share_on_mastodon":"0"},"categories":[3974],"tags":[331,332,227562,24704,548,663,3934,3980,156,13,227561,14,15,12,10649],"class_list":["post-1068149","post","type-post","status-publish","format-standard","has-post-thumbnail","category-frankreich","tag-aktuelle-nachrichten","tag-aktuelle-news","tag-diff-2026","tag-erbe","tag-eu","tag-europa","tag-europe","tag-france","tag-frankreich","tag-headlines","tag-internationales-feuerwerksfestival-da-nang","tag-nachrichten","tag-news","tag-schlagzeilen","tag-vietnam"],"share_on_mastodon":{"url":"https:\/\/pubeurope.com\/@de\/116689180723751658","error":""},"_links":{"self":[{"href":"https:\/\/www.europesays.com\/de\/wp-json\/wp\/v2\/posts\/1068149","targetHints":{"allow":["GET"]}}],"collection":[{"href":"https:\/\/www.europesays.com\/de\/wp-json\/wp\/v2\/posts"}],"about":[{"href":"https:\/\/www.europesays.com\/de\/wp-json\/wp\/v2\/types\/post"}],"author":[{"embeddable":true,"href":"https:\/\/www.europesays.com\/de\/wp-json\/wp\/v2\/users\/2"}],"replies":[{"embeddable":true,"href":"https:\/\/www.europesays.com\/de\/wp-json\/wp\/v2\/comments?post=1068149"}],"version-history":[{"count":0,"href":"https:\/\/www.europesays.com\/de\/wp-json\/wp\/v2\/posts\/1068149\/revisions"}],"wp:featuredmedia":[{"embeddable":true,"href":"https:\/\/www.europesays.com\/de\/wp-json\/wp\/v2\/media\/1068150"}],"wp:attachment":[{"href":"https:\/\/www.europesays.com\/de\/wp-json\/wp\/v2\/media?parent=1068149"}],"wp:term":[{"taxonomy":"category","embeddable":true,"href":"https:\/\/www.europesays.com\/de\/wp-json\/wp\/v2\/categories?post=1068149"},{"taxonomy":"post_tag","embeddable":true,"href":"https:\/\/www.europesays.com\/de\/wp-json\/wp\/v2\/tags?post=1068149"}],"curies":[{"name":"wp","href":"https:\/\/api.w.org\/{rel}","templated":true}]}}