{"id":1068199,"date":"2026-06-04T01:42:20","date_gmt":"2026-06-04T01:42:20","guid":{"rendered":"https:\/\/www.europesays.com\/de\/1068199\/"},"modified":"2026-06-04T01:42:20","modified_gmt":"2026-06-04T01:42:20","slug":"vollsperrung-in-pischekstrasse-endet-nach-pfingstferien","status":"publish","type":"post","link":"https:\/\/www.europesays.com\/de\/1068199\/","title":{"rendered":"Vollsperrung in Pischekstra\u00dfe endet nach Pfingstferien"},"content":{"rendered":"<p>Zwei Baustellen schr\u00e4nken derzeit den Verkehr in Stuttgart-Ost ein: Eine geplante Modernisierung und eine Sofortma\u00dfnahme nach einem Schadensfall an Pfingsten erfordern bis Freitag, 5. Juni, eine Vollsperrung der Pischekstra\u00dfe zwischen Payerstra\u00dfe und Waldebene Ost.<\/p>\n<p>In beiden F\u00e4llen erneuert die Netze BW GmbH Wasserleitungen. Nun sind die Arbeiten so weit fortgeschritten, dass die Stra\u00dfe voraussichtlich nach den Ferien in beide Richtungen zumindest einspurig freigegeben werden kann.\u00a0Das erleichtert die Durchfahrt und die Zufahrt f\u00fcr Anlieger der Stadtteile G\u00e4nsheide und Gablenberg, die im Moment zum Teil erhebliche Umwege in Kauf zu nehmen haben.<\/p>\n<p>Allerdings ben\u00f6tigen die Arbeiten noch einige Zeit l\u00e4nger, sodass es weiter zu Einschr\u00e4nkungen kommt.<\/p>\n","protected":false},"excerpt":{"rendered":"Zwei Baustellen schr\u00e4nken derzeit den Verkehr in Stuttgart-Ost ein: Eine geplante Modernisierung und eine Sofortma\u00dfnahme nach einem Schadensfall&hellip;\n","protected":false},"author":2,"featured_media":4018,"comment_status":"","ping_status":"","sticky":false,"template":"","format":"standard","meta":{"footnotes":"","_share_on_mastodon":"0"},"categories":[1830],"tags":[1634,2461,3364,29,30,61173,4085,1441,15389],"class_list":["post-1068199","post","type-post","status-publish","format-standard","has-post-thumbnail","category-stuttgart","tag-baden-wuerttemberg","tag-baustelle","tag-de","tag-deutschland","tag-germany","tag-pischekstrasse","tag-strassensperrung","tag-stuttgart","tag-stuttgart-ost"],"share_on_mastodon":{"url":"https:\/\/pubeurope.com\/@de\/116689302266704565","error":""},"_links":{"self":[{"href":"https:\/\/www.europesays.com\/de\/wp-json\/wp\/v2\/posts\/1068199","targetHints":{"allow":["GET"]}}],"collection":[{"href":"https:\/\/www.europesays.com\/de\/wp-json\/wp\/v2\/posts"}],"about":[{"href":"https:\/\/www.europesays.com\/de\/wp-json\/wp\/v2\/types\/post"}],"author":[{"embeddable":true,"href":"https:\/\/www.europesays.com\/de\/wp-json\/wp\/v2\/users\/2"}],"replies":[{"embeddable":true,"href":"https:\/\/www.europesays.com\/de\/wp-json\/wp\/v2\/comments?post=1068199"}],"version-history":[{"count":0,"href":"https:\/\/www.europesays.com\/de\/wp-json\/wp\/v2\/posts\/1068199\/revisions"}],"wp:featuredmedia":[{"embeddable":true,"href":"https:\/\/www.europesays.com\/de\/wp-json\/wp\/v2\/media\/4018"}],"wp:attachment":[{"href":"https:\/\/www.europesays.com\/de\/wp-json\/wp\/v2\/media?parent=1068199"}],"wp:term":[{"taxonomy":"category","embeddable":true,"href":"https:\/\/www.europesays.com\/de\/wp-json\/wp\/v2\/categories?post=1068199"},{"taxonomy":"post_tag","embeddable":true,"href":"https:\/\/www.europesays.com\/de\/wp-json\/wp\/v2\/tags?post=1068199"}],"curies":[{"name":"wp","href":"https:\/\/api.w.org\/{rel}","templated":true}]}}